
{"id":11040,"date":"2025-10-09T17:59:07","date_gmt":"2025-10-09T15:59:07","guid":{"rendered":"https:\/\/scf.se\/forbundet\/?p=11040"},"modified":"2025-10-09T18:02:01","modified_gmt":"2025-10-09T16:02:01","slug":"vi-firar-internationella-kvinnodagen-2026-med-cykellager-bara-for-damer","status":"publish","type":"post","link":"https:\/\/scf.se\/forbundet\/vi-firar-internationella-kvinnodagen-2026-med-cykellager-bara-for-damer\/","title":{"rendered":"Vi firar internationella kvinnodagen 2026 med cykell\u00e4ger bara f\u00f6r damer"},"content":{"rendered":"<p data-start=\"154\" data-end=\"536\"><strong>F\u00f6lj med till Gran Canaria p\u00e5 Svenska Cykelf\u00f6rbundets f\u00f6rsta cykelvecka f\u00f6r kvinnor \u2013 en satsning i samband med internationella kvinnodagen som infaller andra dagen p\u00e5 l\u00e4gret. Under en vecka f\u00e5r du utveckla din cykling i inspirerande milj\u00f6er med fokus p\u00e5 teknik, styrka och gemenskap. Boendet sker p\u00e5 ny\u00f6ppnade Monte Feliz, med tillg\u00e5ng till b\u00e5de tr\u00e4ningspass och \u00e5terh\u00e4mtning i toppklass.<\/strong><\/p>\n<p data-start=\"154\" data-end=\"536\">Cykelveckan bjuder p\u00e5 en kombination av tr\u00e4ning, kunskap och gemenskap \u2013 b\u00e5de p\u00e5 och av cykeln. Vi fokuserar p\u00e5 hela cykelf\u00f6rm\u00e5gan: uth\u00e5llighet, teknik och trygghet i gruppcykling. Pass och f\u00f6rel\u00e4sningar anpassas efter niv\u00e5 och m\u00e5l, s\u00e5 att alla deltagare f\u00e5r m\u00f6jlighet att utvecklas.<\/p>\n<p data-start=\"841\" data-end=\"1059\">Ut\u00f6ver cykelpassen erbjuds kompletterande tr\u00e4ning med fokus p\u00e5 r\u00f6rlighet och styrka, samt inspirerande f\u00f6rel\u00e4sningar. Deltagarna har \u00e4ven fri tillg\u00e5ng till Monte Feliz breda utbud av grupptr\u00e4ning f\u00f6r extra variation.<\/p>\n<p data-start=\"1061\" data-end=\"1193\">Sj\u00e4lvklart finns ocks\u00e5 tid f\u00f6r gemenskap och \u00e5terh\u00e4mtning \u2013 att umg\u00e5s, koppla av och njuta av milj\u00f6n \u00e4r en viktig del av helheten.<\/p>\n<p data-start=\"1195\" data-end=\"1516\">Vem kan delta? Resan riktar sig till kvinnor som \u00e4r aktiva motion\u00e4rer och vill ge cykel\u00e5ret 2026 en inspirerande start. Du har tidigare erfarenhet av racercykel och\/eller MTB och tr\u00e4nar cykel regelbundet. Terr\u00e4ngen f\u00f6r MTB motsvarar svenska l\u00e5nglopp, och p\u00e5 landsv\u00e4g sker cyklingen i grupper anpassade efter niv\u00e5.<\/p>\n<h2 id=\"Information om veckan \" class=\"Typography__mobile-headingS--24f8c Typography__desktop-headingS--24f8c \">Information om veckan<\/h2>\n<ul>\n<li class=\"Text_body__2viVY Text_preline__p22qL\"><b>Datum: <\/b>7\u201314 mars 2026<\/li>\n<li class=\"Text_body__2viVY Text_preline__p22qL\"><b>Avreseorter: <\/b>Stockholm, G\u00f6teborg och K\u00f6penhamn<\/li>\n<li class=\"Text_body__2viVY Text_preline__p22qL\"><b>Hotell: <\/b><em><strong><a class=\"Link__link--a9d70 Link__regular--a9d70 d-inline NextLink_inherit-font___ATCV\" href=\"https:\/\/www.apollo.se\/spanien\/kanarieoarna\/gran-canaria\/bahia-feliz\/hotell\/monte-feliz\" target=\"_self\">Monte Feliz<\/a><\/strong><\/em><\/li>\n<li><strong>Program<\/strong>: Fullst\u00e4ndigt och konkret program erh\u00e5lls tv\u00e5 veckor innan avresa.<\/li>\n<\/ul>\n<h3><a href=\"https:\/\/www.apollo.se\/resor\/traningsresor\/traningskalender\/cykelresa-svenska-cykelforbundet-monte-feliz\"><em>L\u00e4s mycket mer om l\u00e4gret, priser och boka h\u00e4r p\u00e5 Apollo Sports hemsida!<\/em><\/a><\/h3>\n<h3><a href=\"https:\/\/scf.se\/licenser\/\"><em>I cardskipper finns det en rabattkod p\u00e5 500 kronor, s\u00e5 har ni inte licens rekommenderas att skaffa motionslicens som ni har nytta av hela \u00e5ret, mer info h\u00e4r.<\/em><\/a><\/h3>\n<hr \/>\n<p data-start=\"638\" data-end=\"709\"><a href=\"https:\/\/scf.se\/licenser\/teckna\/\"><img loading=\"lazy\" decoding=\"async\" class=\"alignnone size-full wp-image-7197\" src=\"https:\/\/scf.se\/forbundet\/wp-content\/uploads\/sites\/9\/2024\/03\/Kop-licens-cykelmagasinet4.jpg\" alt=\"\" width=\"2000\" height=\"655\" srcset=\"https:\/\/scf.se\/forbundet\/wp-content\/uploads\/sites\/9\/2024\/03\/Kop-licens-cykelmagasinet4.jpg 2000w, https:\/\/scf.se\/forbundet\/wp-content\/uploads\/sites\/9\/2024\/03\/Kop-licens-cykelmagasinet4-300x98.jpg 300w, https:\/\/scf.se\/forbundet\/wp-content\/uploads\/sites\/9\/2024\/03\/Kop-licens-cykelmagasinet4-1024x335.jpg 1024w, https:\/\/scf.se\/forbundet\/wp-content\/uploads\/sites\/9\/2024\/03\/Kop-licens-cykelmagasinet4-768x252.jpg 768w, https:\/\/scf.se\/forbundet\/wp-content\/uploads\/sites\/9\/2024\/03\/Kop-licens-cykelmagasinet4-1536x503.jpg 1536w\" sizes=\"auto, (max-width: 2000px) 100vw, 2000px\" \/><\/a><\/p>\n<p>&nbsp;<\/p>\n","protected":false},"excerpt":{"rendered":"<p>F\u00f6lj med till Gran Canaria p\u00e5 Svenska Cykelf\u00f6rbundets f\u00f6rsta cykelvecka f\u00f6r kvinnor \u2013 en satsning i samband med internationella kvinnodagen som infaller andra dagen p\u00e5 l\u00e4gret. Under en vecka f\u00e5r du utveckla din cykling i inspirerande milj\u00f6er med fokus p\u00e5 teknik, styrka och gemenskap. Boendet sker p\u00e5 ny\u00f6ppnade Monte Feliz, med tillg\u00e5ng till b\u00e5de<a href=\"https:\/\/scf.se\/forbundet\/vi-firar-internationella-kvinnodagen-2026-med-cykellager-bara-for-damer\/\" class=\"news-card__more\"> &#8230;<\/a><\/p>\n","protected":false},"author":41,"featured_media":10917,"comment_status":"open","ping_status":"open","sticky":false,"template":"","format":"standard","meta":{"_acf_changed":false,"footnotes":""},"categories":[1],"tags":[],"class_list":["post-11040","post","type-post","status-publish","format-standard","hentry","category-forbundet"],"acf":[],"_links":{"self":[{"href":"https:\/\/scf.se\/forbundet\/wp-json\/wp\/v2\/posts\/11040","targetHints":{"allow":["GET"]}}],"collection":[{"href":"https:\/\/scf.se\/forbundet\/wp-json\/wp\/v2\/posts"}],"about":[{"href":"https:\/\/scf.se\/forbundet\/wp-json\/wp\/v2\/types\/post"}],"author":[{"embeddable":true,"href":"https:\/\/scf.se\/forbundet\/wp-json\/wp\/v2\/users\/41"}],"replies":[{"embeddable":true,"href":"https:\/\/scf.se\/forbundet\/wp-json\/wp\/v2\/comments?post=11040"}],"version-history":[{"count":3,"href":"https:\/\/scf.se\/forbundet\/wp-json\/wp\/v2\/posts\/11040\/revisions"}],"predecessor-version":[{"id":11043,"href":"https:\/\/scf.se\/forbundet\/wp-json\/wp\/v2\/posts\/11040\/revisions\/11043"}],"wp:featuredmedia":[{"embeddable":true,"href":"https:\/\/scf.se\/forbundet\/wp-json\/wp\/v2\/media\/10917"}],"wp:attachment":[{"href":"https:\/\/scf.se\/forbundet\/wp-json\/wp\/v2\/media?parent=11040"}],"wp:term":[{"taxonomy":"category","embeddable":true,"href":"https:\/\/scf.se\/forbundet\/wp-json\/wp\/v2\/categories?post=11040"},{"taxonomy":"post_tag","embeddable":true,"href":"https:\/\/scf.se\/forbundet\/wp-json\/wp\/v2\/tags?post=11040"}],"curies":[{"name":"wp","href":"https:\/\/api.w.org\/{rel}","templated":true}]}}