
{"id":10835,"date":"2025-08-26T17:44:30","date_gmt":"2025-08-26T15:44:30","guid":{"rendered":"https:\/\/scf.se\/forbundet\/?p=10835"},"modified":"2025-08-26T17:49:58","modified_gmt":"2025-08-26T15:49:58","slug":"styrelsemote-tog-upp-ekonomi-fina-arrangemang-och-jamstalldhet","status":"publish","type":"post","link":"https:\/\/scf.se\/forbundet\/styrelsemote-tog-upp-ekonomi-fina-arrangemang-och-jamstalldhet\/","title":{"rendered":"Styrelsem\u00f6te tog upp ekonomi, fina arrangemang och j\u00e4mst\u00e4lldhet"},"content":{"rendered":"<p data-start=\"181\" data-end=\"324\"><strong>Svenska Cykelf\u00f6rbundets senaste styrelsem\u00f6te tog bland annat upp ekonomi, j\u00e4mst\u00e4lldhet, fina arrangemang och inspirerande svenska framg\u00e5ngar.<\/strong><\/p>\n<p data-start=\"326\" data-end=\"416\">S\u00e5 h\u00e4r sammanfattas m\u00f6tet av styrelseledam\u00f6terna Johanna Palmqvist och Jerker Moodysson.<\/p>\n<p><div class=\"video-wrapper\"><iframe loading=\"lazy\" title=\"Sammanfattning av SCF styrelsem\u00f6te 20250820\" width=\"500\" height=\"281\" src=\"https:\/\/www.youtube.com\/embed\/VfulPhSINCw?feature=oembed\" frameborder=\"0\" allow=\"accelerometer; autoplay; clipboard-write; encrypted-media; gyroscope; picture-in-picture; web-share\" referrerpolicy=\"strict-origin-when-cross-origin\" allowfullscreen><\/iframe><\/div><\/p>\n<p data-start=\"418\" data-end=\"606\">N\u00e4r det g\u00e4ller ekonomin var det bland annat sj\u00e4lvfinansieringsprojektet som stod p\u00e5 agendan. Intagning av \u00e5rsavgifter och utbildningar \u00e4r omr\u00e5den som m\u00e5ste f\u00f6ljas upp den n\u00e4rmaste tiden.<\/p>\n<p data-start=\"608\" data-end=\"713\">Det extra \u00e5rsm\u00f6te som f\u00f6reslogs redan p\u00e5 f\u00f6rbundsm\u00f6tet i mars kommer prelimin\u00e4rt att h\u00e5llas i november.<\/p>\n<p data-start=\"715\" data-end=\"814\">J\u00e4mst\u00e4lldhetsprojektet, som Malin Lindgren Henttonen ansvarar f\u00f6r, p\u00e5g\u00e5r som b\u00e4st med intervjuer.<\/p>\n<p data-start=\"816\" data-end=\"1025\">M\u00f6tet tog ocks\u00e5 upp storarrangemanget ungdoms-EM i mountainbike, d\u00e4r f\u00f6rst IKHP och sedan IF Hallby Cykel levererat m\u00e4sterskap som UEC var mycket n\u00f6jda med. Och vi blickar redan fram emot EM i G\u00f6teborg 2027.<\/p>\n<p data-start=\"1027\" data-end=\"1250\">Dessutom noterades svenska framg\u00e5ngar den senaste tiden \u2013 inte bara genom seniorstj\u00e4rnor som Jenny Rissveds och Jakob S\u00f6derqvist, utan \u00e4nda ner p\u00e5 ungdomsniv\u00e5, d\u00e4r Sverige exempelvis var fj\u00e4rde b\u00e4sta nation p\u00e5 n\u00e4mnda UEM.<\/p>\n<p data-start=\"1252\" data-end=\"1324\">Till sist tittar man p\u00e5 om gravel ska f\u00e5 ett eget tydligare regelverk.<\/p>\n<p data-start=\"1252\" data-end=\"1324\"><em>Text och foto: SCF<\/em><\/p>\n<hr \/>\n<p data-start=\"638\" data-end=\"709\"><a href=\"https:\/\/scf.se\/forbundet\/hjalp-oss-sprida-ny-digital-broschyr-om-motionslicensens-fordelar\/\"><img loading=\"lazy\" decoding=\"async\" class=\"alignnone size-full wp-image-7197\" src=\"https:\/\/scf.se\/forbundet\/wp-content\/uploads\/sites\/9\/2024\/03\/Kop-licens-cykelmagasinet4.jpg\" alt=\"\" width=\"2000\" height=\"655\" srcset=\"https:\/\/scf.se\/forbundet\/wp-content\/uploads\/sites\/9\/2024\/03\/Kop-licens-cykelmagasinet4.jpg 2000w, https:\/\/scf.se\/forbundet\/wp-content\/uploads\/sites\/9\/2024\/03\/Kop-licens-cykelmagasinet4-300x98.jpg 300w, https:\/\/scf.se\/forbundet\/wp-content\/uploads\/sites\/9\/2024\/03\/Kop-licens-cykelmagasinet4-1024x335.jpg 1024w, https:\/\/scf.se\/forbundet\/wp-content\/uploads\/sites\/9\/2024\/03\/Kop-licens-cykelmagasinet4-768x252.jpg 768w, https:\/\/scf.se\/forbundet\/wp-content\/uploads\/sites\/9\/2024\/03\/Kop-licens-cykelmagasinet4-1536x503.jpg 1536w\" sizes=\"auto, (max-width: 2000px) 100vw, 2000px\" \/><\/a><\/p>\n","protected":false},"excerpt":{"rendered":"<p>Svenska Cykelf\u00f6rbundets senaste styrelsem\u00f6te tog bland annat upp ekonomi, j\u00e4mst\u00e4lldhet, fina arrangemang och inspirerande svenska framg\u00e5ngar. S\u00e5 h\u00e4r sammanfattas m\u00f6tet av styrelseledam\u00f6terna Johanna Palmqvist och Jerker Moodysson. N\u00e4r det g\u00e4ller ekonomin var det bland annat sj\u00e4lvfinansieringsprojektet som stod p\u00e5 agendan. Intagning av \u00e5rsavgifter och utbildningar \u00e4r omr\u00e5den som m\u00e5ste f\u00f6ljas upp den n\u00e4rmaste tiden.<a href=\"https:\/\/scf.se\/forbundet\/styrelsemote-tog-upp-ekonomi-fina-arrangemang-och-jamstalldhet\/\" class=\"news-card__more\"> &#8230;<\/a><\/p>\n","protected":false},"author":41,"featured_media":10838,"comment_status":"open","ping_status":"open","sticky":true,"template":"","format":"standard","meta":{"_acf_changed":false,"footnotes":""},"categories":[1],"tags":[],"class_list":["post-10835","post","type-post","status-publish","format-standard","hentry","category-forbundet"],"acf":[],"_links":{"self":[{"href":"https:\/\/scf.se\/forbundet\/wp-json\/wp\/v2\/posts\/10835","targetHints":{"allow":["GET"]}}],"collection":[{"href":"https:\/\/scf.se\/forbundet\/wp-json\/wp\/v2\/posts"}],"about":[{"href":"https:\/\/scf.se\/forbundet\/wp-json\/wp\/v2\/types\/post"}],"author":[{"embeddable":true,"href":"https:\/\/scf.se\/forbundet\/wp-json\/wp\/v2\/users\/41"}],"replies":[{"embeddable":true,"href":"https:\/\/scf.se\/forbundet\/wp-json\/wp\/v2\/comments?post=10835"}],"version-history":[{"count":3,"href":"https:\/\/scf.se\/forbundet\/wp-json\/wp\/v2\/posts\/10835\/revisions"}],"predecessor-version":[{"id":10843,"href":"https:\/\/scf.se\/forbundet\/wp-json\/wp\/v2\/posts\/10835\/revisions\/10843"}],"wp:featuredmedia":[{"embeddable":true,"href":"https:\/\/scf.se\/forbundet\/wp-json\/wp\/v2\/media\/10838"}],"wp:attachment":[{"href":"https:\/\/scf.se\/forbundet\/wp-json\/wp\/v2\/media?parent=10835"}],"wp:term":[{"taxonomy":"category","embeddable":true,"href":"https:\/\/scf.se\/forbundet\/wp-json\/wp\/v2\/categories?post=10835"},{"taxonomy":"post_tag","embeddable":true,"href":"https:\/\/scf.se\/forbundet\/wp-json\/wp\/v2\/tags?post=10835"}],"curies":[{"name":"wp","href":"https:\/\/api.w.org\/{rel}","templated":true}]}}