
{"id":10762,"date":"2025-07-11T07:55:18","date_gmt":"2025-07-11T05:55:18","guid":{"rendered":"https:\/\/scf.se\/forbundet\/?p=10762"},"modified":"2025-07-11T12:50:26","modified_gmt":"2025-07-11T10:50:26","slug":"stor-sm-startar-med-gravel-och-sedan-mtb-fest-xce-ar-nyhet","status":"publish","type":"post","link":"https:\/\/scf.se\/forbundet\/stor-sm-startar-med-gravel-och-sedan-mtb-fest-xce-ar-nyhet\/","title":{"rendered":"Stor-SM \u00e5terstartar med hett gravel \u2013 Jakob S\u00f6derqvist till start"},"content":{"rendered":"<p data-start=\"100\" data-end=\"149\"><strong>Nu \u00e4r det h\u00f6g tid att anm\u00e4la sig till\u00a0 Stor-SM del 2! Det b\u00f6rjar 12 juli med gravel-SM i \u00c5senh\u00f6ga som \u00e4r st\u00e4ngd men forts\u00e4tter fram till den 20 juli \u2013 en vecka som bjuder p\u00e5 SM i b\u00e5de trial och XCO f\u00f6r ungdomar, master, juniorer och seniorer. Det blir en sprakande cykelfest! En het nyhet f\u00f6r i \u00e5r \u00e4r att det blir SM i XCE f\u00f6r ungdoms- och mastersklasserna. <\/strong><em>(Uppdaterad version 11\/7 med slutlig startlista gravel och aktuella startlistor XCM.)<\/em><\/p>\n<h3 data-start=\"100\" data-end=\"149\"><a href=\"https:\/\/www.storsm.se\/resultat\"><em>F\u00f6rutom i Sportstiming finns det nu en samlad resultatservice h\u00e4r p\u00e5 arrang\u00f6rens utm\u00e4rkta hemsida!<\/em><\/a><\/h3>\n<p data-start=\"100\" data-end=\"149\">2025 \u00e4r f\u00f6rsta \u00e5ret som Svenska Cykelf\u00f6rbundet samlar flera svenska m\u00e4sterskap i cykel p\u00e5 samma tv\u00e5 platser, Isaberg och V\u00e4rnamo.<\/p>\n<p data-start=\"100\" data-end=\"149\">Arang\u00f6rer av SM-t\u00e4vlingarna \u00e4r MIX Sports Club och Isaberg Trail. Pumptrack och downhill var f\u00f6rst ut och en succ\u00e9.<\/p>\n<p data-start=\"100\" data-end=\"149\">Visionen \u00e4r ocks\u00e5 att g\u00f6ra Stor-SM 2025 till en riktig cykelfest. F\u00f6rhoppningen \u00e4r att b\u00e5de t\u00e4vlande och publik ska f\u00e5 chansen att uppt\u00e4cka och njuta av \u00e4nnu mer cykling.<\/p>\n<p>V\u00e4lkomna till Stor-SM 2025, som k\u00f6rs enligt f\u00f6ljande!<\/p>\n<h2>S\u00e5 k\u00f6rs Stor-SM 2025<\/h2>\n<ul>\n<li><strong data-start=\"63\" data-end=\"74\">10 maj:<\/strong> <strong>Pumptrack, Isaberg Mountain Resort.<\/strong><br \/>\n<a href=\"https:\/\/www.sportstiming.se\/event\/16054\"><em><strong>Resultat hittar ni h\u00e4r.\u00a0<\/strong><\/em><\/a><\/li>\n<li><strong data-start=\"112\" data-end=\"123\">11 maj:<\/strong> <strong>Downhill, Isaberg Mountain Resort.<\/strong> <em><strong><br \/>\n<a href=\"https:\/\/www.sportstiming.se\/event\/16055\">Resultat hittar ni h\u00e4r.<\/a><\/strong><\/em><\/li>\n<li><strong data-start=\"160\" data-end=\"172\" data-is-only-node=\"\">12 juli:<\/strong> <strong>Gravel<\/strong>, <strong>\u00c5senh\u00f6ga<\/strong>.<br \/>\nAnm\u00e4lan st\u00e4nger kl 15:00 torsdag 10 juli. Extra efteranm\u00e4lningsavgift fr\u00e5n s\u00f6ndag 6 juli kl 23.59.<br \/>\n<a href=\"https:\/\/www.storsm.se\/kopia-p%C3%A5-downhill\"><em><strong>L\u00e4s mycket mer och l\u00e4nk till anm\u00e4lan.<\/strong><\/em><\/a><\/li>\n<li><strong data-start=\"192\" data-end=\"204\">14 juli:<\/strong> <strong>XCM<\/strong>, <strong>Borgen Outdoor, V\u00e4rnamo<\/strong>.<br \/>\nOrdinarie anm\u00e4lan st\u00e4nger tisdag 8 juli. Efteranm\u00e4lan m\u00f6jligt fram till 12 juli kl 1500.<br \/>\n<a href=\"https:\/\/www.storsm.se\/kopia-p%C3%A5-gravel\"><em><strong>L\u00e4s mycket mer, som karta \u00f6ver bana och l\u00e4nk till anm\u00e4lan, h\u00e4r!<\/strong><\/em><\/a><\/li>\n<li><strong data-start=\"236\" data-end=\"251\">16 juli:<\/strong> <strong>XCC, Borgen Arena V\u00e4rnamo.<\/strong><br \/>\nRegistrering st\u00e4nger den 10 juli 15.00. Efteranm\u00e4lan m\u00f6jligt fram till 15 juli kl 15.00.<br \/>\n<a href=\"https:\/\/www.sportstiming.se\/event\/16371\"><em><strong>L\u00e4s mycket mer och l\u00e4nk till anm\u00e4lan.<\/strong><\/em><\/a><\/li>\n<li><strong data-start=\"236\" data-end=\"251\">17 juli:<\/strong> <strong><strong><strong>XCE, Borgen Arena V\u00e4rnamo.<br \/>\n<\/strong><\/strong><\/strong>SM-status i F\/P 15-16, F\/P 13-14, D\/H 30, D\/H 40, D\/H 50 och D\/H 60. Samtidigt arrangeras Borgen XCE f\u00f6r de yngre klasserna F\/P9-10 och F\/P11-12, men det blir inga t\u00e4vlingar f\u00f6r junior\/senior som gjorde upp om SM-medaljerna under SM-veckan i Norrk\u00f6ping.<strong><strong><br \/>\n<\/strong><\/strong>Anm\u00e4lningstiden utg\u00e5r 10 juli. Efteranm\u00e4lan m\u00f6jligt fram till 15 juli kl 15.00.<br \/>\n<a href=\"https:\/\/www.sportstiming.se\/event\/16371\"><em><strong>L\u00e4s mycket mer och l\u00e4nk till anm\u00e4lan.<\/strong><\/em><\/a><\/li>\n<li><strong data-start=\"236\" data-end=\"251\">18 juli:<\/strong> <strong>XCR, Borgen Arena V\u00e4rnamo.<\/strong><br \/>\nObservera att ordinarie anm\u00e4lningstiden g\u00e5r ut den 9 juli. Registrering efteranm\u00e4lan st\u00e4nger den 16 juli 15.00.<br \/>\n<a href=\"https:\/\/www.sportstiming.se\/event\/16365\"><em><strong>L\u00e4s mycket mer och l\u00e4nk till anm\u00e4lan.<\/strong><\/em><\/a><\/li>\n<li><strong data-start=\"236\" data-end=\"251\">18\u201320 juli:<\/strong> <strong>XCO, Borgen Arena V\u00e4rnamo.<br \/>\n<\/strong>18 juni: De yngsta klasserna (ej SM) och D\/H Sport.<br \/>\n19 juni: Ungdomar flickor\/pojkar 13\u201314 och P\/F 15\u201316, mastersklasser D\/H 30 till D\/H 60.<br \/>\n20 juni: 11.00 XCO herrjunior, 12.30 damsenior och damjunior samt 14.30 herrsenior.<br \/>\n<a href=\"https:\/\/www.sportstiming.se\/event\/16356\"><em><strong>L\u00e4s mycket mer om anm\u00e4lningstider och l\u00e4nk till anm\u00e4lan h\u00e4r.<\/strong><\/em><\/a><\/li>\n<li><strong data-start=\"311\" data-end=\"323\"><strong data-start=\"311\" data-end=\"323\">19 juli: Trial, Borgen Outdoor, V\u00e4rnamo.<br \/>\n<\/strong><\/strong>Anm\u00e4lningstiden utg\u00e5r 13 juli. Efteranm\u00e4lan med f\u00f6rh\u00f6jd avgift m\u00f6jligt fram till 17 juli kl 15.00.<br \/>\n<a href=\"https:\/\/www.sportstiming.se\/event\/16416\"><em><strong>L\u00e4s mycket mer och l\u00e4nk till anm\u00e4lan.<\/strong><\/em><\/a><strong data-start=\"357\" data-end=\"374\"><br \/>\n28 september:<\/strong> <strong>Enduro, Isaberg Mountain Resort.<\/strong><br \/>\n<a href=\"https:\/\/www.storsm.se\/kopia-p%C3%A5-trial\"><em><strong>Mera info och l\u00e4nk till anm\u00e4lan finns redan ute!<\/strong><\/em><\/a><\/li>\n<\/ul>\n<h3><a href=\"https:\/\/www.storsm.se\/\"><em>Missa heller inte arrang\u00f6rens riktigt bra hemsida: https:\/\/www.storsm.se\/<\/em><\/a><\/h3>\n<h2>* * *<\/h2>\n<a href=\"https:\/\/scf.se\/forbundet\/wp-content\/uploads\/sites\/9\/2025\/07\/Eklund.jpg\"><img loading=\"lazy\" decoding=\"async\" class=\"alignnone size-full wp-image-10770\" src=\"https:\/\/scf.se\/forbundet\/wp-content\/uploads\/sites\/9\/2025\/07\/Eklund.jpg\" alt=\"\" width=\"1170\" height=\"1331\" srcset=\"https:\/\/scf.se\/forbundet\/wp-content\/uploads\/sites\/9\/2025\/07\/Eklund.jpg 1170w, https:\/\/scf.se\/forbundet\/wp-content\/uploads\/sites\/9\/2025\/07\/Eklund-264x300.jpg 264w, https:\/\/scf.se\/forbundet\/wp-content\/uploads\/sites\/9\/2025\/07\/Eklund-900x1024.jpg 900w, https:\/\/scf.se\/forbundet\/wp-content\/uploads\/sites\/9\/2025\/07\/Eklund-768x874.jpg 768w\" sizes=\"auto, (max-width: 1170px) 100vw, 1170px\" \/><\/a>\n<h2>Flera starka namn redo f\u00f6r gravel-SM som inleder \u00e5terstarten av Stor-SM<\/h2>\n<p>Det b\u00f6rjar allts\u00e5 med gravel-SM och redan tv\u00e5 dagar efter k\u00f6rs XCM. Sverige har inte minst i \u00e5r en handfull rej\u00e4lt starka gravelcyklister p\u00e5 damsidan. N\u00e5gra av favoriterna som redan \u00e4r anm\u00e4lda \u00e4r Nathalie Eklund, Hanna Nilsson och Hanna Johansson.<\/p>\n<p>Hanna Nilsson har vunnit i\u00a0UCI Gravel World Series i Polen och har \u00e4ven en sjundeplats i Tyskland. Nathalie Eklund vann redan f\u00f6rra \u00e5ret och har fina internationella resultat i \u00e5r d\u00e5 det har varit gravel som g\u00e4llt och det h\u00e4r \u00e4r en fin resultatrad:<\/p>\n<ul>\n<li>7: UCI Gravel World Series, Marly Gravel Race (Frankrike), 130 km.<\/li>\n<li>18: Unbound gravel (USA), s\u00e5 l\u00e5ngt som 326 km och extremt prestigefyllt inom gravelsporten.<\/li>\n<li>7: i UCI Gravel World Series, Blaavands Huk (Danmark), 130 km.<\/li>\n<\/ul>\n<p>S\u00e5v\u00e4l Nathalie Eklund som Hanna Johansson fanns med i f\u00f6rstaklungan och var topp tio i ett mycket fint linjelopp p\u00e5 landsv\u00e4gs-SM utanf\u00f6r Uppsala i s\u00f6ndags. Karin S\u00f6derqvist, som strax innan SM bytte internationellt stall till norska Team Coop-Repsol, kom in som sent anm\u00e4ld och s\u00e4llar sig till en p\u00e5tagligt stor favoritskara trots ett startf\u00e4lt p\u00e5 bara 11 cyklister. Ni h\u00f6r, BRA klass p\u00e5 gravel-SM!<\/p>\n<h3 data-start=\"231\" data-end=\"255\"><strong data-start=\"231\" data-end=\"255\">Startlista gravel-SM damelit<\/strong><\/h3>\n<ol>\n<li data-start=\"289\" data-end=\"330\"><strong data-start=\"289\" data-end=\"308\">Nathalie Eklund<\/strong>, 58&amp;fam Racing Club<\/li>\n<li data-start=\"334\" data-end=\"372\"><strong data-start=\"334\" data-end=\"355\">Caroline Sj\u00f6str\u00f6m<\/strong>, Herrljunga CK<\/li>\n<li data-start=\"376\" data-end=\"417\"><strong data-start=\"376\" data-end=\"396\">Therese Fjord\u00e4ng<\/strong>, \u00d6rebrocyklisterna<\/li>\n<li data-start=\"421\" data-end=\"461\"><strong data-start=\"421\" data-end=\"439\">Maja Johansson<\/strong>, 58&amp;fam Racing Club<\/li>\n<li data-start=\"465\" data-end=\"499\"><strong data-start=\"465\" data-end=\"484\">Hanna Johansson<\/strong>, Hammarby CK<\/li>\n<li data-start=\"503\" data-end=\"556\"><strong data-start=\"503\" data-end=\"520\">Hanna Nilsson<\/strong>, \u00c5hus CK \/ Sartoria Ciclistica S.<\/li>\n<li data-start=\"560\" data-end=\"598\"><strong data-start=\"560\" data-end=\"581\">Ingrid Kjellstr\u00f6m<\/strong>, IF Hallby SOK<\/li>\n<li data-start=\"602\" data-end=\"640\"><strong data-start=\"602\" data-end=\"619\">Malin Jansson<\/strong>, \u00d6rebrocyklisterna<\/li>\n<li data-start=\"644\" data-end=\"676\"><strong data-start=\"644\" data-end=\"663\">Linda Jacobsson<\/strong>, CK Master<\/li>\n<li data-start=\"681\" data-end=\"721\"><strong data-start=\"681\" data-end=\"699\">Julia Lundberg<\/strong>, 58&amp;fam Racing Club<\/li>\n<li data-start=\"726\" data-end=\"761\"><strong data-start=\"726\" data-end=\"746\">Karin S\u00f6derqvist<\/strong>, Motala AIF CK<\/li>\n<\/ol>\n<p>Michael Tjulander och Richard Lars\u00e9n \u00e4r anm\u00e4lda f\u00f6r att g\u00f6ra den r\u00e4tt tuffa dubbleringen med gravel och XCM. En som brukar tr\u00e4na mycket p\u00e5 vintriga grusv\u00e4gar p\u00e5 f\u00f6rs\u00e4songen \u00e4r Jakob S\u00f6derqvist, som \u00e4r proffs i Lidl-Trek och i SM-sammanhang k\u00f6r f\u00f6r Sundsvallscyklisterna. Jakob g\u00f6r en mycket intressant start och med \u00e5rets Paris-Roubaix U23 i \u00e5tanke \u00e4r han p\u00e5 papperet huvudfavorit f\u00f6re Tjulander, som har vunnit de b\u00e5da SWE Cup-t\u00e4vlingarna som har k\u00f6rts i M\u00f6nster\u00e5s och Nora.<\/p>\n<h3 data-start=\"231\" data-end=\"255\"><strong data-start=\"231\" data-end=\"255\">Startlista gravel-SM herrelit<\/strong><\/h3>\n<ol>\n<li data-start=\"260\" data-end=\"301\"><strong data-start=\"260\" data-end=\"281\">Michael Tjulander<\/strong>, 444 Cycling Club<\/li>\n<li data-start=\"305\" data-end=\"341\"><strong data-start=\"305\" data-end=\"328\">Kristoffer S\u00e4fstr\u00f6m<\/strong>, CK Master<\/li>\n<li data-start=\"345\" data-end=\"373\"><strong data-start=\"345\" data-end=\"361\">Lukas Merkel<\/strong>, CK Hymer<\/li>\n<li data-start=\"377\" data-end=\"407\"><strong data-start=\"377\" data-end=\"394\">Filip Persson<\/strong>, CK Ringen<\/li>\n<li data-start=\"411\" data-end=\"443\"><strong data-start=\"411\" data-end=\"426\">Hugo Porath<\/strong>, Camp Dalsland<\/li>\n<li data-start=\"447\" data-end=\"479\"><strong data-start=\"447\" data-end=\"461\">Filip M\u00e5rd<\/strong>, L\u00e4nna Sport CK<\/li>\n<li data-start=\"483\" data-end=\"521\"><strong data-start=\"483\" data-end=\"501\">Filip Thunberg<\/strong>, 444 Cycling Club<\/li>\n<li data-start=\"525\" data-end=\"570\"><strong data-start=\"525\" data-end=\"545\">Jakob S\u00f6derqvist<\/strong>, Sundsvallscyklisterna<\/li>\n<li data-start=\"574\" data-end=\"604\"><strong data-start=\"574\" data-end=\"592\">Richard Larsen<\/strong>, Umara SC<\/li>\n<li data-start=\"609\" data-end=\"636\"><strong data-start=\"609\" data-end=\"626\">Joakim Sahl\u00e9n<\/strong>, Hallby<\/li>\n<li data-start=\"641\" data-end=\"681\"><strong data-start=\"641\" data-end=\"665\">Sebastian Pettersson<\/strong>, Finsp\u00e5ngs CA<\/li>\n<li data-start=\"686\" data-end=\"732\"><strong data-start=\"686\" data-end=\"710\">Isak Fjordell-Nordin<\/strong>, BAUHAUS Sportklubb<\/li>\n<li data-start=\"737\" data-end=\"777\"><strong data-start=\"737\" data-end=\"760\">Jasper Van Der Ster<\/strong>, J\u00f6nk\u00f6pings CK<\/li>\n<li data-start=\"782\" data-end=\"814\"><strong data-start=\"782\" data-end=\"801\">Albin De Koster<\/strong>, CK Ringen<\/li>\n<li data-start=\"819\" data-end=\"849\"><strong data-start=\"819\" data-end=\"836\">Axel K\u00e4llberg<\/strong>, CK Ringen<\/li>\n<li data-start=\"854\" data-end=\"890\"><strong data-start=\"854\" data-end=\"879\">Christoffer Lindstr\u00f6m<\/strong>, Team UV<\/li>\n<li data-start=\"895\" data-end=\"927\"><strong data-start=\"895\" data-end=\"915\">Oskar Pettersson<\/strong>, CK Hymer<\/li>\n<li data-start=\"932\" data-end=\"961\"><strong data-start=\"932\" data-end=\"949\">Joel Elofsson<\/strong>, CK Hymer<\/li>\n<li data-start=\"966\" data-end=\"999\"><strong data-start=\"966\" data-end=\"978\">Emil Odd<\/strong>, \u00d6rebrocyklisterna<\/li>\n<li data-start=\"1004\" data-end=\"1040\"><strong data-start=\"1004\" data-end=\"1024\">Elias Gustafsson<\/strong>, CK W\u00e4nershof<\/li>\n<li data-start=\"1045\" data-end=\"1097\"><strong data-start=\"1045\" data-end=\"1064\">Jesper Svensson<\/strong>, Tr\u00e4ningskonsulten Sports Club<\/li>\n<li data-start=\"1102\" data-end=\"1134\"><strong data-start=\"1102\" data-end=\"1117\">Samuel Lord<\/strong>, G\u00e5nghester CK<\/li>\n<li data-start=\"1139\" data-end=\"1176\"><strong data-start=\"1139\" data-end=\"1159\">Benjamin Hendler<\/strong>, S\u00f6dert\u00e4lje CK<\/li>\n<li data-start=\"1181\" data-end=\"1210\"><strong data-start=\"1181\" data-end=\"1198\">Eric Pedersen<\/strong>, Motala AIF<\/li>\n<\/ol>\n<h3>* * *<\/h3>\n<a href=\"https:\/\/scf.se\/forbundet\/wp-content\/uploads\/sites\/9\/2025\/07\/XCMem2.jpg\"><img loading=\"lazy\" decoding=\"async\" class=\"alignnone size-full wp-image-10794\" src=\"https:\/\/scf.se\/forbundet\/wp-content\/uploads\/sites\/9\/2025\/07\/XCMem2.jpg\" alt=\"\" width=\"1700\" height=\"1925\" srcset=\"https:\/\/scf.se\/forbundet\/wp-content\/uploads\/sites\/9\/2025\/07\/XCMem2.jpg 1700w, https:\/\/scf.se\/forbundet\/wp-content\/uploads\/sites\/9\/2025\/07\/XCMem2-265x300.jpg 265w, https:\/\/scf.se\/forbundet\/wp-content\/uploads\/sites\/9\/2025\/07\/XCMem2-904x1024.jpg 904w, https:\/\/scf.se\/forbundet\/wp-content\/uploads\/sites\/9\/2025\/07\/XCMem2-768x870.jpg 768w, https:\/\/scf.se\/forbundet\/wp-content\/uploads\/sites\/9\/2025\/07\/XCMem2-1356x1536.jpg 1356w\" sizes=\"auto, (max-width: 1700px) 100vw, 1700px\" \/><\/a>\n<h2>Tv\u00e5 huvudfavoriter i damernas XCM \u2013 m\u00e5nga om medaljerna i herrelit<\/h2>\n<p>Amanda Bohlin, Umara Sports Club, som har k\u00f6rt riktigt bra internationellt b\u00e5de i gravel och XCM, harr krock med v\u00e4rldscupen men kommer till start p\u00e5 XCM-SM. Favorit d\u00e4r tillsammans med Terese Andersson, Camp Dalsland, som har flera topp tio-placeringar p\u00e5 internationella m\u00e4sterskap. Just nu ser XCM-startlistan ut s\u00e5 h\u00e4r p\u00e5 damsidan:<\/p>\n<ul>\n<li data-start=\"31\" data-end=\"69\"><strong data-start=\"31\" data-end=\"48\">Amanda Bohlin<\/strong>, Umara Sports Club<\/li>\n<li data-start=\"73\" data-end=\"110\"><strong data-start=\"73\" data-end=\"91\">Carolina Licht<\/strong>, Mix Sports Club<\/li>\n<li data-start=\"114\" data-end=\"152\"><strong data-start=\"114\" data-end=\"133\">Sandra Salinger<\/strong>, Mix Sports Club<\/li>\n<li data-start=\"156\" data-end=\"193\"><strong data-start=\"156\" data-end=\"176\">Terese Andersson<\/strong>, Camp Dalsland<\/li>\n<li data-start=\"197\" data-end=\"227\"><strong data-start=\"197\" data-end=\"215\">Anna Johansson<\/strong>, CK Hymer<\/li>\n<li data-start=\"231\" data-end=\"281\"><strong data-start=\"231\" data-end=\"249\">Nellie Larsson<\/strong>, Team Motorhalland\/Bukten MTB<\/li>\n<li data-start=\"285\" data-end=\"319\"><strong data-start=\"285\" data-end=\"303\">Johanna Wallin<\/strong>, She Rides CK<\/li>\n<li data-start=\"323\" data-end=\"357\"><strong data-start=\"323\" data-end=\"342\">Maria Silfwerin<\/strong>, CSK Ludvika<\/li>\n<li data-start=\"361\" data-end=\"395\"><strong data-start=\"361\" data-end=\"379\">Stina Hagstr\u00f6m<\/strong>, She Rides CK<\/li>\n<li data-start=\"400\" data-end=\"436\"><strong data-start=\"400\" data-end=\"421\">Cecilia Czarnecki<\/strong>, Norbergs CK<\/li>\n<li data-start=\"441\" data-end=\"472\"><strong data-start=\"441\" data-end=\"457\">Alva Felldin<\/strong>, V\u00e4ster\u00e5s CK<\/li>\n<li data-start=\"477\" data-end=\"513\"><strong data-start=\"477\" data-end=\"498\">Ingrid Kjellstr\u00f6m<\/strong>, IF Hallby SOK<\/li>\n<\/ul>\n<p>Och i herrelitens XCM finns det r\u00e4tt m\u00e5nga som kan ta medalj av de som har hunnit anm\u00e4la sig. Veteranen Matthias Wengelin, Viktor Lindqvist, Axel Lindh, Johan Nor\u00e9n som k\u00f6r XCM och inte gravel, Erik \u00c5kesson, Richard Lars\u00e9n, Filip M\u00e5rd&#8230;ja, det kan minst sagt bli m\u00e5nga om budet d\u00e4r. Och vi f\u00e5r se n\u00e4r efteranm\u00e4lan st\u00e4ngs om n\u00e5gon ytterligare har tillkommit.<\/p>\n<ul>\n<li data-start=\"31\" data-end=\"72\"><strong data-start=\"31\" data-end=\"52\">Michael Tjulander<\/strong>, 444 Cycling Club<\/li>\n<li data-start=\"76\" data-end=\"123\"><strong data-start=\"76\" data-end=\"90\">Erik Z\u00e4lle<\/strong>, Tr\u00e4ningskonsulten Sports Club<\/li>\n<li data-start=\"127\" data-end=\"157\"><strong data-start=\"127\" data-end=\"145\">M\u00e5ns Alvarsson<\/strong>, CK Hymer<\/li>\n<li data-start=\"161\" data-end=\"212\"><strong data-start=\"161\" data-end=\"179\">Gustav Wallman<\/strong>, Kolm\u00e5rdens Mountainbike Klubb<\/li>\n<li data-start=\"216\" data-end=\"250\"><strong data-start=\"216\" data-end=\"235\">Andr\u00e9 Czarnecki<\/strong>, Norbergs CK<\/li>\n<li data-start=\"254\" data-end=\"283\"><strong data-start=\"254\" data-end=\"271\">Adam Engstr\u00f6m<\/strong>, CK Hymer<\/li>\n<li data-start=\"287\" data-end=\"315\"><strong data-start=\"287\" data-end=\"303\">Lukas Merkel<\/strong>, CK Hymer<\/li>\n<li data-start=\"319\" data-end=\"370\"><strong data-start=\"319\" data-end=\"338\">Emil Martinsson<\/strong>, Lindgren Racing Cykling Club<\/li>\n<li data-start=\"374\" data-end=\"420\"><strong data-start=\"374\" data-end=\"394\">Viktor Lindqvist<\/strong>, L\u00e4nna Sport Cykelklubb<\/li>\n<li data-start=\"425\" data-end=\"476\"><strong data-start=\"425\" data-end=\"442\">Filip Eidemar<\/strong>, \u00d6rebrocyklisterna \/ Team Norra<\/li>\n<li data-start=\"481\" data-end=\"512\"><strong data-start=\"481\" data-end=\"500\">Carl Pettersson<\/strong>, CK Hymer<\/li>\n<li data-start=\"517\" data-end=\"564\"><strong data-start=\"517\" data-end=\"538\">Matthias Wengelin<\/strong>, L\u00e4nna Sport Cykelklubb<\/li>\n<li data-start=\"569\" data-end=\"613\"><strong data-start=\"569\" data-end=\"587\">Erik Funkquist<\/strong>, Kia Merida Racing Team<\/li>\n<li data-start=\"618\" data-end=\"655\"><strong data-start=\"618\" data-end=\"637\">Oliver Lindblom<\/strong>, SK Bore Torsby<\/li>\n<li data-start=\"660\" data-end=\"694\"><strong data-start=\"660\" data-end=\"677\">Axel Bj\u00f6rnsj\u00f6<\/strong>, S\u00f6dert\u00e4lje CK<\/li>\n<li data-start=\"699\" data-end=\"735\"><strong data-start=\"699\" data-end=\"722\">Kristoffer S\u00e4fstr\u00f6m<\/strong>, CK Master<\/li>\n<li data-start=\"740\" data-end=\"785\"><strong data-start=\"740\" data-end=\"760\">Jakob S\u00f6derqvist<\/strong>, Sundsvallscyklisterna<\/li>\n<li data-start=\"790\" data-end=\"824\"><strong data-start=\"790\" data-end=\"809\">William H\u00f6gberg<\/strong>, OK Hammaren<\/li>\n<li data-start=\"829\" data-end=\"859\"><strong data-start=\"829\" data-end=\"847\">Richard Lars\u00e9n<\/strong>, Umara SC<\/li>\n<li data-start=\"864\" data-end=\"899\"><strong data-start=\"864\" data-end=\"878\">Axel Lindh<\/strong>, \u00d6rebrocyklisterna<\/li>\n<li data-start=\"904\" data-end=\"937\"><strong data-start=\"904\" data-end=\"923\">Melker Eriksson<\/strong>, Wexi\u00f6 Velo<\/li>\n<li data-start=\"942\" data-end=\"976\"><strong data-start=\"942\" data-end=\"957\">Anton Olars<\/strong>, Falu Cykelklubb<\/li>\n<li data-start=\"981\" data-end=\"1017\"><strong data-start=\"981\" data-end=\"1001\">Casper Johansson<\/strong>, Varbergs MTB<\/li>\n<li data-start=\"1022\" data-end=\"1049\"><strong data-start=\"1022\" data-end=\"1039\">Joakim Sahl\u00e9n<\/strong>, Hallby<\/li>\n<li data-start=\"1054\" data-end=\"1094\"><strong data-start=\"1054\" data-end=\"1070\">Erik \u00c5kesson<\/strong>, Evolite Cycling Club<\/li>\n<li data-start=\"1099\" data-end=\"1144\"><strong data-start=\"1099\" data-end=\"1120\">Oliver Vesterlund<\/strong>, Evolite Cycling Club<\/li>\n<li data-start=\"1149\" data-end=\"1195\"><strong data-start=\"1149\" data-end=\"1173\">Isak Fjordell-Nordin<\/strong>, BAUHAUS Sportklubb<\/li>\n<li data-start=\"1200\" data-end=\"1232\"><strong data-start=\"1200\" data-end=\"1215\">Hugo Porath<\/strong>, Camp Dalsland<\/li>\n<li data-start=\"1237\" data-end=\"1269\"><strong data-start=\"1237\" data-end=\"1251\">Filip M\u00e5rd<\/strong>, L\u00e4nna Sport CK<\/li>\n<li data-start=\"1274\" data-end=\"1326\"><strong data-start=\"1274\" data-end=\"1292\">David Stomberg<\/strong>, \u00d6rebrocyklisterna \/ Team Norra<\/li>\n<li data-start=\"1331\" data-end=\"1369\"><strong data-start=\"1331\" data-end=\"1346\">Johan Nor\u00e9n<\/strong>, Serneke Allebike CK<\/li>\n<li data-start=\"1374\" data-end=\"1425\"><strong data-start=\"1374\" data-end=\"1394\">Viktor Henrysson<\/strong>, Tr\u00e4ningskonsulten Sports Club<\/li>\n<\/ul>\n<p><a href=\"https:\/\/www.sportstiming.se\/event\/16369\/page\/inbjudan\"><strong><em>Efteranm\u00e4lan mot f\u00f6rh\u00f6jd avgift i XCM som sagt m\u00f6jligt fram till kl 15.00 l\u00f6rdag 12 juli <\/em><\/strong><\/a><em>(men licens beh\u00f6vs finnas registrerad innan ordinarie anm\u00e4lan gick ut 7 juli).<\/em><\/p>\n<p>Det \u00e4r SM-status \u00e4ven f\u00f6r junior och ett antal mastersklasser. M\u00e4startr\u00f6jor i D\/H-Senior H\/D U23 samt herrunior.<\/p>\n<p><em>Text: SCF<br \/>\nFoto: SCF och Maja Johansson<\/em><\/p>\n","protected":false},"excerpt":{"rendered":"<p>Nu \u00e4r det h\u00f6g tid att anm\u00e4la sig till\u00a0 Stor-SM del 2! Det b\u00f6rjar 12 juli med gravel-SM i \u00c5senh\u00f6ga som \u00e4r st\u00e4ngd men forts\u00e4tter fram till den 20 juli \u2013 en vecka som bjuder p\u00e5 SM i b\u00e5de trial och XCO f\u00f6r ungdomar, master, juniorer och seniorer. Det blir en sprakande cykelfest! En<a href=\"https:\/\/scf.se\/forbundet\/stor-sm-startar-med-gravel-och-sedan-mtb-fest-xce-ar-nyhet\/\" class=\"news-card__more\"> &#8230;<\/a><\/p>\n","protected":false},"author":41,"featured_media":10769,"comment_status":"open","ping_status":"open","sticky":true,"template":"","format":"standard","meta":{"_acf_changed":false,"footnotes":""},"categories":[1],"tags":[],"class_list":["post-10762","post","type-post","status-publish","format-standard","hentry","category-forbundet"],"acf":[],"_links":{"self":[{"href":"https:\/\/scf.se\/forbundet\/wp-json\/wp\/v2\/posts\/10762","targetHints":{"allow":["GET"]}}],"collection":[{"href":"https:\/\/scf.se\/forbundet\/wp-json\/wp\/v2\/posts"}],"about":[{"href":"https:\/\/scf.se\/forbundet\/wp-json\/wp\/v2\/types\/post"}],"author":[{"embeddable":true,"href":"https:\/\/scf.se\/forbundet\/wp-json\/wp\/v2\/users\/41"}],"replies":[{"embeddable":true,"href":"https:\/\/scf.se\/forbundet\/wp-json\/wp\/v2\/comments?post=10762"}],"version-history":[{"count":22,"href":"https:\/\/scf.se\/forbundet\/wp-json\/wp\/v2\/posts\/10762\/revisions"}],"predecessor-version":[{"id":10803,"href":"https:\/\/scf.se\/forbundet\/wp-json\/wp\/v2\/posts\/10762\/revisions\/10803"}],"wp:featuredmedia":[{"embeddable":true,"href":"https:\/\/scf.se\/forbundet\/wp-json\/wp\/v2\/media\/10769"}],"wp:attachment":[{"href":"https:\/\/scf.se\/forbundet\/wp-json\/wp\/v2\/media?parent=10762"}],"wp:term":[{"taxonomy":"category","embeddable":true,"href":"https:\/\/scf.se\/forbundet\/wp-json\/wp\/v2\/categories?post=10762"},{"taxonomy":"post_tag","embeddable":true,"href":"https:\/\/scf.se\/forbundet\/wp-json\/wp\/v2\/tags?post=10762"}],"curies":[{"name":"wp","href":"https:\/\/api.w.org\/{rel}","templated":true}]}}