
{"id":1072,"date":"2016-03-20T09:00:19","date_gmt":"2016-03-20T08:00:19","guid":{"rendered":"http:\/\/scf.se\/forbundet\/?p=1072"},"modified":"2016-05-19T08:16:29","modified_gmt":"2016-05-19T06:16:29","slug":"inbjudan-arrangorsmote","status":"publish","type":"post","link":"https:\/\/scf.se\/forbundet\/inbjudan-arrangorsmote\/","title":{"rendered":"Live-streamat arrang\u00f6rsm\u00f6te med chat"},"content":{"rendered":"<p>F\u00f6lj SCF arrang\u00f6rsm\u00f6tet online idag, s\u00f6ndag mellan kl 10:00-12:00 och st\u00e4ll fr\u00e5gor till Anders Brom\u00e9e, t\u00e4vlingsansvarig under p\u00e5g\u00e5ende s\u00e4ndning.<\/p>\n<p>Deltar p\u00e5 m\u00f6tet g\u00f6r arrang\u00f6rsf\u00f6reningar som har\u00a0varit eller \u00e4r involverade i n\u00e5got av SCF m\u00e4stesrkap och\/eller SWE Cup-arrangemang samt representanter fr\u00e5n SCF kansli och kommissariekommitt\u00e9. Vi utbyter id\u00e9er\u00a0och erfarenheter fr\u00e5n tidigare arrangemang.<\/p>\n<p>Fr\u00e5gor som kommer att lyftas \u00e4r bland annat:<\/p>\n<p>&#8211; Arrang\u00f6rsavtal<br \/>\n&#8211; Sponsorr\u00e4ttigheter<br \/>\n&#8211; Samarbetsformer<br \/>\n&#8211; Goda exempel<\/p>\n<p><strong>Tid<\/strong>: S\u00f6ndag 20 mars klockan 10.00 \u2013 12:00<br \/>\n<strong>Plats<\/strong>: Stockholmsm\u00e4ssan, \u00c4lvsj\u00f6, sal K13.<\/p>\n<p>F\u00f6lj m\u00f6tet live\u00a0via\u00a0webben eller se det i efterhand p\u00e5<br \/>\n<a href=\"https:\/\/www.youtube.com\/watch?v=9bdoAiZKmyQ\">https:\/\/www.youtube.com\/watch?v=9bdoAiZKmyQ<\/a><br \/>\nSt\u00e4ll fr\u00e5gor direkt under m\u00f6tet. Mejla till <a href=\"mailto:kansli@scf.se\">kansli@scf.se<\/a>,\u00a0st\u00e4ll fr\u00e5gor via v\u00e5r facebook\/swecycling eller direkt i <a href=\"http:\/\/www.youtube.com\/user\/Swecycling\/live\" target=\"_blank\">youtubechatten<\/a>.<\/p>\n<p>&nbsp;<\/p>\n<p>&nbsp;<\/p>\n<p>&nbsp;<\/p>\n<p>&nbsp;<\/p>\n","protected":false},"excerpt":{"rendered":"<p>F\u00f6lj SCF arrang\u00f6rsm\u00f6tet online idag, s\u00f6ndag mellan kl 10:00-12:00 och st\u00e4ll fr\u00e5gor till Anders Brom\u00e9e, t\u00e4vlingsansvarig under p\u00e5g\u00e5ende s\u00e4ndning. Deltar p\u00e5 m\u00f6tet g\u00f6r arrang\u00f6rsf\u00f6reningar som har\u00a0varit eller \u00e4r involverade i n\u00e5got av SCF m\u00e4stesrkap och\/eller SWE Cup-arrangemang samt representanter fr\u00e5n SCF kansli och kommissariekommitt\u00e9. Vi utbyter id\u00e9er\u00a0och erfarenheter fr\u00e5n tidigare arrangemang. Fr\u00e5gor som kommer<a href=\"https:\/\/scf.se\/forbundet\/inbjudan-arrangorsmote\/\" class=\"news-card__more\"> &#8230;<\/a><\/p>\n","protected":false},"author":7,"featured_media":0,"comment_status":"open","ping_status":"open","sticky":false,"template":"","format":"standard","meta":{"_acf_changed":false,"footnotes":""},"categories":[1],"tags":[],"class_list":["post-1072","post","type-post","status-publish","format-standard","hentry","category-forbundet"],"acf":[],"_links":{"self":[{"href":"https:\/\/scf.se\/forbundet\/wp-json\/wp\/v2\/posts\/1072","targetHints":{"allow":["GET"]}}],"collection":[{"href":"https:\/\/scf.se\/forbundet\/wp-json\/wp\/v2\/posts"}],"about":[{"href":"https:\/\/scf.se\/forbundet\/wp-json\/wp\/v2\/types\/post"}],"author":[{"embeddable":true,"href":"https:\/\/scf.se\/forbundet\/wp-json\/wp\/v2\/users\/7"}],"replies":[{"embeddable":true,"href":"https:\/\/scf.se\/forbundet\/wp-json\/wp\/v2\/comments?post=1072"}],"version-history":[{"count":0,"href":"https:\/\/scf.se\/forbundet\/wp-json\/wp\/v2\/posts\/1072\/revisions"}],"wp:attachment":[{"href":"https:\/\/scf.se\/forbundet\/wp-json\/wp\/v2\/media?parent=1072"}],"wp:term":[{"taxonomy":"category","embeddable":true,"href":"https:\/\/scf.se\/forbundet\/wp-json\/wp\/v2\/categories?post=1072"},{"taxonomy":"post_tag","embeddable":true,"href":"https:\/\/scf.se\/forbundet\/wp-json\/wp\/v2\/tags?post=1072"}],"curies":[{"name":"wp","href":"https:\/\/api.w.org\/{rel}","templated":true}]}}