
{"id":10664,"date":"2025-06-26T09:57:14","date_gmt":"2025-06-26T07:57:14","guid":{"rendered":"https:\/\/scf.se\/forbundet\/?p=10664"},"modified":"2025-06-27T15:58:08","modified_gmt":"2025-06-27T13:58:08","slug":"sm-veckan-alla-tider-och-lankar-till-torsdagens-cykelgrenar","status":"publish","type":"post","link":"https:\/\/scf.se\/forbundet\/sm-veckan-alla-tider-och-lankar-till-torsdagens-cykelgrenar\/","title":{"rendered":"SM-veckan: Tider och l\u00e4nkar till kortdistansen och para jaktstart"},"content":{"rendered":"<p><strong>SM-veckan i Norrk\u00f6ping 2025 bjuder p\u00e5 v\u00e4ldigt l\u00e4ckra t\u00e4vlingsbanor f\u00f6r cykelgrenarna 25\u201326 juni. P\u00e5 torsdagen \u00e4r det jaktstart para f\u00f6r b\u00e5de racer och handcykel, som har NM-status och g\u00e4ster fr\u00e5n v\u00e5ra grannl\u00e4nder, samt och landsv\u00e4g kortdistans p\u00e5 menyn. Hela 75 anm\u00e4lda i herrarnas kortdistans. Bra siffror \u00e4ven i andra grenar. Kul!<\/strong><\/p>\n<h2>Cykelgrenarna under SM-veckan<\/h2>\n<h3><strong>Onsdag 25 juni, mountainbike XCE<\/strong><\/h3>\n<ul>\n<li><strong>11.00:<\/strong> Individuellt tidskval damer och herrar, k\u00f6rs 1 varv.<\/li>\n<li><strong>13.00:<\/strong> Finaler damer och herrar, heat som k\u00f6rs 2 varv.<br \/>\n<a href=\"https:\/\/scf.se\/mountainbike\/elin-alsjo-och-noel-olsson-vann-xce-sm-varldsmastare-lindh-vurpade-i-finalen\/\"><em><strong>Stort bildreportage och alla l\u00e4nkar fr\u00e5n XCE h\u00e4r!<\/strong><\/em><\/a><\/li>\n<\/ul>\n<h3><strong>Torsdag 26 juni, para jaktstart och landsv\u00e4g kortdistans<\/strong><\/h3>\n<ul>\n<li><strong>12.15: Barnens Grand Prix 30 min, valfri distans.<\/strong><br \/>\n<em>Inbjudan, se SWE Cycling p\u00e5 Facebook!<\/em><\/li>\n<li><strong>13.55: Para handcykel 55 minuter (\u00e4ven NM).<\/strong><br \/>\n<a href=\"https:\/\/www.sportstiming.se\/event\/16064\"><em><strong>Startlista h\u00e4r!<\/strong><\/em><\/a><br \/>\n<a href=\"https:\/\/scf.liveresult.app\/6142\"><em><strong>Liveresultat h\u00e4r!<\/strong><\/em><\/a><\/li>\n<li><strong>15.20: Kortdistans damer 50 min + 3 varv<\/strong><br \/>\n<a href=\"https:\/\/www.sportstiming.se\/event\/16063\"><em><strong>Startlista h\u00e4r!<\/strong><\/em><\/a><br \/>\n<a href=\"https:\/\/scf.liveresult.app\/6141\"><em><strong>Liveresultat h\u00e4r!<\/strong><\/em><\/a><\/li>\n<li><strong>16.50:<\/strong> <strong>Para racer 55 minuter (\u00e4ven NM)<\/strong><br \/>\n<a href=\"https:\/\/www.sportstiming.se\/event\/16064\"><em><strong>Startlista h\u00e4r!<\/strong><\/em><\/a><br \/>\n<a href=\"https:\/\/scf.liveresult.app\/6142\"><em><strong>Liveresultat h\u00e4r!<\/strong><\/em><\/a><\/li>\n<li><strong>18.20:<\/strong> <strong>Kortdistans herrar 50 min + 3 varv<\/strong><br \/>\n<a href=\"https:\/\/www.sportstiming.se\/event\/16063\"><em><strong>Startlista h\u00e4r!<\/strong><\/em><\/a><br \/>\n<a href=\"https:\/\/scf.liveresult.app\/6141\"><em><strong>Liveresultat h\u00e4r!<\/strong><\/em><\/a><\/li>\n<\/ul>\n<a href=\"https:\/\/scf.se\/forbundet\/wp-content\/uploads\/sites\/9\/2025\/06\/Norrkoping2.jpg\"><img loading=\"lazy\" decoding=\"async\" class=\"alignnone size-full wp-image-10529\" src=\"https:\/\/scf.se\/forbundet\/wp-content\/uploads\/sites\/9\/2025\/06\/Norrkoping2.jpg\" alt=\"\" width=\"1454\" height=\"2014\" srcset=\"https:\/\/scf.se\/forbundet\/wp-content\/uploads\/sites\/9\/2025\/06\/Norrkoping2.jpg 1454w, https:\/\/scf.se\/forbundet\/wp-content\/uploads\/sites\/9\/2025\/06\/Norrkoping2-217x300.jpg 217w, https:\/\/scf.se\/forbundet\/wp-content\/uploads\/sites\/9\/2025\/06\/Norrkoping2-739x1024.jpg 739w, https:\/\/scf.se\/forbundet\/wp-content\/uploads\/sites\/9\/2025\/06\/Norrkoping2-768x1064.jpg 768w, https:\/\/scf.se\/forbundet\/wp-content\/uploads\/sites\/9\/2025\/06\/Norrkoping2-1109x1536.jpg 1109w\" sizes=\"auto, (max-width: 1454px) 100vw, 1454px\" \/><\/a>\n<p><a href=\"https:\/\/scf.se\/forbundet\/tva-lackra-banstrackningar-for-cyklingen-pa-sm-veckan-i-norrkoping\/\"><em><strong>L\u00e4s mer om den l\u00e4ckra banstr\u00e4ckningen h\u00e4r, med karta!<\/strong><\/em><\/a><\/p>\n<p>SVT Play s\u00e4nder alla loppen utom handcykel. D\u00e4r kommer det att finnas stream fr\u00e5n Kantvindsradion, kolla in CK Hymers och SWE Cyclings Facebookkonto f\u00f6r r\u00e4tt l\u00e4nk.<a href=\"https:\/\/www.svtplay.se\/sm-veckan\"><em><strong> H\u00e4r \u00e4r l\u00e4nk till SVT Play SM-veckan.<\/strong><\/em><\/a><\/p>\n<p>Och s\u00e5 h\u00e4r \u00e4r l\u00e4get deltagarm\u00e4ssigt inf\u00f6r loppen.<\/p>\n<a href=\"https:\/\/scf.se\/forbundet\/wp-content\/uploads\/sites\/9\/2025\/06\/ViaTT3.jpg\"><img loading=\"lazy\" decoding=\"async\" class=\"alignnone size-full wp-image-10527\" src=\"https:\/\/scf.se\/forbundet\/wp-content\/uploads\/sites\/9\/2025\/06\/ViaTT3.jpg\" alt=\"\" width=\"1280\" height=\"1272\" srcset=\"https:\/\/scf.se\/forbundet\/wp-content\/uploads\/sites\/9\/2025\/06\/ViaTT3.jpg 1280w, https:\/\/scf.se\/forbundet\/wp-content\/uploads\/sites\/9\/2025\/06\/ViaTT3-300x298.jpg 300w, https:\/\/scf.se\/forbundet\/wp-content\/uploads\/sites\/9\/2025\/06\/ViaTT3-1024x1018.jpg 1024w, https:\/\/scf.se\/forbundet\/wp-content\/uploads\/sites\/9\/2025\/06\/ViaTT3-150x150.jpg 150w, https:\/\/scf.se\/forbundet\/wp-content\/uploads\/sites\/9\/2025\/06\/ViaTT3-768x763.jpg 768w\" sizes=\"auto, (max-width: 1280px) 100vw, 1280px\" \/><\/a>\n<h3><em>Para handcykel (6 <\/em><em>anm\u00e4lda<\/em><em>):<\/em><\/h3>\n<p><em>Fjol\u00e5rsvinnaren<strong> Louise Winckler<\/strong> f\u00e5r bland annat tampas med tre danska cyklister. Danskarna \u00e4r <strong>Michelle Knappmann<\/strong>,<strong> Stephan Laukamp<\/strong> och<strong> Golf Yos-anan<\/strong>. och s\u00e5 kommer det att tillkomma minst ett namn! Detta lopp \u00e4r i skrivande stund tyv\u00e4rr \u00e4r det enda som inte SVT s\u00e4nder live fr\u00e5n. Men vi jobbar med en alternativ s\u00e4ndning och \u00e5terkommer med alla tv-tider f\u00f6r cykelgrenarna under SM-veckan sommar i Norrk\u00f6ping.<\/em><\/p>\n<a href=\"https:\/\/scf.se\/forbundet\/wp-content\/uploads\/sites\/9\/2025\/06\/KortdistansDAM6-1.jpeg\"><img loading=\"lazy\" decoding=\"async\" class=\"alignnone size-full wp-image-10558\" src=\"https:\/\/scf.se\/forbundet\/wp-content\/uploads\/sites\/9\/2025\/06\/KortdistansDAM6-1.jpeg\" alt=\"\" width=\"1280\" height=\"1003\" srcset=\"https:\/\/scf.se\/forbundet\/wp-content\/uploads\/sites\/9\/2025\/06\/KortdistansDAM6-1.jpeg 1280w, https:\/\/scf.se\/forbundet\/wp-content\/uploads\/sites\/9\/2025\/06\/KortdistansDAM6-1-300x235.jpeg 300w, https:\/\/scf.se\/forbundet\/wp-content\/uploads\/sites\/9\/2025\/06\/KortdistansDAM6-1-1024x802.jpeg 1024w, https:\/\/scf.se\/forbundet\/wp-content\/uploads\/sites\/9\/2025\/06\/KortdistansDAM6-1-768x602.jpeg 768w\" sizes=\"auto, (max-width: 1280px) 100vw, 1280px\" \/><\/a>\n<h3>Kortdistans damer (19 <em>anm\u00e4lda):<\/em><\/h3>\n<p><em><strong>Matilda Frantzich<\/strong> (bilden ovan) har platssiffra 2, 1, 1 p\u00e5 de tre senaste m\u00e4sterskapen i landsv\u00e4g kortdistans. CK Ringen-cyklisten kommer till start \u00e4ven i \u00e5r.<strong> Clara Lundmark<\/strong> var tv\u00e5a i fjol i V\u00e4ster\u00e5s d\u00e5 det ocks\u00e5 var en l\u00e4ckert bel\u00e4gen bana vid vattnet. Sent anm\u00e4lda <strong>Julia Borgstr\u00f6m<\/strong> , som \u00e4r proffs i AG Insurance \u2013 Soudal Team till vardags, blir minst sagt ocks\u00e5 att r\u00e4kna med. D\u00e4r har ni huvudfavoriterna. P\u00e5 papperet. Men inga cykellopp avg\u00f6rs ju p\u00e5 papperet\u2026 <a href=\"https:\/\/scf.se\/forbundet\/tva-lackra-banstrackningar-for-cyklingen-pa-sm-veckan-i-norrkoping\/\"><strong>S\u00e5 h\u00e4r ser banan ut i \u00e5r med en b\u00e5de vacker och avg\u00f6rande passering vid Arbetets museum innan upploppet.<\/strong><\/a><\/em><\/p>\n<a href=\"https:\/\/scf.se\/forbundet\/wp-content\/uploads\/sites\/9\/2025\/06\/ParaSM1-1.jpg\"><img loading=\"lazy\" decoding=\"async\" class=\"alignnone size-full wp-image-10674\" src=\"https:\/\/scf.se\/forbundet\/wp-content\/uploads\/sites\/9\/2025\/06\/ParaSM1-1.jpg\" alt=\"\" width=\"1386\" height=\"956\" srcset=\"https:\/\/scf.se\/forbundet\/wp-content\/uploads\/sites\/9\/2025\/06\/ParaSM1-1.jpg 1386w, https:\/\/scf.se\/forbundet\/wp-content\/uploads\/sites\/9\/2025\/06\/ParaSM1-1-300x207.jpg 300w, https:\/\/scf.se\/forbundet\/wp-content\/uploads\/sites\/9\/2025\/06\/ParaSM1-1-1024x706.jpg 1024w, https:\/\/scf.se\/forbundet\/wp-content\/uploads\/sites\/9\/2025\/06\/ParaSM1-1-768x530.jpg 768w\" sizes=\"auto, (max-width: 1386px) 100vw, 1386px\" \/><\/a>\n<h3><em>Para racer (15 anm\u00e4lda):<\/em><\/h3>\n<p><em>Oj, vad kul det \u00e4r att se ett s\u00e5 stort startf\u00e4lt i paracykel. Vassa cyklister fr\u00e5n Danmark, Norge och Estland har \u00e4ven NM-medaljer i sikte. F\u00f6rbundskaptenen Anna Beck har lett ett lyckat rekryteringsarbete med att locka nya paracyklister. Det \u00e4r medvind just nu. \u00c4ven i para racer k\u00f6r damer mot herrar med ungef\u00e4r samma typ av omr\u00e4kningsfaktor som efter funktionshinder. <strong>Daniel Strandberg<\/strong> vann senast det var SM-status f\u00f6r jaktstart racer, Ume\u00e5 2023. Nya paracyklisten <strong>Emma Wickman<\/strong> blir sv\u00e5r att besegra f\u00f6r alla. Men ska vi ge favoritb\u00f6rdan till det <strong>danska laget<\/strong>\u2026<\/em><\/p>\n<a href=\"https:\/\/scf.se\/forbundet\/wp-content\/uploads\/sites\/9\/2025\/06\/Forssell.jpg\"><img loading=\"lazy\" decoding=\"async\" class=\"alignnone size-full wp-image-10557\" src=\"https:\/\/scf.se\/forbundet\/wp-content\/uploads\/sites\/9\/2025\/06\/Forssell.jpg\" alt=\"\" width=\"1500\" height=\"1056\" srcset=\"https:\/\/scf.se\/forbundet\/wp-content\/uploads\/sites\/9\/2025\/06\/Forssell.jpg 1500w, https:\/\/scf.se\/forbundet\/wp-content\/uploads\/sites\/9\/2025\/06\/Forssell-300x211.jpg 300w, https:\/\/scf.se\/forbundet\/wp-content\/uploads\/sites\/9\/2025\/06\/Forssell-1024x721.jpg 1024w, https:\/\/scf.se\/forbundet\/wp-content\/uploads\/sites\/9\/2025\/06\/Forssell-768x541.jpg 768w\" sizes=\"auto, (max-width: 1500px) 100vw, 1500px\" \/><\/a>\n<h3><em>Kortdistans herrar (75 anm\u00e4lda):<\/em><\/h3>\n<p><em>Och oj, vilket stort startf\u00e4lt det blir med en s\u00e5 teknisk avslutning. Det kommer ocks\u00e5 vara ett st\u00e4lle f\u00f6r tekniska cyklister och team som \u00e4r duktiga p\u00e5 positionering att g\u00f6ra n\u00e5got p\u00e5 varven innan. Just teamk\u00f6rningen ska vi inte r\u00e4kna bort. V\u00e5ra tv\u00e5 contilag Lucky Sport med flera olika kort att spela ut och Motala AIF Continental med duktiga spurtaren <strong>David Larsson<\/strong>\u00a0 st\u00e4lls mot vassa klubbar som CK Ringen, M\u00f6lndals CK med exempelvis \u00e5kstarka utropstecken i U23-landslaget, <strong>Teodor De Luca<\/strong> respektive <strong>Joel Mellby<\/strong>, Falu CK, S\u00f6dert\u00e4lje och inte minst CK Hymer med rutinerade spurtaren <strong>Hugo Forssell<\/strong> som vann i Ume\u00e5 2023. R\u00e4kna aldrig bort Forssell med den avslutningen. Blir kul att se hur v\u00e5ra duktiga juniorer st\u00e5r sig ocks\u00e5&#8230;<\/em><\/p>\n<p><em>Text och foto: SCF<\/em><\/p>\n<hr \/>\n<a href=\"https:\/\/scf.se\/forbundet\/hjalp-oss-sprida-ny-digital-broschyr-om-motionslicensens-fordelar\/\"><img loading=\"lazy\" decoding=\"async\" class=\"alignnone size-full wp-image-7197\" src=\"https:\/\/scf.se\/forbundet\/wp-content\/uploads\/sites\/9\/2024\/03\/Kop-licens-cykelmagasinet4.jpg\" alt=\"\" width=\"2000\" height=\"655\" srcset=\"https:\/\/scf.se\/forbundet\/wp-content\/uploads\/sites\/9\/2024\/03\/Kop-licens-cykelmagasinet4.jpg 2000w, https:\/\/scf.se\/forbundet\/wp-content\/uploads\/sites\/9\/2024\/03\/Kop-licens-cykelmagasinet4-300x98.jpg 300w, https:\/\/scf.se\/forbundet\/wp-content\/uploads\/sites\/9\/2024\/03\/Kop-licens-cykelmagasinet4-1024x335.jpg 1024w, https:\/\/scf.se\/forbundet\/wp-content\/uploads\/sites\/9\/2024\/03\/Kop-licens-cykelmagasinet4-768x252.jpg 768w, https:\/\/scf.se\/forbundet\/wp-content\/uploads\/sites\/9\/2024\/03\/Kop-licens-cykelmagasinet4-1536x503.jpg 1536w\" sizes=\"auto, (max-width: 2000px) 100vw, 2000px\" \/><\/a>\n","protected":false},"excerpt":{"rendered":"<p>SM-veckan i Norrk\u00f6ping 2025 bjuder p\u00e5 v\u00e4ldigt l\u00e4ckra t\u00e4vlingsbanor f\u00f6r cykelgrenarna 25\u201326 juni. P\u00e5 torsdagen \u00e4r det jaktstart para f\u00f6r b\u00e5de racer och handcykel, som har NM-status och g\u00e4ster fr\u00e5n v\u00e5ra grannl\u00e4nder, samt och landsv\u00e4g kortdistans p\u00e5 menyn. Hela 75 anm\u00e4lda i herrarnas kortdistans. Bra siffror \u00e4ven i andra grenar. Kul! Cykelgrenarna under SM-veckan<a href=\"https:\/\/scf.se\/forbundet\/sm-veckan-alla-tider-och-lankar-till-torsdagens-cykelgrenar\/\" class=\"news-card__more\"> &#8230;<\/a><\/p>\n","protected":false},"author":41,"featured_media":10524,"comment_status":"open","ping_status":"open","sticky":false,"template":"","format":"standard","meta":{"_acf_changed":false,"footnotes":""},"categories":[1],"tags":[],"class_list":["post-10664","post","type-post","status-publish","format-standard","hentry","category-forbundet"],"acf":[],"_links":{"self":[{"href":"https:\/\/scf.se\/forbundet\/wp-json\/wp\/v2\/posts\/10664","targetHints":{"allow":["GET"]}}],"collection":[{"href":"https:\/\/scf.se\/forbundet\/wp-json\/wp\/v2\/posts"}],"about":[{"href":"https:\/\/scf.se\/forbundet\/wp-json\/wp\/v2\/types\/post"}],"author":[{"embeddable":true,"href":"https:\/\/scf.se\/forbundet\/wp-json\/wp\/v2\/users\/41"}],"replies":[{"embeddable":true,"href":"https:\/\/scf.se\/forbundet\/wp-json\/wp\/v2\/comments?post=10664"}],"version-history":[{"count":9,"href":"https:\/\/scf.se\/forbundet\/wp-json\/wp\/v2\/posts\/10664\/revisions"}],"predecessor-version":[{"id":10679,"href":"https:\/\/scf.se\/forbundet\/wp-json\/wp\/v2\/posts\/10664\/revisions\/10679"}],"wp:featuredmedia":[{"embeddable":true,"href":"https:\/\/scf.se\/forbundet\/wp-json\/wp\/v2\/media\/10524"}],"wp:attachment":[{"href":"https:\/\/scf.se\/forbundet\/wp-json\/wp\/v2\/media?parent=10664"}],"wp:term":[{"taxonomy":"category","embeddable":true,"href":"https:\/\/scf.se\/forbundet\/wp-json\/wp\/v2\/categories?post=10664"},{"taxonomy":"post_tag","embeddable":true,"href":"https:\/\/scf.se\/forbundet\/wp-json\/wp\/v2\/tags?post=10664"}],"curies":[{"name":"wp","href":"https:\/\/api.w.org\/{rel}","templated":true}]}}