
{"id":10571,"date":"2025-06-13T12:56:56","date_gmt":"2025-06-13T10:56:56","guid":{"rendered":"https:\/\/scf.se\/forbundet\/?p=10571"},"modified":"2025-06-17T16:33:59","modified_gmt":"2025-06-17T14:33:59","slug":"simonsson-om-kommissarierollen-i-ett-sa-speciellt-och-handelserikt-giro","status":"publish","type":"post","link":"https:\/\/scf.se\/forbundet\/simonsson-om-kommissarierollen-i-ett-sa-speciellt-och-handelserikt-giro\/","title":{"rendered":"Simonsson om kommissarierollen i ett s\u00e5 speciellt och h\u00e4ndelserikt Giro"},"content":{"rendered":"<p><strong>\u00c5rets Giro d\u2019Italia hade det mesta. Nej, inget sn\u00f6fall&#8230;men v\u00e4l en of\u00f6rgl\u00f6mliga avslutning av Mads Pedersen, en spektakul\u00e4r grusetapp \u2013 och s\u00e5 f\u00f6rst\u00e5s en Simon Yates och hand of\u00f6rgl\u00f6mliga kross i bergen p\u00e5 n\u00e4st sista etappen. F\u00f6r Kenneth Simonsson blev uppdraget i Italien ett av de mest upplevelserika under hans 25 \u00e5r som internationell kommissarie varav de fyra senaste p\u00e5 World Tour-niv\u00e5. En minst lika stor anledning till hans engagemang som kommissarie \u00e4r den fina sammanh\u00e5llningen.<\/strong><\/p>\n<p>Som en av 12 kommissarier i \u00e5rets Giro hade han uppgiften att \u00f6vervaka loppet via 16 tv-monitorer. Varje attack, avvikelse eller tveksam man\u00f6ver m\u00e5ste identifieras f\u00f6r att senare rapporteras vidare. Det kr\u00e4ver total n\u00e4rvaro \u2013 s\u00e4rskilt under de sista hektiska kilometrarna i en masspurt.<\/p>\n<blockquote><p>&#8221;Det \u00e4r ett enormt fokus att h\u00e5lla koll p\u00e5 alla sk\u00e4rmarna, men ocks\u00e5 otroligt stimulerande. Man \u00e4r hela tiden med i loppet. Allt \u00e4r s\u00e5 oerh\u00f6rt stort i ett Giro och att f\u00e5 vara en del av det \u00e4r en dr\u00f6m som man inte s\u00e5g komma n\u00e4r jag slutade som aktiv cyklist&#8221;, s\u00e4ger Simonsson.<\/p><\/blockquote>\n<div id=\"attachment_10574\" class=\"wp-caption alignnone\" ><a href=\"https:\/\/scf.se\/forbundet\/wp-content\/uploads\/sites\/9\/2025\/06\/5U32p82IEjZzjKJMVGe5_140525-070640.jpg\"><img loading=\"lazy\" decoding=\"async\" class=\"size-full wp-image-10574\" src=\"https:\/\/scf.se\/forbundet\/wp-content\/uploads\/sites\/9\/2025\/06\/5U32p82IEjZzjKJMVGe5_140525-070640.jpg\" alt=\"\" width=\"2015\" height=\"1343\" srcset=\"https:\/\/scf.se\/forbundet\/wp-content\/uploads\/sites\/9\/2025\/06\/5U32p82IEjZzjKJMVGe5_140525-070640.jpg 2015w, https:\/\/scf.se\/forbundet\/wp-content\/uploads\/sites\/9\/2025\/06\/5U32p82IEjZzjKJMVGe5_140525-070640-300x200.jpg 300w, https:\/\/scf.se\/forbundet\/wp-content\/uploads\/sites\/9\/2025\/06\/5U32p82IEjZzjKJMVGe5_140525-070640-1024x682.jpg 1024w, https:\/\/scf.se\/forbundet\/wp-content\/uploads\/sites\/9\/2025\/06\/5U32p82IEjZzjKJMVGe5_140525-070640-768x512.jpg 768w, https:\/\/scf.se\/forbundet\/wp-content\/uploads\/sites\/9\/2025\/06\/5U32p82IEjZzjKJMVGe5_140525-070640-1536x1024.jpg 1536w\" sizes=\"auto, (max-width: 2015px) 100vw, 2015px\" \/><\/a><p class=\"wp-caption-text\"><em>Mads Pedersen h\u00e4r i rosa och Lidl-Trek dominerade i b\u00f6rjan av Girot.\u00a0 Foto: Fabio Ferrari\/LaPresse\/\/www.giroditalia.it<\/em><\/p><\/div>\n<p>Och ja, spurterna blev ett arbetsomr\u00e5de. Dansken Mads Pedersen vann fyra etapper med sin vanliga tajming, kraft och linjeval. Vid en m\u00e5lg\u00e5ng uppf\u00f6r, var Pedersen till synes var avst\u00e4lld men hittade nya krafter, rundade f\u00e4ltet och kom p\u00e5 innern \u2013 i rosa ledartr\u00f6ja. N\u00e4r marginalerna krymper blir kommissariernas uppgift att h\u00e5lla huvudet kallt.<\/p>\n<p><strong>\u00c4r det extra viktigt att h\u00e5lla koll p\u00e5 eventuella armb\u00e5gar bakom de vassaste spurtarna d\u00e4r det \u00e4r extra tr\u00e5ngt om utrymmet de sista kilometerna?<\/strong><\/p>\n<blockquote><p>&#8221;Jag brukar inte t\u00e4nka s\u00e5 mycket p\u00e5 var de st\u00f6rsta spurtstj\u00e4rnorna finns i klungan utan f\u00f6rs\u00f6ker ha koll p\u00e5 alla. Det sitter v\u00e4l kanske i ryggm\u00e4rgen. Det var ganska ren och disciplinerad k\u00f6rning i \u00e5rets Giro generellt sett. Det m\u00e4rks att de har cykel\u00e5kningen som sina jobb. Lite b\u00f6kigt vid n\u00e5gra av de inledande spurtetapperna, annars inte s\u00e5 mycket allvarliga h\u00e4ndelser&#8221;, sammanfattar Kenneth Simonsson som ocks\u00e5 \u00e4r ordf\u00f6rande i Kommissariekommitt\u00e9n p\u00e5 Svenska Cykelf\u00f6rbundet.<\/p><\/blockquote>\n<div id=\"attachment_10579\" class=\"wp-caption alignnone\" ><a href=\"https:\/\/scf.se\/forbundet\/wp-content\/uploads\/sites\/9\/2025\/06\/Rl8wTgCY4a6sfh69yVlU_310525-085208-scaled-1.jpg\"><img loading=\"lazy\" decoding=\"async\" class=\"size-full wp-image-10579\" src=\"https:\/\/scf.se\/forbundet\/wp-content\/uploads\/sites\/9\/2025\/06\/Rl8wTgCY4a6sfh69yVlU_310525-085208-scaled-1.jpg\" alt=\"\" width=\"2560\" height=\"1706\" srcset=\"https:\/\/scf.se\/forbundet\/wp-content\/uploads\/sites\/9\/2025\/06\/Rl8wTgCY4a6sfh69yVlU_310525-085208-scaled-1.jpg 2560w, https:\/\/scf.se\/forbundet\/wp-content\/uploads\/sites\/9\/2025\/06\/Rl8wTgCY4a6sfh69yVlU_310525-085208-scaled-1-300x200.jpg 300w, https:\/\/scf.se\/forbundet\/wp-content\/uploads\/sites\/9\/2025\/06\/Rl8wTgCY4a6sfh69yVlU_310525-085208-scaled-1-1024x682.jpg 1024w, https:\/\/scf.se\/forbundet\/wp-content\/uploads\/sites\/9\/2025\/06\/Rl8wTgCY4a6sfh69yVlU_310525-085208-scaled-1-768x512.jpg 768w, https:\/\/scf.se\/forbundet\/wp-content\/uploads\/sites\/9\/2025\/06\/Rl8wTgCY4a6sfh69yVlU_310525-085208-scaled-1-1536x1024.jpg 1536w, https:\/\/scf.se\/forbundet\/wp-content\/uploads\/sites\/9\/2025\/06\/Rl8wTgCY4a6sfh69yVlU_310525-085208-scaled-1-2048x1365.jpg 2048w\" sizes=\"auto, (max-width: 2560px) 100vw, 2560px\" \/><\/a><p class=\"wp-caption-text\"><em>Simon Yates, Team Visma \/ Lease A Bike, fick sista ordet om den roa tr\u00f6jan i \u00e5rets Giro. Foto: Massimo Paolone\/ LaPresse\/ www.giroditalia.it<\/em><\/p><\/div>\n<p><strong>Hinner du njuta n\u00e5got av sp\u00e4nningen med exempelvis i \u00e5r s\u00e5 stora danska framg\u00e5ngar?<\/strong><\/p>\n<blockquote><p>&#8221;Jag g\u00e5r ju in i min roll och h\u00e5ller mig neutral, s\u00e5 jag sitter ju inte och h\u00e5ller p\u00e5 danskarna eller n\u00e5gon annan favoritcyklist. Men det \u00e4r klart, upplevelsen n\u00e4r Yates v\u00e4nde och avgjorde Girot p\u00e5 det s\u00e4tt som han gjorde upp p\u00e5 uppf\u00f6r Colle delle Finestre var en v\u00e4ldigt speciell upplevelse \u00e4ven som kommissarie&#8230;\u201d<\/p><\/blockquote>\n<p>Det var under den n\u00e4st sista etappen som Simon Yates avgjorde t\u00e4vlingen, i stigningen uppf\u00f6r Colle delle Finestre. \u00c5r 2018 hade han rasat just d\u00e4r. Nu attackerade han med fyra mil kvar, l\u00e4mnade mexikanske totalledaren Isaac Del Toro och de andra toppkonkurrenterna \u2013 och k\u00f6rde solo hela v\u00e4gen till Sestriere. Yates tog ledningen med n\u00e4stan fyra minuter inf\u00f6r den 21:a och sista etappen i Rom. En revansch som b\u00e5de cykelv\u00e4rlden och Simonsson l\u00e4r b\u00e4ra med sig l\u00e4nge.<\/p>\n<div id=\"attachment_10576\" class=\"wp-caption alignnone\" ><a href=\"https:\/\/scf.se\/forbundet\/wp-content\/uploads\/sites\/9\/2025\/06\/f5oTTaSqCulL8P4qn9Bl_180525-071813-scaled-1.jpg\"><img loading=\"lazy\" decoding=\"async\" class=\"size-full wp-image-10576\" src=\"https:\/\/scf.se\/forbundet\/wp-content\/uploads\/sites\/9\/2025\/06\/f5oTTaSqCulL8P4qn9Bl_180525-071813-scaled-1.jpg\" alt=\"\" width=\"2560\" height=\"1706\" srcset=\"https:\/\/scf.se\/forbundet\/wp-content\/uploads\/sites\/9\/2025\/06\/f5oTTaSqCulL8P4qn9Bl_180525-071813-scaled-1.jpg 2560w, https:\/\/scf.se\/forbundet\/wp-content\/uploads\/sites\/9\/2025\/06\/f5oTTaSqCulL8P4qn9Bl_180525-071813-scaled-1-300x200.jpg 300w, https:\/\/scf.se\/forbundet\/wp-content\/uploads\/sites\/9\/2025\/06\/f5oTTaSqCulL8P4qn9Bl_180525-071813-scaled-1-1024x682.jpg 1024w, https:\/\/scf.se\/forbundet\/wp-content\/uploads\/sites\/9\/2025\/06\/f5oTTaSqCulL8P4qn9Bl_180525-071813-scaled-1-768x512.jpg 768w, https:\/\/scf.se\/forbundet\/wp-content\/uploads\/sites\/9\/2025\/06\/f5oTTaSqCulL8P4qn9Bl_180525-071813-scaled-1-1536x1024.jpg 1536w, https:\/\/scf.se\/forbundet\/wp-content\/uploads\/sites\/9\/2025\/06\/f5oTTaSqCulL8P4qn9Bl_180525-071813-scaled-1-2048x1365.jpg 2048w\" sizes=\"auto, (max-width: 2560px) 100vw, 2560px\" \/><\/a><p class=\"wp-caption-text\"><em>Etapp 9 med mycket grus var h\u00e4ndelserik&#8230;\u00a0 Foto: www.giroditalia.it<\/em><\/p><\/div>\n<p>Etapp 9 mellan Gubbio och Siena blev ett exempel p\u00e5 hur snabbt kaos kan uppst\u00e5. De vita grusv\u00e4garna, inspirerade av Strade Bianche, ledde till en kedjekrasch och flera punkteringar. Stj\u00e4rnor som Primoz Roglic och Tom Pidcock hamnade i ett r\u00f6kmoln i gruset och tappade tid. Simonsson f\u00f6ljde allt i realtid; granskade, loggade, rapporterade.<\/p>\n<blockquote><p>&#8221;Det \u00e4r i s\u00e5dana l\u00e4gen tur att jag har lite tid p\u00e5 mig att komma med en rapport.&#8221;<\/p><\/blockquote>\n<p><strong>Jag antar att engelska inte \u00e4r helt g\u00e5ngbart bland alla mellaneuropeiska kommissarier, hur l\u00f6ser ni kommunikationen spr\u00e5km\u00e4ssigt?<\/strong><\/p>\n<blockquote><p>&#8221;Det \u00e4r som du s\u00e4ger inte alls en sj\u00e4lvklarhet att anv\u00e4nda engelska i alla l\u00e4gen. Men man kommer in i det och l\u00f6ser det i gruppen. I Girot blev det v\u00e4l en blandning mellan engelska, italienska och franska kan man v\u00e4l s\u00e4ga. Det fungerade bra, cykelspr\u00e5ket&#8221;, s\u00e4ger Kenneth Simonsson med ett skratt.<\/p><\/blockquote>\n<p>Kenneth b\u00f6rjade som kommissarie n\u00e4r den egna cyklingen tagit slut. Nu vill han uppmuntra fler att kliva in i rollen.<\/p>\n<p>&#8221;Det \u00e4r ett s\u00e4tt att f\u00e5 vara med i v\u00e4rldens st\u00f6rsta t\u00e4vlingar och studera m\u00e5nga av v\u00e4rldens b\u00e4sta cyklister. Man \u00e4r verkligen mitt i h\u00e4ndelsernas centrum&#8221;, s\u00e4ger Simonsson och till\u00e4gger:<\/p>\n<blockquote><p>&#8221;Men framf\u00f6r allt \u00e4r det gemenskapen och gruppk\u00e4nslan som \u00e4r det b\u00e4sta med att vara kommissarie. Jag f\u00e5r ju cykelv\u00e4nner inte bara i hela Sverige, utan i hela Europa. Och det \u00e4r v\u00e4ldigt fin sammanh\u00e5llning bland oss kommissarier. Allt det h\u00e4r g\u00f6r att jag verkligen kan rekommendera att testa rollen.&#8221;<\/p><\/blockquote>\n<h2>Vill Du testa rollen som kommissarie?<\/h2>\n<ul>\n<li>Kommissariekommitt\u00e9n erbjuder just nu m\u00f6jligheten att g\u00e5 vid sidan av en kommissarie p\u00e5 en t\u00e4vling i sommar.<\/li>\n<li>Vill du ocks\u00e5 utbilda dig till kommissarie \u2013 och f\u00e5 chansen att uppleva allt fr\u00e5n svenska lopp till att kanske g\u00f6ra internationell karri\u00e4r?<\/li>\n<li>\ud83d\udce9 Kontakta d\u00e5 Kenneth och hans kollegor p\u00e5<a href=\"mailto:kommissarie@scf.se\"><em><strong> kommissarie@scf.se<\/strong><\/em><\/a>!<\/li>\n<\/ul>\n<p><em>Text: SCF<br \/>\nFoto: Privat och pressbilder fr\u00e5n www.giroditalia.it<\/em><\/p>\n","protected":false},"excerpt":{"rendered":"<p>\u00c5rets Giro d\u2019Italia hade det mesta. Nej, inget sn\u00f6fall&#8230;men v\u00e4l en of\u00f6rgl\u00f6mliga avslutning av Mads Pedersen, en spektakul\u00e4r grusetapp \u2013 och s\u00e5 f\u00f6rst\u00e5s en Simon Yates och hand of\u00f6rgl\u00f6mliga kross i bergen p\u00e5 n\u00e4st sista etappen. F\u00f6r Kenneth Simonsson blev uppdraget i Italien ett av de mest upplevelserika under hans 25 \u00e5r som internationell<a href=\"https:\/\/scf.se\/forbundet\/simonsson-om-kommissarierollen-i-ett-sa-speciellt-och-handelserikt-giro\/\" class=\"news-card__more\"> &#8230;<\/a><\/p>\n","protected":false},"author":41,"featured_media":10577,"comment_status":"open","ping_status":"open","sticky":false,"template":"","format":"standard","meta":{"_acf_changed":false,"footnotes":""},"categories":[1],"tags":[],"class_list":["post-10571","post","type-post","status-publish","format-standard","hentry","category-forbundet"],"acf":[],"_links":{"self":[{"href":"https:\/\/scf.se\/forbundet\/wp-json\/wp\/v2\/posts\/10571","targetHints":{"allow":["GET"]}}],"collection":[{"href":"https:\/\/scf.se\/forbundet\/wp-json\/wp\/v2\/posts"}],"about":[{"href":"https:\/\/scf.se\/forbundet\/wp-json\/wp\/v2\/types\/post"}],"author":[{"embeddable":true,"href":"https:\/\/scf.se\/forbundet\/wp-json\/wp\/v2\/users\/41"}],"replies":[{"embeddable":true,"href":"https:\/\/scf.se\/forbundet\/wp-json\/wp\/v2\/comments?post=10571"}],"version-history":[{"count":4,"href":"https:\/\/scf.se\/forbundet\/wp-json\/wp\/v2\/posts\/10571\/revisions"}],"predecessor-version":[{"id":10582,"href":"https:\/\/scf.se\/forbundet\/wp-json\/wp\/v2\/posts\/10571\/revisions\/10582"}],"wp:featuredmedia":[{"embeddable":true,"href":"https:\/\/scf.se\/forbundet\/wp-json\/wp\/v2\/media\/10577"}],"wp:attachment":[{"href":"https:\/\/scf.se\/forbundet\/wp-json\/wp\/v2\/media?parent=10571"}],"wp:term":[{"taxonomy":"category","embeddable":true,"href":"https:\/\/scf.se\/forbundet\/wp-json\/wp\/v2\/categories?post=10571"},{"taxonomy":"post_tag","embeddable":true,"href":"https:\/\/scf.se\/forbundet\/wp-json\/wp\/v2\/tags?post=10571"}],"curies":[{"name":"wp","href":"https:\/\/api.w.org\/{rel}","templated":true}]}}