
{"id":10305,"date":"2025-05-03T09:01:26","date_gmt":"2025-05-03T07:01:26","guid":{"rendered":"https:\/\/scf.se\/forbundet\/?p=10305"},"modified":"2025-05-03T10:29:59","modified_gmt":"2025-05-03T08:29:59","slug":"anna-beck-pa-ledaruppdrag-i-belgien-prisades-pa-parasportgalan-i-goteborg","status":"publish","type":"post","link":"https:\/\/scf.se\/forbundet\/anna-beck-pa-ledaruppdrag-i-belgien-prisades-pa-parasportgalan-i-goteborg\/","title":{"rendered":"Anna Beck p\u00e5 nya ledaruppdraget prisades vid Svenska parasportgalan"},"content":{"rendered":"<p><strong>Anna Beck tog hem priset som \u00c5rets kvinnliga idrottare under fredagskv\u00e4llens Parasportgala i G\u00f6teborg \u2013 en v\u00e4rdig hyllning efter sista s\u00e4songen av en fantastisk karri\u00e4r. Beck, som just nu \u00e4r p\u00e5 uppdrag i Belgien i sin nya roll som f\u00f6rbundskapten f\u00f6r paracykel, satte punkt f\u00f6r t\u00e4vlingskarri\u00e4ren med medalj p\u00e5 Paralympics i Paris, VM-guld.<\/strong><\/p>\n<a href=\"https:\/\/scf.se\/forbundet\/wp-content\/uploads\/sites\/9\/2025\/05\/OOL_72943.jpg\"><img loading=\"lazy\" decoding=\"async\" class=\"alignnone size-full wp-image-10320\" src=\"https:\/\/scf.se\/forbundet\/wp-content\/uploads\/sites\/9\/2025\/05\/OOL_72943.jpg\" alt=\"\" width=\"1620\" height=\"1080\" srcset=\"https:\/\/scf.se\/forbundet\/wp-content\/uploads\/sites\/9\/2025\/05\/OOL_72943.jpg 1620w, https:\/\/scf.se\/forbundet\/wp-content\/uploads\/sites\/9\/2025\/05\/OOL_72943-300x200.jpg 300w, https:\/\/scf.se\/forbundet\/wp-content\/uploads\/sites\/9\/2025\/05\/OOL_72943-1024x683.jpg 1024w, https:\/\/scf.se\/forbundet\/wp-content\/uploads\/sites\/9\/2025\/05\/OOL_72943-768x512.jpg 768w, https:\/\/scf.se\/forbundet\/wp-content\/uploads\/sites\/9\/2025\/05\/OOL_72943-1536x1024.jpg 1536w\" sizes=\"auto, (max-width: 1620px) 100vw, 1620px\" \/><\/a>\n<p>S\u00e5 h\u00e4r lyder den officiella motiveringen:<\/p>\n<p>\u201dAnna Beck har skrivit in sig i historieb\u00f6ckerna som\u202fSveriges b\u00e4sta kvinnliga paracyklist genom tiderna. Inf\u00f6r\u202fParalympics i Paris\u202fdominerade hon fullst\u00e4ndigt och vann\u202fsamtliga tempolopp i v\u00e4rldscupen. I Paris st\u00e4lldes hon inf\u00f6r tuffast t\u00e4nkbara motst\u00e5nd d\u00e5 samtliga klasser slagits ihop. Men hon visade enorm vilja n\u00e4r hon lyckades vinna brons med tre tiondelars marginal. Bara veckor efter att spelen i Paris kr\u00f6nte Anna b\u00e5de s\u00e4songen och sin enast\u00e5ende karri\u00e4r\u202fmed ett\u202f\u00f6verl\u00e4gset VM-guld. Med sin\u202fm\u00e5lmedvetenhet, styrka och f\u00f6rm\u00e5ga att prestera under press\u202fhar Anna inspirerat en hel idrottsv\u00e4rld. En\u202flegendar inom svensk paracykel.\u201d<\/p>\n<p>S\u00e5 h\u00e4r s\u00e4ger Anna Beck sj\u00e4lv om sin sista s\u00e4song som aktiv elitcyklist i ett kort snack fr\u00e5n Belgien.<\/p>\n<p>Hon hade lite otur med en f\u00f6rkylning som var i faggorna kring landsv\u00e4gsgrenarna i Paralympics och var i blixtrande form p\u00e5 VM i tempo innan b\u00e5de s\u00e4songen och karri\u00e4ren avslutades. Innan dess hade hon fortsatt att vara obesegrad p\u00e5 tempo i v\u00e4rldscupen och var klart b\u00e4sta C3:a \u00e4ven p\u00e5 Paralympics. Den obrutna temposviten blev \u00f6ver tv\u00e5 \u00e5r l\u00e5ng.<\/p>\n<a href=\"https:\/\/scf.se\/forbundet\/wp-content\/uploads\/sites\/9\/2024\/09\/Anna-Beck.jpg\"><img loading=\"lazy\" decoding=\"async\" class=\"alignnone size-full wp-image-8650\" src=\"https:\/\/scf.se\/forbundet\/wp-content\/uploads\/sites\/9\/2024\/09\/Anna-Beck.jpg\" alt=\"\" width=\"1493\" height=\"1403\" srcset=\"https:\/\/scf.se\/forbundet\/wp-content\/uploads\/sites\/9\/2024\/09\/Anna-Beck.jpg 1493w, https:\/\/scf.se\/forbundet\/wp-content\/uploads\/sites\/9\/2024\/09\/Anna-Beck-300x282.jpg 300w, https:\/\/scf.se\/forbundet\/wp-content\/uploads\/sites\/9\/2024\/09\/Anna-Beck-1024x962.jpg 1024w, https:\/\/scf.se\/forbundet\/wp-content\/uploads\/sites\/9\/2024\/09\/Anna-Beck-768x722.jpg 768w\" sizes=\"auto, (max-width: 1493px) 100vw, 1493px\" \/><\/a>\n<a href=\"https:\/\/scf.se\/forbundet\/wp-content\/uploads\/sites\/9\/2025\/01\/Anna-Beck-ARKIVARE.jpg\"><img loading=\"lazy\" decoding=\"async\" class=\"alignnone size-full wp-image-9449\" src=\"https:\/\/scf.se\/forbundet\/wp-content\/uploads\/sites\/9\/2025\/01\/Anna-Beck-ARKIVARE.jpg\" alt=\"\" width=\"1252\" height=\"826\" srcset=\"https:\/\/scf.se\/forbundet\/wp-content\/uploads\/sites\/9\/2025\/01\/Anna-Beck-ARKIVARE.jpg 1252w, https:\/\/scf.se\/forbundet\/wp-content\/uploads\/sites\/9\/2025\/01\/Anna-Beck-ARKIVARE-300x198.jpg 300w, https:\/\/scf.se\/forbundet\/wp-content\/uploads\/sites\/9\/2025\/01\/Anna-Beck-ARKIVARE-1024x676.jpg 1024w, https:\/\/scf.se\/forbundet\/wp-content\/uploads\/sites\/9\/2025\/01\/Anna-Beck-ARKIVARE-768x507.jpg 768w\" sizes=\"auto, (max-width: 1252px) 100vw, 1252px\" \/><\/a>\n<div id=\"attachment_8881\" class=\"wp-caption alignnone\" ><a href=\"https:\/\/scf.se\/forbundet\/wp-content\/uploads\/sites\/9\/2024\/09\/Bilder-portal-VM-1.jpg\"><img loading=\"lazy\" decoding=\"async\" class=\"size-full wp-image-8881\" src=\"https:\/\/scf.se\/forbundet\/wp-content\/uploads\/sites\/9\/2024\/09\/Bilder-portal-VM-1.jpg\" alt=\"\" width=\"704\" height=\"643\" srcset=\"https:\/\/scf.se\/forbundet\/wp-content\/uploads\/sites\/9\/2024\/09\/Bilder-portal-VM-1.jpg 704w, https:\/\/scf.se\/forbundet\/wp-content\/uploads\/sites\/9\/2024\/09\/Bilder-portal-VM-1-300x274.jpg 300w\" sizes=\"auto, (max-width: 704px) 100vw, 704px\" \/><\/a><p class=\"wp-caption-text\">Anna Beck inkasserar ett \u00f6verl\u00e4gset VM-guld. Foto: UCI<\/p><\/div>\n<blockquote><p>&#8221;Ja, det var en riktigt fin s\u00e4song och bra uppl\u00e4gg rakt igenom. Jag v\u00e4ldigt n\u00f6jd med vad jag \u00e5stadkom \u00e4ven resultatm\u00e4ssigt. Bronset p\u00e5 tempoloppet i Paralympics och f\u00f6rst\u00e5s VM-guldloppet \u00e4r tv\u00e5 v\u00e4ldigt bra lopp som jag g\u00f6r. S\u00e5 h\u00e4r i efterhand gr\u00e4mer jag mig lite \u00f6ver att jag inte gick i slutet av sista backen p\u00e5 linjeloppet i Paralympics. D\u00e5 hade jag s\u00e4krat brons d\u00e4r ocks\u00e5.\u00a0 Ett b\u00e4ttre best\u00e5ende minne fr\u00e5n 2024 \u00e4r det team som jag hade runt mig. Det var fem plus rakt \u00f6ver, helt fantastiskt!&#8221;<\/p><\/blockquote>\n<p>Numera ledarkollegan Philip Lindau var ocks\u00e5 nominerad men d\u00e4r prisades en av de starka konkurrenterna, judotr\u00e4naren Nicolina Pernheim Goodrich.<\/p>\n<p>Han hyllades d\u00e4remot tidigare i \u00e5r av Beck sj\u00e4lv p\u00e5 ett frejdigt s\u00e4tt \u2013 som en nyckelperson bakom hennes framg\u00e5ngar 2024. Det var som prisutdelare till \u00e5rets ledare p\u00e5 Svenska idrottsgalan i januari och\u00a0drog ner varma appl\u00e5der.<\/p>\n<p>H\u00e4r \u00e4r alla vinnare under den sena fredagskv\u00e4llen i G\u00f6teborg.<\/p>\n<a href=\"https:\/\/scf.se\/forbundet\/wp-content\/uploads\/sites\/9\/2025\/05\/OOL_72857.jpg\"><img loading=\"lazy\" decoding=\"async\" class=\"alignnone size-full wp-image-10319\" src=\"https:\/\/scf.se\/forbundet\/wp-content\/uploads\/sites\/9\/2025\/05\/OOL_72857.jpg\" alt=\"\" width=\"1620\" height=\"1080\" srcset=\"https:\/\/scf.se\/forbundet\/wp-content\/uploads\/sites\/9\/2025\/05\/OOL_72857.jpg 1620w, https:\/\/scf.se\/forbundet\/wp-content\/uploads\/sites\/9\/2025\/05\/OOL_72857-300x200.jpg 300w, https:\/\/scf.se\/forbundet\/wp-content\/uploads\/sites\/9\/2025\/05\/OOL_72857-1024x683.jpg 1024w, https:\/\/scf.se\/forbundet\/wp-content\/uploads\/sites\/9\/2025\/05\/OOL_72857-768x512.jpg 768w, https:\/\/scf.se\/forbundet\/wp-content\/uploads\/sites\/9\/2025\/05\/OOL_72857-1536x1024.jpg 1536w\" sizes=\"auto, (max-width: 1620px) 100vw, 1620px\" \/><\/a>\n<h3 data-start=\"107\" data-end=\"148\">Svenska Parasportgalan \u2013 vinnarna 2025<\/h3>\n<ul>\n<li data-start=\"150\" data-end=\"203\"><strong data-start=\"150\" data-end=\"177\">\u00c5rets manlige idrottare<\/strong><br data-start=\"177\" data-end=\"180\" \/>Aaron Lindstr\u00f6m, alpint<\/li>\n<li data-start=\"205\" data-end=\"253\"><strong data-start=\"205\" data-end=\"234\">\u00c5rets kvinnliga idrottare<\/strong><br data-start=\"234\" data-end=\"237\" \/>Anna Beck, cykel<\/li>\n<li data-start=\"255\" data-end=\"308\"><strong data-start=\"255\" data-end=\"273\">\u00c5rets f\u00f6rebild<\/strong><br data-start=\"273\" data-end=\"276\" \/>Nicolina Pernheim Goodrich, judo<\/li>\n<li data-start=\"310\" data-end=\"380\"><strong data-start=\"310\" data-end=\"352\">\u00c5rets prestation inom Special Olympics<\/strong><br data-start=\"352\" data-end=\"355\" \/>Eva Dahlberg, l\u00e4ngdskidor<\/li>\n<li data-start=\"382\" data-end=\"446\"><strong data-start=\"382\" data-end=\"395\">\u00c5rets lag<\/strong><br data-start=\"395\" data-end=\"398\" \/>Emil Andersson och Daniel Gustafsson, bordtennis<\/li>\n<li data-start=\"448\" data-end=\"493\"><strong data-start=\"448\" data-end=\"467\">\u00c5rets nykomling<\/strong><br data-start=\"467\" data-end=\"470\" \/>Anja H\u00e4nd\u00e9n, bordtennis<\/li>\n<li data-start=\"495\" data-end=\"542\"><strong data-start=\"495\" data-end=\"511\">\u00c5rets ledare<\/strong><br data-start=\"511\" data-end=\"514\" \/>Mikaela Barrera Birath, judo<\/li>\n<li data-start=\"544\" data-end=\"606\"><strong data-start=\"544\" data-end=\"575\">Radiosportens Parasportpris<\/strong><br data-start=\"575\" data-end=\"578\" \/>Alice Berntsson, parafotboll<\/li>\n<li data-start=\"608\" data-end=\"682\"><strong data-start=\"608\" data-end=\"640\">Jerringfondens Parasportpris<\/strong><br data-start=\"640\" data-end=\"643\" \/>\u00d6stersunds SK, l\u00e4ngdskidor<\/li>\n<li data-start=\"684\" data-end=\"740\"><strong data-start=\"684\" data-end=\"704\">Hedersomn\u00e4mnande<\/strong><br data-start=\"704\" data-end=\"707\" \/>Meja Guldbrandsen<br data-start=\"724\" data-end=\"727\" \/>Albin Jonsson<\/li>\n<\/ul>\n<p>Text: Tomas Larsson\/SCF<br \/>\nFoto: Oscar Olsson och Karl Nilsson\/SPK och bilden fr\u00e5n Z\u00fcrich privat<\/p>\n","protected":false},"excerpt":{"rendered":"<p>Anna Beck tog hem priset som \u00c5rets kvinnliga idrottare under fredagskv\u00e4llens Parasportgala i G\u00f6teborg \u2013 en v\u00e4rdig hyllning efter sista s\u00e4songen av en fantastisk karri\u00e4r. Beck, som just nu \u00e4r p\u00e5 uppdrag i Belgien i sin nya roll som f\u00f6rbundskapten f\u00f6r paracykel, satte punkt f\u00f6r t\u00e4vlingskarri\u00e4ren med medalj p\u00e5 Paralympics i Paris, VM-guld. S\u00e5<a href=\"https:\/\/scf.se\/forbundet\/anna-beck-pa-ledaruppdrag-i-belgien-prisades-pa-parasportgalan-i-goteborg\/\" class=\"news-card__more\"> &#8230;<\/a><\/p>\n","protected":false},"author":41,"featured_media":9449,"comment_status":"open","ping_status":"open","sticky":false,"template":"","format":"standard","meta":{"_acf_changed":false,"footnotes":""},"categories":[1],"tags":[],"class_list":["post-10305","post","type-post","status-publish","format-standard","hentry","category-forbundet"],"acf":[],"_links":{"self":[{"href":"https:\/\/scf.se\/forbundet\/wp-json\/wp\/v2\/posts\/10305","targetHints":{"allow":["GET"]}}],"collection":[{"href":"https:\/\/scf.se\/forbundet\/wp-json\/wp\/v2\/posts"}],"about":[{"href":"https:\/\/scf.se\/forbundet\/wp-json\/wp\/v2\/types\/post"}],"author":[{"embeddable":true,"href":"https:\/\/scf.se\/forbundet\/wp-json\/wp\/v2\/users\/41"}],"replies":[{"embeddable":true,"href":"https:\/\/scf.se\/forbundet\/wp-json\/wp\/v2\/comments?post=10305"}],"version-history":[{"count":13,"href":"https:\/\/scf.se\/forbundet\/wp-json\/wp\/v2\/posts\/10305\/revisions"}],"predecessor-version":[{"id":10321,"href":"https:\/\/scf.se\/forbundet\/wp-json\/wp\/v2\/posts\/10305\/revisions\/10321"}],"wp:featuredmedia":[{"embeddable":true,"href":"https:\/\/scf.se\/forbundet\/wp-json\/wp\/v2\/media\/9449"}],"wp:attachment":[{"href":"https:\/\/scf.se\/forbundet\/wp-json\/wp\/v2\/media?parent=10305"}],"wp:term":[{"taxonomy":"category","embeddable":true,"href":"https:\/\/scf.se\/forbundet\/wp-json\/wp\/v2\/categories?post=10305"},{"taxonomy":"post_tag","embeddable":true,"href":"https:\/\/scf.se\/forbundet\/wp-json\/wp\/v2\/tags?post=10305"}],"curies":[{"name":"wp","href":"https:\/\/api.w.org\/{rel}","templated":true}]}}