
{"id":10226,"date":"2025-04-22T15:52:30","date_gmt":"2025-04-22T13:52:30","guid":{"rendered":"https:\/\/scf.se\/forbundet\/?p=10226"},"modified":"2025-04-22T16:35:22","modified_gmt":"2025-04-22T14:35:22","slug":"stor-vm-utokas-med-e-cycling-och-landsvag-pa-klassisk-fransk-vm-miljo","status":"publish","type":"post","link":"https:\/\/scf.se\/forbundet\/stor-vm-utokas-med-e-cycling-och-landsvag-pa-klassisk-fransk-vm-miljo\/","title":{"rendered":"Stor-VM ut\u00f6kas med b\u00e5de E-cycling och pumptrack till Frankrike 2027&#8230;"},"content":{"rendered":"<p class=\"\" data-start=\"402\" data-end=\"738\"><strong>Legendarisk terr\u00e4ng, tuff kupering och modern m\u00e4sterskapspuls. N\u00e4r det gemensamma cykel-VM \u00e5terv\u00e4nder 2027 \u00e4r det franska Sallanches \u2013 platsen f\u00f6r landsv\u00e4gs-VM 1964 och 1980 \u2013 som st\u00e5r i centrum f\u00f6r de mest klassiska t\u00e4vlingarna. Samtidigt v\u00e4xer m\u00e4sterskapet till det st\u00f6rsta n\u00e5gonsin, med 20 grenar p\u00e5 12 orter i Haute-Savoie-regionen.<\/strong><\/p>\n<p class=\"\" data-start=\"740\" data-end=\"1226\">Det blir andra upplagan av UCI:s \u201dSuper Worlds\u201d, d\u00e4r samtliga discipliner inom cykelsporten samlas till ett och samma gigantiska m\u00e4sterskap. Efter premi\u00e4ren i Glasgow 2023 st\u00e5r nu Frankrike som v\u00e4rd 24 augusti\u20135 september 2027.<\/p>\n<a href=\"https:\/\/scf.se\/forbundet\/wp-content\/uploads\/sites\/9\/2025\/04\/JnWmaTHrdNScXcQacWVyNP-1200-80-1.png-1.png\"><img loading=\"lazy\" decoding=\"async\" class=\"alignnone size-full wp-image-10232\" src=\"https:\/\/scf.se\/forbundet\/wp-content\/uploads\/sites\/9\/2025\/04\/JnWmaTHrdNScXcQacWVyNP-1200-80-1.png-1.png\" alt=\"\" width=\"1200\" height=\"1698\" srcset=\"https:\/\/scf.se\/forbundet\/wp-content\/uploads\/sites\/9\/2025\/04\/JnWmaTHrdNScXcQacWVyNP-1200-80-1.png-1.png 1200w, https:\/\/scf.se\/forbundet\/wp-content\/uploads\/sites\/9\/2025\/04\/JnWmaTHrdNScXcQacWVyNP-1200-80-1.png-1-212x300.png 212w, https:\/\/scf.se\/forbundet\/wp-content\/uploads\/sites\/9\/2025\/04\/JnWmaTHrdNScXcQacWVyNP-1200-80-1.png-1-724x1024.png 724w, https:\/\/scf.se\/forbundet\/wp-content\/uploads\/sites\/9\/2025\/04\/JnWmaTHrdNScXcQacWVyNP-1200-80-1.png-1-768x1087.png 768w, https:\/\/scf.se\/forbundet\/wp-content\/uploads\/sites\/9\/2025\/04\/JnWmaTHrdNScXcQacWVyNP-1200-80-1.png-1-1086x1536.png 1086w\" sizes=\"auto, (max-width: 1200px) 100vw, 1200px\" \/><\/a>\n<p class=\"\" data-start=\"740\" data-end=\"1226\">Landsv\u00e4gsgrenarna avg\u00f6rs p\u00e5 en 13,3 kilometer l\u00e5ng bana i och kring Sallanches \u2013 med den ikoniska stigningen C\u00f4te de Domancy, senast anv\u00e4nd under VM 1980 d\u00e5 Bernard Hinault och Beth Heiden tog hem v\u00e4rldsm\u00e4startitlarna.<\/p>\n<p class=\"\" data-start=\"1228\" data-end=\"1503\">Totalt ska 281 v\u00e4rldsm\u00e4startitlar delas ut under tretton dagar, men exakt f\u00f6rdelning och t\u00e4vlingsdatum har \u00e4nnu inte presenterats. Det st\u00e5r dock klart att landsv\u00e4gsbanan kommer att anv\u00e4ndas i samtliga \u00e5ldersklasser \u2013 junior, U23 och elit \u2013 men antal varv \u00e4r \u00e4nnu inte best\u00e4mt.<\/p>\n<p data-start=\"1228\" data-end=\"1503\">Men det \u00e4r inte bara klassikerna som finns med p\u00e5 stor-VM. Intresset f\u00f6r nya discipliner v\u00e4xer snabbt, och 2027 g\u00f6r flera av dem entr\u00e9 i VM-programmet. Bland annat E-cycling, d\u00e4r Sverige etablerat sig som en stark nation, f\u00e5r nu sin plats i det gemensamma m\u00e4sterskapet efter att ha k\u00f6rts som frist\u00e5ende VM i Abu Dhabi 2024\u20132026.<\/p>\n<p data-start=\"1228\" data-end=\"1503\">Pumptrack har etablerat sig i Sverige, inte minst genom m\u00e5nga anl\u00e4ggningar landet runt. Men det har ocks\u00e5 varit sportslig framg\u00e5ng genom unga cykister som Lowe Sylwan och Felicia Klingstr\u00f6m som b\u00e5da har varit sjua p\u00e5 VM, 2024 i Sydafrika respektive 2023 inomhus i \u00d6sterrike. Nu finns pumptrack med i stor-VM.<\/p>\n<p data-start=\"1228\" data-end=\"1503\">\u00c4ven gravel och mountainbikens enduro, som \u00e4r tv\u00e5 v\u00e4xande grenar, finns denna g\u00e5ng med i stor-VM. Det var ytterst n\u00e4ra f\u00f6r enduro redan i Glasgow 2023.<\/p>\n<p class=\"\" data-start=\"1789\" data-end=\"2027\">Samtidigt som man blickar bak\u00e5t mot historiska cykel\u00f6gonblick tar UCI ocks\u00e5 flera steg mot framtiden. 2027 \u00e5rs m\u00e4sterskap f\u00e5r hela sju nya grenar.<\/p>\n<p class=\"\" data-start=\"1505\" data-end=\"1607\">UCI:s ordf\u00f6rande David Lappartient kallar konceptet med gemensamt VM f\u00f6r en vision som nu f\u00f6rdjupas:<\/p>\n<blockquote data-start=\"1608\" data-end=\"1787\">\n<p class=\"\" data-start=\"1610\" data-end=\"1787\">&#8221;Det h\u00e4r var en del av min vision n\u00e4r jag valdes 2017. Den blev verklighet i Glasgow 2023 och vi bygger nu vidare p\u00e5 det vi skapade d\u00e4r \u2013 med \u00e4nnu st\u00f6rre bredd i disciplinerna.&#8221;<\/p>\n<\/blockquote>\n<h3>Nya grenar i stor-VM 2027<\/h3>\n<p class=\"\" data-start=\"2070\" data-end=\"2115\">F\u00f6ljande discipliner tillkommer i programmet gentemot f\u00f6rra stor-VM i Glasgow 2023<\/p>\n<ul>\n<li data-start=\"2119\" data-end=\"2278\"><strong data-start=\"2119\" data-end=\"2132\">E-cycling<\/strong> (efter att ha k\u00f6rts som frist\u00e5ende VM i Abu Dhabi 2024\u20132026 blir grenen nu en officiell del av m\u00e4sterskapet \u2013 d\u00e4r Sverige tillh\u00f6r v\u00e4rldseliten)<\/li>\n<li data-start=\"2281\" data-end=\"2293\"><strong data-start=\"2281\" data-end=\"2291\">Gravel<\/strong><\/li>\n<li data-start=\"2296\" data-end=\"2321\"><strong data-start=\"2296\" data-end=\"2319\">Mountainbike enduro<\/strong><\/li>\n<li data-start=\"2324\" data-end=\"2340\"><strong data-start=\"2324\" data-end=\"2338\">Pumptrack<\/strong><\/li>\n<li data-start=\"2343\" data-end=\"2370\"><strong data-start=\"2343\" data-end=\"2368\">Bancykel, juniorklass<\/strong><\/li>\n<li data-start=\"2373\" data-end=\"2459\"><strong data-start=\"2373\" data-end=\"2397\">Inomhuscykelspeedway<\/strong> (kortbana inomhus med snabba varv p\u00e5 oval bana, k\u00f6rs i lag)<\/li>\n<li data-start=\"2462\" data-end=\"2528\"><strong data-start=\"2462\" data-end=\"2475\">Cykelpolo<\/strong> (lagidrott p\u00e5 cykel \u2013 som h\u00e4stpolo fast p\u00e5 tv\u00e5 hjul)<\/li>\n<\/ul>\n<p class=\"\" data-start=\"2530\" data-end=\"2732\">Det gemensamma m\u00e4sterskapet kommer att k\u00f6ras p\u00e5 tolv olika t\u00e4vlingsorter i sydv\u00e4stra Frankrike och \u00e4r det mest omfattande i UCI:s historia hittills \u2013 b\u00e5de i antal discipliner och bredd av cykelkultur.<\/p>\n<p data-start=\"2530\" data-end=\"2732\"><em>Text och arkivfoto: SCF<\/em><br \/>\n<em>Karta: UCI<\/em><\/p>\n","protected":false},"excerpt":{"rendered":"<p>Legendarisk terr\u00e4ng, tuff kupering och modern m\u00e4sterskapspuls. N\u00e4r det gemensamma cykel-VM \u00e5terv\u00e4nder 2027 \u00e4r det franska Sallanches \u2013 platsen f\u00f6r landsv\u00e4gs-VM 1964 och 1980 \u2013 som st\u00e5r i centrum f\u00f6r de mest klassiska t\u00e4vlingarna. Samtidigt v\u00e4xer m\u00e4sterskapet till det st\u00f6rsta n\u00e5gonsin, med 20 grenar p\u00e5 12 orter i Haute-Savoie-regionen. Det blir andra upplagan av<a href=\"https:\/\/scf.se\/forbundet\/stor-vm-utokas-med-e-cycling-och-landsvag-pa-klassisk-fransk-vm-miljo\/\" class=\"news-card__more\"> &#8230;<\/a><\/p>\n","protected":false},"author":41,"featured_media":10231,"comment_status":"open","ping_status":"open","sticky":false,"template":"","format":"standard","meta":{"_acf_changed":false,"footnotes":""},"categories":[1],"tags":[],"class_list":["post-10226","post","type-post","status-publish","format-standard","hentry","category-forbundet"],"acf":[],"_links":{"self":[{"href":"https:\/\/scf.se\/forbundet\/wp-json\/wp\/v2\/posts\/10226","targetHints":{"allow":["GET"]}}],"collection":[{"href":"https:\/\/scf.se\/forbundet\/wp-json\/wp\/v2\/posts"}],"about":[{"href":"https:\/\/scf.se\/forbundet\/wp-json\/wp\/v2\/types\/post"}],"author":[{"embeddable":true,"href":"https:\/\/scf.se\/forbundet\/wp-json\/wp\/v2\/users\/41"}],"replies":[{"embeddable":true,"href":"https:\/\/scf.se\/forbundet\/wp-json\/wp\/v2\/comments?post=10226"}],"version-history":[{"count":8,"href":"https:\/\/scf.se\/forbundet\/wp-json\/wp\/v2\/posts\/10226\/revisions"}],"predecessor-version":[{"id":10241,"href":"https:\/\/scf.se\/forbundet\/wp-json\/wp\/v2\/posts\/10226\/revisions\/10241"}],"wp:featuredmedia":[{"embeddable":true,"href":"https:\/\/scf.se\/forbundet\/wp-json\/wp\/v2\/media\/10231"}],"wp:attachment":[{"href":"https:\/\/scf.se\/forbundet\/wp-json\/wp\/v2\/media?parent=10226"}],"wp:term":[{"taxonomy":"category","embeddable":true,"href":"https:\/\/scf.se\/forbundet\/wp-json\/wp\/v2\/categories?post=10226"},{"taxonomy":"post_tag","embeddable":true,"href":"https:\/\/scf.se\/forbundet\/wp-json\/wp\/v2\/tags?post=10226"}],"curies":[{"name":"wp","href":"https:\/\/api.w.org\/{rel}","templated":true}]}}