
{"id":10178,"date":"2025-04-16T15:20:41","date_gmt":"2025-04-16T13:20:41","guid":{"rendered":"https:\/\/scf.se\/forbundet\/?p=10178"},"modified":"2025-04-16T15:56:56","modified_gmt":"2025-04-16T13:56:56","slug":"uem-forberedande-ungdomslager-missa-inte-mtb-hojdaren-i-maj","status":"publish","type":"post","link":"https:\/\/scf.se\/forbundet\/uem-forberedande-ungdomslager-missa-inte-mtb-hojdaren-i-maj\/","title":{"rendered":"MISSA INTE MTB-h\u00f6jdaren i maj: UEM-f\u00f6rberedande ungdomsl\u00e4ger"},"content":{"rendered":"<p class=\"\" data-start=\"328\" data-end=\"734\"><strong>Den 24\u201325 maj bjuder IF Hallby SOK Cykel in till nationellt ungdomsl\u00e4ger i MTB med fokus p\u00e5 tekniktr\u00e4ning och f\u00f6rberedelser inf\u00f6r UEM 2025. L\u00e4gret riktar sig till ungdomar f\u00f6dda 2009\u20132012 och \u00e4r \u00f6ppet \u00e4ven f\u00f6r den som inte ska delta i UEM. Under tv\u00e5 fullsp\u00e4ckade dagar v\u00e4ntar tr\u00e4ning, gemenskap och testt\u00e4vling p\u00e5 de aktuella UEM-banorna i omr\u00e5det runt Axamo och Hallby Arena i J\u00f6nk\u00f6ping.<\/strong><\/p>\n<h3><a href=\"https:\/\/educationwebregistration.idrottonline.se\/home\/index\/2065740\"><strong><em>H\u00e4r anm\u00e4ler du dig till det UEM-f\u00f6rberedande MTB-l\u00e4gret!<\/em><\/strong><\/a><\/h3>\n<p data-start=\"736\" data-end=\"971\">Tekniktr\u00e4ningen sker p\u00e5 banan, och helgen avslutas med en tr\u00e4ningsinriktad t\u00e4vling.<em><strong> Observera att det ocks\u00e5 g\u00e5r att anm\u00e4la sig bara till tr\u00e4ningst\u00e4vlingen<\/strong><\/em>, g\u00f6r det i \u00f6vrigt-f\u00e4ltet p\u00e5 IdrottOnline i s\u00e5 fall.<\/p>\n<p class=\"\" data-start=\"736\" data-end=\"971\">L\u00e4gret leds av Linn Gustafzzon tillsammans med flera tr\u00e4nare fr\u00e5n Hallby.\u00a0Ansvariga f\u00f6r l\u00e4gret \u00e4r Eskil Laago och Jonas \u00c5berg fr\u00e5n IF Hallby SOK Cykel.<\/p>\n<h3>Nationellt UEM-f\u00f6rberedande ungdomsl\u00e4ger MTB<\/h3>\n<ul>\n<li><strong>Datum:<\/strong> 24\u201325 maj 2025.<\/li>\n<li><strong>Plats:<\/strong> Hallby arena.<\/li>\n<li><strong>Deltagare<\/strong>: Alla ungdomar mellan 13\u201316 \u00e5r \u00e4r v\u00e4lkomna (f\u00f6dd 2009\u201312).<\/li>\n<li><strong>Anm\u00e4lan:<\/strong> \u00d6ppnar i dag 16 april i <a href=\"https:\/\/login.idrottonline.se\/authn\/authenticate?serviceProviderId=nav-bar\"><strong><em>IdrottOnline<\/em><\/strong><\/a>. St\u00e4nger den 16 maj. Observera att platserna inte \u00e4r obegr\u00e4nsade och det \u00e4r f\u00f6rst till kvarn som g\u00e4ller.<a href=\"https:\/\/educationwebregistration.idrottonline.se\/home\/index\/2065740\"> <em><strong>Direktl\u00e4nk till anm\u00e4lan, se ovan eller h\u00e4r!<\/strong><\/em><\/a><\/li>\n<li><strong>Ingen avgift:<\/strong> L\u00e4gret \u00e4r kostnadsfritt \u2013 anm\u00e4lan bindande. Boende ing\u00e5r ej. Det finns m\u00f6jlighet att st\u00e4lla upp husbil eller husvagn p\u00e5 parkeringen utanf\u00f6r Hallby.<\/li>\n<li><strong>Det ing\u00e5r<\/strong>: Middag l\u00f6rdag, lunch s\u00f6ndag, \u201dmellis\u201d s\u00f6ndag.<\/li>\n<li><strong>Omkl\u00e4dning:<\/strong> Det finns omkl\u00e4dningsrum med dusch och toalett p\u00e5 Hallby.<\/li>\n<li><strong>F\u00f6rs\u00e4kring:<\/strong> All cykling sker p\u00e5 egen risk \u2013 s\u00e5 se till att ha giltig licens som f\u00f6rs\u00e4kring under l\u00e4gret. <a href=\"https:\/\/scf.se\/licenser\/\"><em><strong>Information och tecknande av licens.<\/strong><\/em><\/a><\/li>\n<li><a href=\"https:\/\/scf.se\/forbundet\/wp-content\/uploads\/sites\/9\/2025\/04\/Inbjudan-Nationellt-UEM-MTB-ungdomslager-2025.pptx\"><em><strong>Arrang\u00f6rens folder om l\u00e4gret hittar ni h\u00e4r!<\/strong><\/em><\/a><\/li>\n<li><strong>Fr\u00e5gor om l\u00e4gret<\/strong>: Mejla till Eskil Laago, <em><strong>mailaeskil@gmail.com<\/strong><\/em><\/li>\n<\/ul>\n<h3 class=\"\" data-start=\"973\" data-end=\"986\">Tidsprogram<\/h3>\n<h4 data-start=\"987\" data-end=\"1006\"><strong data-start=\"987\" data-end=\"1004\">L\u00f6rdag 24 maj<\/strong><\/h4>\n<ul>\n<li data-start=\"1009\" data-end=\"1040\"><strong>16.30:<\/strong> Tekniktr\u00e4ning p\u00e5 banan<\/li>\n<li data-start=\"1043\" data-end=\"1069\">Gemensam middag p\u00e5 kv\u00e4llen<\/li>\n<\/ul>\n<h4 data-start=\"1071\" data-end=\"1090\"><strong data-start=\"1071\" data-end=\"1088\">S\u00f6ndag 25 maj<\/strong><\/h4>\n<ul>\n<li data-start=\"1093\" data-end=\"1130\"><strong>09.00\u201311.00:<\/strong> Tekniktr\u00e4ning p\u00e5 banan<\/li>\n<li data-start=\"1133\" data-end=\"1162\"><strong>12.00\u201313.00:<\/strong> Gemensam lunch<\/li>\n<li data-start=\"1165\" data-end=\"1196\"><strong>14.00:<\/strong> Tr\u00e4ningst\u00e4vling p\u00e5 banan<\/li>\n<\/ul>\n<h3>* * *<\/h3>\n<h2>Snart \u00f6ppnar \u00e4ven anm\u00e4lan till ungdoms-EM i augusti<\/h2>\n<p>F\u00f6rra \u00e5ret var det IKHP som var huvudansvarig klubb f\u00f6r ungdoms-EM. Nu l\u00e4mnas den stafettpinnen \u00f6ver till IF Hallby SOK, som arrangerar UEM-festen\u00a05\u20139 augusti.<\/p>\n<p>Vill man vara med och t\u00e4vla och ha kul i p\u00e5 ungdoms-EM i augusti s\u00e5 \u00f6ppnar registreringen inom kort. All anm\u00e4lan f\u00f6r deltagare i EM kommer att g\u00f6ras via UEC:s hemsida. Registreringen \u00f6ppnar<em>\u00a0<strong>m\u00e5ndagen den 5 maj kl 18.00.\u00a0<\/strong><\/em><\/p>\n<p>Det kommer att finnas en specifik registreringswebbplats via UEC. Du hittar all aktuell information och l\u00e4nk till registrering i <strong><em><a href=\"https:\/\/www.uec.ch\/en\/event\/256\/2025-uec-mtb-youth-european-championships\">UEC Race Hub &amp; Technical Guide<\/a>\u00a0.<\/em><\/strong> Alla cyklister och lagledare m\u00e5ste g\u00e5 igenom den tekniska guiden.<\/p>\n<ul>\n<li><a href=\"https:\/\/euroyouthmtb.com\/race-2025\"><em><strong>Bes\u00f6k ocks\u00e5 de svenska UEM-arrang\u00f6rernas hemsida h\u00e4r!<\/strong><\/em><\/a><\/li>\n<\/ul>\n<p><em>Text: SCF och IF Hallby SOK<\/em><\/p>\n","protected":false},"excerpt":{"rendered":"<p>Den 24\u201325 maj bjuder IF Hallby SOK Cykel in till nationellt ungdomsl\u00e4ger i MTB med fokus p\u00e5 tekniktr\u00e4ning och f\u00f6rberedelser inf\u00f6r UEM 2025. L\u00e4gret riktar sig till ungdomar f\u00f6dda 2009\u20132012 och \u00e4r \u00f6ppet \u00e4ven f\u00f6r den som inte ska delta i UEM. Under tv\u00e5 fullsp\u00e4ckade dagar v\u00e4ntar tr\u00e4ning, gemenskap och testt\u00e4vling p\u00e5 de aktuella<a href=\"https:\/\/scf.se\/forbundet\/uem-forberedande-ungdomslager-missa-inte-mtb-hojdaren-i-maj\/\" class=\"news-card__more\"> &#8230;<\/a><\/p>\n","protected":false},"author":41,"featured_media":10185,"comment_status":"open","ping_status":"open","sticky":false,"template":"","format":"standard","meta":{"_acf_changed":false,"footnotes":""},"categories":[1],"tags":[],"class_list":["post-10178","post","type-post","status-publish","format-standard","hentry","category-forbundet"],"acf":[],"_links":{"self":[{"href":"https:\/\/scf.se\/forbundet\/wp-json\/wp\/v2\/posts\/10178","targetHints":{"allow":["GET"]}}],"collection":[{"href":"https:\/\/scf.se\/forbundet\/wp-json\/wp\/v2\/posts"}],"about":[{"href":"https:\/\/scf.se\/forbundet\/wp-json\/wp\/v2\/types\/post"}],"author":[{"embeddable":true,"href":"https:\/\/scf.se\/forbundet\/wp-json\/wp\/v2\/users\/41"}],"replies":[{"embeddable":true,"href":"https:\/\/scf.se\/forbundet\/wp-json\/wp\/v2\/comments?post=10178"}],"version-history":[{"count":9,"href":"https:\/\/scf.se\/forbundet\/wp-json\/wp\/v2\/posts\/10178\/revisions"}],"predecessor-version":[{"id":10191,"href":"https:\/\/scf.se\/forbundet\/wp-json\/wp\/v2\/posts\/10178\/revisions\/10191"}],"wp:featuredmedia":[{"embeddable":true,"href":"https:\/\/scf.se\/forbundet\/wp-json\/wp\/v2\/media\/10185"}],"wp:attachment":[{"href":"https:\/\/scf.se\/forbundet\/wp-json\/wp\/v2\/media?parent=10178"}],"wp:term":[{"taxonomy":"category","embeddable":true,"href":"https:\/\/scf.se\/forbundet\/wp-json\/wp\/v2\/categories?post=10178"},{"taxonomy":"post_tag","embeddable":true,"href":"https:\/\/scf.se\/forbundet\/wp-json\/wp\/v2\/tags?post=10178"}],"curies":[{"name":"wp","href":"https:\/\/api.w.org\/{rel}","templated":true}]}}