
{"id":1004,"date":"2016-02-24T10:29:53","date_gmt":"2016-02-24T09:29:53","guid":{"rendered":"http:\/\/scf.se\/forbundet\/?p=1004"},"modified":"2016-02-24T10:29:53","modified_gmt":"2016-02-24T09:29:53","slug":"sportson-ny-samarbetpartner","status":"publish","type":"post","link":"https:\/\/scf.se\/forbundet\/sportson-ny-samarbetpartner\/","title":{"rendered":"Sportson ny samarbetpartner"},"content":{"rendered":"<p>I \u00e5r f\u00e5r vi ett tillskott bland v\u00e5ra samarbetspartners genom att Sportson g\u00e5r in och st\u00f6ttar\u00a0Svenska Cykelf\u00f6rbundet. Vi kommer bland annat att f\u00e5 se deras n\u00e4rvaro p\u00e5 m\u00e4sterskap och cupt\u00e4vlingar och i andra sammanhang under 2016. \u00a0Sportson \u00e4r en av Sveriges st\u00f6rsta cykelspecialister med 23 butiker d\u00e4r de s\u00e4ljer cyklar och tillbeh\u00f6r. De har ocks\u00e5 ett mobilt servicekoncept som inneb\u00e4r att de kan tillhandah\u00e5lla cykelservice \u00e5ret runt med sista-minuten-service p\u00e5 plats vid t.ex. t\u00e4vlingar och andra cykelevenemang.<\/p>\n<p>\u2013 Det k\u00e4nns som det minsta vi kan g\u00f6ra f\u00f6r Sveriges aktiva cyklister. Vi v\u00e4cker ocks\u00e5 liv i v\u00e5r slumrande klubb Sportson CK f\u00f6r att kunna erbjuda kunder och personal ett n\u00e4tverk f\u00f6r att tr\u00e4ffa nya v\u00e4nner, tr\u00e4ningskamrater och att k\u00f6ra licensierat. Att bara s\u00e4tta sig p\u00e5 cykeln och dra iv\u00e4g \u00e4r enkelt och vi hoppas kunna avdramatisera steget till att l\u00f6sa licensen och uppt\u00e4cka en ny dimension i cyklingen, s\u00e4ger Jonas Holtbo, marknadsansvarig p\u00e5 Sportson.<\/p>\n<p>Svenska Cykelf\u00f6rbundet har den senaste tiden arbetat m\u00e5linriktat f\u00f6r att skapa f\u00f6ruts\u00e4ttningar f\u00f6r samarbeten och m\u00e4rker av ett \u00f6kat intresse.<\/p>\n<p>\u2013 Vi \u00e4r mycket glada \u00f6ver att v\u00e4lkomna ytterligare en sponsor till v\u00e5r cykelfamilj. Cyklister och publik p\u00e5 v\u00e5ra svenska m\u00e4sterskaps- och cupt\u00e4vlingar kommer att k\u00e4nna av Sportsons engagemang den h\u00e4r s\u00e4songen, s\u00e4ger Lena Alfv\u00e9n, Svenska Cykelf\u00f6rbundets generalsekreterare.<\/p>\n<p>&nbsp;<\/p>\n","protected":false},"excerpt":{"rendered":"<p>I \u00e5r f\u00e5r vi ett tillskott bland v\u00e5ra samarbetspartners genom att Sportson g\u00e5r in och st\u00f6ttar\u00a0Svenska Cykelf\u00f6rbundet. Vi kommer bland annat att f\u00e5 se deras n\u00e4rvaro p\u00e5 m\u00e4sterskap och cupt\u00e4vlingar och i andra sammanhang under 2016. \u00a0Sportson \u00e4r en av Sveriges st\u00f6rsta cykelspecialister med 23 butiker d\u00e4r de s\u00e4ljer cyklar och tillbeh\u00f6r. De har<a href=\"https:\/\/scf.se\/forbundet\/sportson-ny-samarbetpartner\/\" class=\"news-card__more\"> &#8230;<\/a><\/p>\n","protected":false},"author":2,"featured_media":0,"comment_status":"open","ping_status":"open","sticky":false,"template":"","format":"standard","meta":{"_acf_changed":false,"footnotes":""},"categories":[1],"tags":[],"class_list":["post-1004","post","type-post","status-publish","format-standard","hentry","category-forbundet"],"acf":[],"_links":{"self":[{"href":"https:\/\/scf.se\/forbundet\/wp-json\/wp\/v2\/posts\/1004","targetHints":{"allow":["GET"]}}],"collection":[{"href":"https:\/\/scf.se\/forbundet\/wp-json\/wp\/v2\/posts"}],"about":[{"href":"https:\/\/scf.se\/forbundet\/wp-json\/wp\/v2\/types\/post"}],"author":[{"embeddable":true,"href":"https:\/\/scf.se\/forbundet\/wp-json\/wp\/v2\/users\/2"}],"replies":[{"embeddable":true,"href":"https:\/\/scf.se\/forbundet\/wp-json\/wp\/v2\/comments?post=1004"}],"version-history":[{"count":0,"href":"https:\/\/scf.se\/forbundet\/wp-json\/wp\/v2\/posts\/1004\/revisions"}],"wp:attachment":[{"href":"https:\/\/scf.se\/forbundet\/wp-json\/wp\/v2\/media?parent=1004"}],"wp:term":[{"taxonomy":"category","embeddable":true,"href":"https:\/\/scf.se\/forbundet\/wp-json\/wp\/v2\/categories?post=1004"},{"taxonomy":"post_tag","embeddable":true,"href":"https:\/\/scf.se\/forbundet\/wp-json\/wp\/v2\/tags?post=1004"}],"curies":[{"name":"wp","href":"https:\/\/api.w.org\/{rel}","templated":true}]}}