
{"id":10004,"date":"2025-03-12T12:52:17","date_gmt":"2025-03-12T11:52:17","guid":{"rendered":"https:\/\/scf.se\/forbundet\/?p=10004"},"modified":"2025-03-12T12:53:29","modified_gmt":"2025-03-12T11:53:29","slug":"enrico-della-casa-sitter-kvar-som-uec-president-fyra-ar-framover","status":"publish","type":"post","link":"https:\/\/scf.se\/forbundet\/enrico-della-casa-sitter-kvar-som-uec-president-fyra-ar-framover\/","title":{"rendered":"Enrico Della Casa sitter kvar som UEC-ordf\u00f6rande fyra \u00e5r fram\u00f6ver"},"content":{"rendered":"<p><strong>Enrico Della Casa forts\u00e4tter som UEC-ordf\u00f6rande. Vid helgens kongress i Bratislava omvaldes Enrico Della Casa som president f\u00f6r Europeiska Cykelf\u00f6rbundet (UEC). Mandatperioden \u00e4r l\u00e5ng, 2025\u20132029.<\/strong><\/p>\n<p>UEC-kongressen samlade delegater fr\u00e5n 49 av 51 medlemsf\u00f6rbund och valde \u00e4ven en ny styrelse:<\/p>\n<h4>Ordf\u00f6rande<\/h4>\n<ul>\n<li><strong>Enrico Della Casa<\/strong> (Italien\/Schweiz)<\/li>\n<\/ul>\n<h4>Ledam\u00f6ter<\/h4>\n<ul>\n<li><strong>Katarina Jakubov\u00e1<\/strong> (Slovakien)<\/li>\n<li><strong>Raivo Rand<\/strong> (Estland)<\/li>\n<li><strong>Georgios Georgiou<\/strong> (Cypern)<\/li>\n<li><strong>Bernd Dankowski<\/strong> (Tyskland)<\/li>\n<li><strong>Dafna Lang<\/strong> (Israel)<\/li>\n<li><strong>Sabrina Tsakona Twiss<\/strong> (Grekland)<\/li>\n<\/ul>\n<p>Det \u00e4r som synes en \u00f6vervikt av ledam\u00f6ter fr\u00e5n mindre cykelnationer nu n\u00e4r det var val\u00e5r i UEC; sker vart fj\u00e4rde \u00e5r. H\u00e4r kan det noteras att Cypern tvingades byta representant till styrelsen fr\u00e5n tidigare ryssen Igor Makarov till Georgios Georgiou, som \u00e4r ordf\u00f6rande i det nationella f\u00f6rbundet.<\/p>\n<p>Svensk cykel representerades av Thomas Backteman. Svenska Cykelf\u00f6rbundet, Nordic Cycling och dess n\u00e4rmaste samarbetsf\u00f6rbund hade hoppats p\u00e5 n\u00e5gon mer representant fr\u00e5n l\u00e4nder som Danmark, Storbritannien och Nederl\u00e4nderna. Men nu har man ju bara 9 av 49 r\u00f6ster och fick n\u00f6ja sig med estl\u00e4ndaren Raivo Rand. Gott s\u00e5. Estland ing\u00e5r ju i Nordic Cycling.<\/p>\n<p>Efter omvalet betonade Enrico Della Casa vikten av att st\u00e4rka europeisk cykling genom satsningar p\u00e5 ungdomar, j\u00e4mst\u00e4lldhet och internationella t\u00e4vlingar. \u00c5rets ungdoms-EM i MTB g\u00e5r i J\u00f6nk\u00f6ping (Hallby) efter att f\u00f6rra \u00e5rets UEM avgjordes i Huskvarna.<\/p>\n<p><em>Foto: UEC<\/em><\/p>\n","protected":false},"excerpt":{"rendered":"<p>Enrico Della Casa forts\u00e4tter som UEC-ordf\u00f6rande. Vid helgens kongress i Bratislava omvaldes Enrico Della Casa som president f\u00f6r Europeiska Cykelf\u00f6rbundet (UEC). Mandatperioden \u00e4r l\u00e5ng, 2025\u20132029. UEC-kongressen samlade delegater fr\u00e5n 49 av 51 medlemsf\u00f6rbund och valde \u00e4ven en ny styrelse: Ordf\u00f6rande Enrico Della Casa (Italien\/Schweiz) Ledam\u00f6ter Katarina Jakubov\u00e1 (Slovakien) Raivo Rand (Estland) Georgios Georgiou (Cypern)<a href=\"https:\/\/scf.se\/forbundet\/enrico-della-casa-sitter-kvar-som-uec-president-fyra-ar-framover\/\" class=\"news-card__more\"> &#8230;<\/a><\/p>\n","protected":false},"author":41,"featured_media":10005,"comment_status":"open","ping_status":"open","sticky":false,"template":"","format":"standard","meta":{"_acf_changed":false,"footnotes":""},"categories":[1],"tags":[],"class_list":["post-10004","post","type-post","status-publish","format-standard","hentry","category-forbundet"],"acf":[],"_links":{"self":[{"href":"https:\/\/scf.se\/forbundet\/wp-json\/wp\/v2\/posts\/10004","targetHints":{"allow":["GET"]}}],"collection":[{"href":"https:\/\/scf.se\/forbundet\/wp-json\/wp\/v2\/posts"}],"about":[{"href":"https:\/\/scf.se\/forbundet\/wp-json\/wp\/v2\/types\/post"}],"author":[{"embeddable":true,"href":"https:\/\/scf.se\/forbundet\/wp-json\/wp\/v2\/users\/41"}],"replies":[{"embeddable":true,"href":"https:\/\/scf.se\/forbundet\/wp-json\/wp\/v2\/comments?post=10004"}],"version-history":[{"count":2,"href":"https:\/\/scf.se\/forbundet\/wp-json\/wp\/v2\/posts\/10004\/revisions"}],"predecessor-version":[{"id":10007,"href":"https:\/\/scf.se\/forbundet\/wp-json\/wp\/v2\/posts\/10004\/revisions\/10007"}],"wp:featuredmedia":[{"embeddable":true,"href":"https:\/\/scf.se\/forbundet\/wp-json\/wp\/v2\/media\/10005"}],"wp:attachment":[{"href":"https:\/\/scf.se\/forbundet\/wp-json\/wp\/v2\/media?parent=10004"}],"wp:term":[{"taxonomy":"category","embeddable":true,"href":"https:\/\/scf.se\/forbundet\/wp-json\/wp\/v2\/categories?post=10004"},{"taxonomy":"post_tag","embeddable":true,"href":"https:\/\/scf.se\/forbundet\/wp-json\/wp\/v2\/tags?post=10004"}],"curies":[{"name":"wp","href":"https:\/\/api.w.org\/{rel}","templated":true}]}}