
{"id":666,"date":"2023-10-13T13:22:45","date_gmt":"2023-10-13T11:22:45","guid":{"rendered":"http:\/\/scf.se\/e-cycling\/?p=666"},"modified":"2023-10-13T13:38:55","modified_gmt":"2023-10-13T11:38:55","slug":"serie-i-e-cycling-for-svenska-norska-och-danska-ungdomar-startas","status":"publish","type":"post","link":"https:\/\/scf.se\/e-cycling\/2023\/10\/13\/serie-i-e-cycling-for-svenska-norska-och-danska-ungdomar-startas\/","title":{"rendered":"E-cyclingserie f\u00f6r svenska, norska och danska ungdomar startas nu"},"content":{"rendered":"<p><strong>Svenska Cykelf\u00f6rbundets grengrupp E-cycling vill ge ungdomar en chans att f\u00e5 k\u00f6ra lopp mot j\u00e4mn\u00e5riga. D\u00e4rf\u00f6r startar man ett samarbete med kollegorna i de norska och danska cykelf\u00f6rbunden. <\/strong><strong>Tillsammans ger de tre nordiska f\u00f6rbunden en m\u00f6jlighet att k\u00f6ra lopp p\u00e5 Zwift och ha roligt.\u00a0<\/strong><\/p>\n<blockquote><p>&#8221;Det skall bli sp\u00e4nnande och se vad ungdomarna tycker om detta och jag tror att det blir kul med cyklister fr\u00e5n s\u00e5v\u00e4l Norge, Sverige och Danmark. Norska f\u00f6rbundet kommer att administrera eventet som b\u00f6rjar redan p\u00e5 onsdag den 18 oktober&#8221;, s\u00e4ger Conny Bj\u00f6rnehall som \u00e4r ordf\u00f6rande i grengrupp E-cycling.<\/p><\/blockquote>\n<div id=\"attachment_599\" class=\"wp-caption alignnone\" ><a href=\"https:\/\/scf.se\/e-cycling\/wp-content\/uploads\/sites\/11\/2023\/02\/Rigga-2.jpg\"><img loading=\"lazy\" decoding=\"async\" class=\"size-full wp-image-599\" src=\"https:\/\/scf.se\/e-cycling\/wp-content\/uploads\/sites\/11\/2023\/02\/Rigga-2.jpg\" alt=\"\" width=\"1696\" height=\"1258\" srcset=\"https:\/\/scf.se\/e-cycling\/wp-content\/uploads\/sites\/11\/2023\/02\/Rigga-2.jpg 1696w, https:\/\/scf.se\/e-cycling\/wp-content\/uploads\/sites\/11\/2023\/02\/Rigga-2-300x223.jpg 300w, https:\/\/scf.se\/e-cycling\/wp-content\/uploads\/sites\/11\/2023\/02\/Rigga-2-1024x760.jpg 1024w, https:\/\/scf.se\/e-cycling\/wp-content\/uploads\/sites\/11\/2023\/02\/Rigga-2-768x570.jpg 768w, https:\/\/scf.se\/e-cycling\/wp-content\/uploads\/sites\/11\/2023\/02\/Rigga-2-1536x1139.jpg 1536w\" sizes=\"auto, (max-width: 1696px) 100vw, 1696px\" \/><\/a><p class=\"wp-caption-text\"><em>Linda Tufvesson och Conny Bj\u00f6rnehall i grengrupp E-cycling. Foto: Tomas Larsson\/SCF<\/em><\/p><\/div>\n<h3>NCF eCup ungdomar, s\u00e4song 1 2023\/24<\/h3>\n<ul>\n<li>\u00c4ntligen kommer en ny omg\u00e5ng lopp f\u00f6r unga. Start blir redan 18 oktober kl 17:45.<\/li>\n<li>Nytt f\u00f6r i \u00e5r \u00e4r att vi kommer att bjuda in cyklister fr\u00e5n Sverige och Danmark att t\u00e4vla med oss, s\u00e5 vi hoppas p\u00e5 mycket n\u00f6je och roliga lopp.<\/li>\n<li>T\u00e4vlingsl\u00e4nk\/url skickas ut varje tisdag kv\u00e4ll innan loppet.<\/li>\n<li>Registrera dig genom att f\u00f6lja <a href=\"https:\/\/forms.gle\/BzfV6CctZ3graHKX9\"><em><strong>DENNA L\u00c4NK!\u00a0<\/strong><\/em><\/a><\/li>\n<li>Sista anm\u00e4lningsdag, alltid 15.00 p\u00e5 t\u00e4vlingsdagen. Se lopp och datum nedan!<\/li>\n<li>Alla lopp startar p\u00e5 onsdagar kl 17.45\u201318.05, beroende p\u00e5 klass.<\/li>\n<li>Fyra av av de sex loppen i serien r\u00e4knas till totalst\u00e4llningen.<\/li>\n<li>De olika klasserna g\u00e5r fr\u00e5n 1 till 6 varv beroende p\u00e5 \u00e5lder, fr\u00e5n 10 till 40 km, detaljerad information om l\u00e4ngd framg\u00e5r av eventet\/arrangemanget under NCF eSports Facebooksida: <a href=\"https:\/\/www.facebook.com\/NCFsykkelesport\"><em><strong>https:\/\/www.facebook.com\/NCFsykkelesport<\/strong><\/em>, <\/a>kommer \u00e4ven att delas p\u00e5 ZuNos Facebookgrupp.<\/li>\n<li>Loppen \u00e4r inte synliga i Zwift-event eller i Companion-appen. <a href=\"https:\/\/docs.google.com\/...\/1ob4ahJ_Q5DXe5GiW-cG5Q...\/edit\"><em><strong>Cyklisterna m\u00e5ste registrera sig i f\u00f6rv\u00e4g H\u00c4R!<\/strong><\/em><\/a><\/li>\n<li>Inbjudningsl\u00e4nken kommer att vara skickas ut f\u00f6re varje lopp via e-post.<\/li>\n<\/ul>\n<h3>Loppen som ing\u00e5r i ungdomsserien<\/h3>\n<ul>\n<li><strong>Omg\u00e5ng 1:<\/strong> Twilight Harbor (\u00f6versta bilden)<\/li>\n<li><strong>Omg\u00e5ng 2:<\/strong> Innsbruck Ring<\/li>\n<li><strong>Omg\u00e5ng 3:<\/strong> London Loop\/Vally till Mountiantop<\/li>\n<li><strong>Omg\u00e5ng 4:<\/strong> Seaside Sprint<\/li>\n<li><strong>Omg\u00e5ng 5<\/strong>: Gotham Grind<\/li>\n<li><strong>Omg\u00e5ng 6:<\/strong> Glasgow Crit Circuit (bilden nedan)<\/li>\n<\/ul>\n<a href=\"https:\/\/scf.se\/e-cycling\/wp-content\/uploads\/sites\/11\/2023\/10\/2021-11-18_17593722_clean.jpg\"><img loading=\"lazy\" decoding=\"async\" class=\"alignnone size-full wp-image-668\" src=\"https:\/\/scf.se\/e-cycling\/wp-content\/uploads\/sites\/11\/2023\/10\/2021-11-18_17593722_clean.jpg\" alt=\"\" width=\"2560\" height=\"1384\" srcset=\"https:\/\/scf.se\/e-cycling\/wp-content\/uploads\/sites\/11\/2023\/10\/2021-11-18_17593722_clean.jpg 2560w, https:\/\/scf.se\/e-cycling\/wp-content\/uploads\/sites\/11\/2023\/10\/2021-11-18_17593722_clean-300x162.jpg 300w, https:\/\/scf.se\/e-cycling\/wp-content\/uploads\/sites\/11\/2023\/10\/2021-11-18_17593722_clean-1024x554.jpg 1024w, https:\/\/scf.se\/e-cycling\/wp-content\/uploads\/sites\/11\/2023\/10\/2021-11-18_17593722_clean-768x415.jpg 768w, https:\/\/scf.se\/e-cycling\/wp-content\/uploads\/sites\/11\/2023\/10\/2021-11-18_17593722_clean-1536x830.jpg 1536w, https:\/\/scf.se\/e-cycling\/wp-content\/uploads\/sites\/11\/2023\/10\/2021-11-18_17593722_clean-2048x1107.jpg 2048w\" sizes=\"auto, (max-width: 2560px) 100vw, 2560px\" \/><\/a>\n<h3>\u00c5lderskategorier NCF eCup<\/h3>\n<ul>\n<li><strong>17.45:<\/strong> A \u2013 M+K 15-16 \u00e5r<\/li>\n<li><strong>17.50<\/strong>: B \u2013 M+K 13-14 \u00e5r<\/li>\n<li><strong>18.00:<\/strong> C \u2013 M+K 11-12 \u00e5r<\/li>\n<li><strong>18.05<\/strong>: D \u2013 M+K 8-10 \u00e5r<\/li>\n<li><strong>18.05<\/strong>: E \u2013 Vuxna, i s\u00e4llskap<\/li>\n<\/ul>\n<h3>Generella regler f\u00f6r alla kategorier<\/h3>\n<ul>\n<li>Inga powerups aktiverade<\/li>\n<li>Tempocyklar \u00e4r inte till\u00e5tna (s\u00e5vida det inte finns ett tempolopp)<\/li>\n<li>En resultatlista g\u00f6rs f\u00f6r klasserna A-B, ingen resultatlista f\u00f6r klasserna C-E<\/li>\n<li>F\u00f6r att komma med p\u00e5 resultatlistan m\u00e5ste deltagarna ha ett registrerat konto p\u00e5 Zwiftpower<\/li>\n<li>Inget alias ska anv\u00e4ndas i Zwift eller p\u00e5 Zwiftpower<\/li>\n<li>Cyklister som registrerar sig i fel \u00e5lderskategori kommer att diskvalificeras.<\/li>\n<li>\u00c5lderskategori \u00e4r baserad p\u00e5 din \u00e5lder 2023. S\u00e5 om du fyller 13 \u00e5r under 2023 ans\u00f6ker du i 13-14 \u00e5rsklassen.<\/li>\n<li>Tilldelad klass f\u00f6r H\u00f6stcupen 2023 g\u00e4ller \u00e4ven Vintercupen 2024.<\/li>\n<\/ul>\n<h3>Regler f\u00f6r kategori A och B<\/h3>\n<ul>\n<li>Pulsm\u00e4tare \u00e4r obligatorisk.<\/li>\n<li>zPower kan inte ta kategoriseger.<\/li>\n<\/ul>\n<h3>Regler f\u00f6r kategori E<\/h3>\n<ul>\n<li>Vuxna\/ledsagare f\u00e5r inte t\u00e4vla, det vill s\u00e4ga de f\u00e5r inte \u00f6ka tempot, vara f\u00f6rst i grupp och s\u00e5 vidare.<\/li>\n<\/ul>\n<h3>Po\u00e4ng vid m\u00e5lg\u00e5ng i enskilt lopp<\/h3>\n<ul>\n<li><strong>1:a:<\/strong> 35 po\u00e4ng.<\/li>\n<li><strong>2:a:<\/strong> 30 po\u00e4ng.<\/li>\n<li><strong>3:a<\/strong>: 28 po\u00e4ng.<\/li>\n<li><strong>4\u201330:<\/strong> 27, 26, 25, 24, 23, 22, 21, 20, 19, 18, 17, 16, 15, 14, 13, 12, 11, 10, 9, 8, 7, 6, 5, 4, 3\u00a0 2, 1 po\u00e4ng.<\/li>\n<\/ul>\n<h3>Sprintpo\u00e4ng, kl\u00e4tterpo\u00e4ng och etappo\u00e4ng<\/h3>\n<ul>\n<li>Ut\u00f6ver po\u00e4ng vid m\u00e5lg\u00e5ng kommer po\u00e4ng att delas ut p\u00e5 olika sprintportaler och kl\u00e4tterportaler p\u00e5 olika etapper (se lopp\u00f6versikt).<\/li>\n<li>Dessa po\u00e4ng kommer att l\u00e4ggas ihop f\u00f6r varje lopp och den med flest po\u00e4ng \u00e4r vinnaren av loppet i fr\u00e5ga.<br \/>\nPo\u00e4ngen som samlas in i ett lopp \u00f6verf\u00f6rs till den totala listan f\u00f6r rankning. Olika etapper kan ocks\u00e5 inneh\u00e5lla h\u00f6gre po\u00e4ng.<\/li>\n<\/ul>\n<h3>Seriepo\u00e4ng<\/h3>\n<p>Po\u00e4ng intj\u00e4nade i de olika loppen omvandlas till seriepo\u00e4ng och delas ut efter placering i det individuella loppet. Seriepo\u00e4ng delas ut i varje klass:<\/p>\n<ul>\n<li><strong>1:a:<\/strong> 35 po\u00e4ng.<\/li>\n<li><strong>2:a:<\/strong> 30 po\u00e4ng.<\/li>\n<li><strong>3:a<\/strong>: 28 po\u00e4ng.<\/li>\n<li><strong>4\u201330:<\/strong> 27, 26, 25, 24, 23, 22, 21, 20, 19, 18, 17, 16, 15, 14, 13, 12, 11, 10, 9, 8, 7, 6, 5, 4, 3 , 2, 1 po\u00e4ng.<\/li>\n<\/ul>\n<p><em>Text: SCF<br \/>\nFoto: Zwift d\u00e4r inte annat anges<\/em><\/p>\n","protected":false},"excerpt":{"rendered":"<p>Svenska Cykelf\u00f6rbundets grengrupp E-cycling vill ge ungdomar en chans att f\u00e5 k\u00f6ra lopp mot j\u00e4mn\u00e5riga. D\u00e4rf\u00f6r startar man ett samarbete med kollegorna i de norska och danska cykelf\u00f6rbunden. Tillsammans ger de tre nordiska f\u00f6rbunden en m\u00f6jlighet att k\u00f6ra lopp p\u00e5 Zwift och ha roligt.\u00a0 &#8221;Det skall bli sp\u00e4nnande och se vad ungdomarna tycker om<a href=\"https:\/\/scf.se\/e-cycling\/2023\/10\/13\/serie-i-e-cycling-for-svenska-norska-och-danska-ungdomar-startas\/\" class=\"news-card__more\"> &#8230;<\/a><\/p>\n","protected":false},"author":41,"featured_media":669,"comment_status":"open","ping_status":"open","sticky":false,"template":"","format":"standard","meta":{"_acf_changed":false,"footnotes":""},"categories":[1],"tags":[],"class_list":["post-666","post","type-post","status-publish","format-standard","hentry","category-okategoriserade"],"acf":[],"_links":{"self":[{"href":"https:\/\/scf.se\/e-cycling\/wp-json\/wp\/v2\/posts\/666","targetHints":{"allow":["GET"]}}],"collection":[{"href":"https:\/\/scf.se\/e-cycling\/wp-json\/wp\/v2\/posts"}],"about":[{"href":"https:\/\/scf.se\/e-cycling\/wp-json\/wp\/v2\/types\/post"}],"author":[{"embeddable":true,"href":"https:\/\/scf.se\/e-cycling\/wp-json\/wp\/v2\/users\/41"}],"replies":[{"embeddable":true,"href":"https:\/\/scf.se\/e-cycling\/wp-json\/wp\/v2\/comments?post=666"}],"version-history":[{"count":0,"href":"https:\/\/scf.se\/e-cycling\/wp-json\/wp\/v2\/posts\/666\/revisions"}],"wp:featuredmedia":[{"embeddable":true,"href":"https:\/\/scf.se\/e-cycling\/wp-json\/wp\/v2\/media\/669"}],"wp:attachment":[{"href":"https:\/\/scf.se\/e-cycling\/wp-json\/wp\/v2\/media?parent=666"}],"wp:term":[{"taxonomy":"category","embeddable":true,"href":"https:\/\/scf.se\/e-cycling\/wp-json\/wp\/v2\/categories?post=666"},{"taxonomy":"post_tag","embeddable":true,"href":"https:\/\/scf.se\/e-cycling\/wp-json\/wp\/v2\/tags?post=666"}],"curies":[{"name":"wp","href":"https:\/\/api.w.org\/{rel}","templated":true}]}}