
{"id":2141,"date":"2026-09-01T14:36:07","date_gmt":"2026-09-01T12:36:07","guid":{"rendered":"https:\/\/scf.se\/e-cycling\/?p=2141"},"modified":"2026-09-01T15:14:13","modified_gmt":"2026-09-01T13:14:13","slug":"nu-ar-sju-damer-och-tre-herrar-ar-uttagna-till-vm-semifinal-i-e-cycling","status":"publish","type":"post","link":"https:\/\/scf.se\/e-cycling\/2026\/09\/01\/nu-ar-sju-damer-och-tre-herrar-ar-uttagna-till-vm-semifinal-i-e-cycling\/","title":{"rendered":"Nu \u00e4r sju damer och tre herrar \u00e4r uttagna till VM-semifinal i E-cycling"},"content":{"rendered":"<p class=\"isSelectedEnd\"><strong>Sverige har hela \u00e5tta kvotplatser p\u00e5 damsidan och tre p\u00e5 herrsidan till VM-semifinalen i E-cycling den 2 oktober. Nu har SCF grengrupp E-cycling valt ut de elva cyklister som f\u00e5r Sveriges biljetter. P\u00e5 damsidan finns bland andra f\u00f6rra \u00e5rets VM-fyra Camilla Ahlberg, tv\u00e5faldiga VM-sexan Mika S\u00f6derstr\u00f6m och nyblivna Europam\u00e4staren i D45 i gravel, Nellie Larsson.<\/strong><\/p>\n<p class=\"isSelectedEnd\">Sverige hade tilldelats hela \u00e5tta kvotplatser p\u00e5 damsidan efter att, som vi har rapporterat om, gl\u00e4djande nog ha varit h\u00f6gst rankat av samtliga nationer.<\/p>\n<p class=\"isSelectedEnd\">Dessutom tre herrplatser d\u00e4r det givetvis blev tuff konkurrens d\u00e4rmed. Johannes Randrop Keiding och Jakob Bj\u00f6rklund kompletterar den under flera \u00e5r s\u00e5 starka Johan Nor\u00e9n. En stark trio.<\/p>\n<a href=\"https:\/\/scf.se\/e-cycling\/wp-content\/uploads\/sites\/11\/2026\/03\/449d7532-d789-4feb-acb5-9bced780f97a.jpg\"><img loading=\"lazy\" decoding=\"async\" class=\"alignnone size-full wp-image-2093\" src=\"https:\/\/scf.se\/e-cycling\/wp-content\/uploads\/sites\/11\/2026\/03\/449d7532-d789-4feb-acb5-9bced780f97a.jpg\" alt=\"\" width=\"2048\" height=\"1444\" srcset=\"https:\/\/scf.se\/e-cycling\/wp-content\/uploads\/sites\/11\/2026\/03\/449d7532-d789-4feb-acb5-9bced780f97a.jpg 2048w, https:\/\/scf.se\/e-cycling\/wp-content\/uploads\/sites\/11\/2026\/03\/449d7532-d789-4feb-acb5-9bced780f97a-300x212.jpg 300w, https:\/\/scf.se\/e-cycling\/wp-content\/uploads\/sites\/11\/2026\/03\/449d7532-d789-4feb-acb5-9bced780f97a-1024x722.jpg 1024w, https:\/\/scf.se\/e-cycling\/wp-content\/uploads\/sites\/11\/2026\/03\/449d7532-d789-4feb-acb5-9bced780f97a-768x542.jpg 768w, https:\/\/scf.se\/e-cycling\/wp-content\/uploads\/sites\/11\/2026\/03\/449d7532-d789-4feb-acb5-9bced780f97a-1536x1083.jpg 1536w, https:\/\/scf.se\/e-cycling\/wp-content\/uploads\/sites\/11\/2026\/03\/449d7532-d789-4feb-acb5-9bced780f97a-662x468.jpg 662w\" sizes=\"auto, (max-width: 2048px) 100vw, 2048px\" \/><\/a>\n<p class=\"isSelectedEnd\">Givetvis \u00e4r \u00e4ven damlaget starkt. Noterbart \u00e4r att b\u00e5da f\u00f6rra s\u00e4songens allra st\u00f6rsta svenska stj\u00e4rnor p\u00e5 damsidan finns med och g\u00f6r en ny satsning mot VM. Fyran senast det begav sig senast med ett VM p\u00e5 senh\u00f6sten 2025, Camilla Ahlberg, och de senaste s\u00e4songernas svenska m\u00e4stare samt tv\u00e5 g\u00e5nger VM-sexa, Mika S\u00f6derstr\u00f6m, g\u00f6r h\u00e4r ovan just upp om SM-guldet i Ume\u00e5.<\/p>\n<p class=\"isSelectedEnd\">Med i laget \u00e4r \u00e4ven bland annat v\u00e5r nyblivna Europam\u00e4stare i D45 i gravel, Nellie Larsson. H\u00e4r \u00e4r de som SCF grengrupp E-cycling har valt ut efter att de aktuella cyklisterna f\u00e5tt skicka in intresseanm\u00e4lningar. M\u00e5ndagen var ocks\u00e5 sista dagen att skicka in de namngivna cyklisterna.<\/p>\n<h3 class=\"isSelectedEnd\">Damer klara f\u00f6r VM-semi i E-cycling<\/h3>\n<ul>\n<li class=\"isSelectedEnd\"><strong>Camilla Ahlberg<\/strong><\/li>\n<li class=\"isSelectedEnd\"><strong>Jennifer Gothilander<\/strong><\/li>\n<li class=\"isSelectedEnd\"><strong>Lisa Hermansson<\/strong><\/li>\n<li class=\"isSelectedEnd\"><strong>Nellie Larsson<\/strong><\/li>\n<li class=\"isSelectedEnd\"><strong>Sara Lundin<\/strong><\/li>\n<li class=\"isSelectedEnd\"><strong>Catrin Nilsson<\/strong><\/li>\n<li class=\"isSelectedEnd\"><strong>Mika S\u00f6derstr\u00f6m<\/strong><\/li>\n<li class=\"isSelectedEnd\"><strong>Anna Sv\u00e4rdstr\u00f6m<\/strong><\/li>\n<\/ul>\n<a href=\"https:\/\/scf.se\/e-cycling\/wp-content\/uploads\/sites\/11\/2026\/03\/ff9a7bbe-f578-4992-82ba-9b2c6fa9453f.jpg\"><img loading=\"lazy\" decoding=\"async\" class=\"alignnone size-full wp-image-2104\" src=\"https:\/\/scf.se\/e-cycling\/wp-content\/uploads\/sites\/11\/2026\/03\/ff9a7bbe-f578-4992-82ba-9b2c6fa9453f.jpg\" alt=\"\" width=\"1962\" height=\"2048\" srcset=\"https:\/\/scf.se\/e-cycling\/wp-content\/uploads\/sites\/11\/2026\/03\/ff9a7bbe-f578-4992-82ba-9b2c6fa9453f.jpg 1962w, https:\/\/scf.se\/e-cycling\/wp-content\/uploads\/sites\/11\/2026\/03\/ff9a7bbe-f578-4992-82ba-9b2c6fa9453f-287x300.jpg 287w, https:\/\/scf.se\/e-cycling\/wp-content\/uploads\/sites\/11\/2026\/03\/ff9a7bbe-f578-4992-82ba-9b2c6fa9453f-981x1024.jpg 981w, https:\/\/scf.se\/e-cycling\/wp-content\/uploads\/sites\/11\/2026\/03\/ff9a7bbe-f578-4992-82ba-9b2c6fa9453f-768x802.jpg 768w, https:\/\/scf.se\/e-cycling\/wp-content\/uploads\/sites\/11\/2026\/03\/ff9a7bbe-f578-4992-82ba-9b2c6fa9453f-1472x1536.jpg 1472w\" sizes=\"auto, (max-width: 1962px) 100vw, 1962px\" \/><\/a>\n<h3 class=\"isSelectedEnd\">Herrar klara f\u00f6r VM-semi i E-cycling<\/h3>\n<ul>\n<li class=\"isSelectedEnd\"><strong>Johan Nor\u00e9n<\/strong><\/li>\n<li><strong>Jakob Bj\u00f6rklund<\/strong><\/li>\n<li class=\"isSelectedEnd\"><strong>Johannes Randrop Keiding<\/strong><\/li>\n<\/ul>\n<div id=\"attachment_1696\" class=\"wp-caption alignnone\" ><a href=\"https:\/\/scf.se\/e-cycling\/wp-content\/uploads\/sites\/11\/2025\/02\/Herresm3.jpg\"><img loading=\"lazy\" decoding=\"async\" class=\"size-full wp-image-1696\" src=\"https:\/\/scf.se\/e-cycling\/wp-content\/uploads\/sites\/11\/2025\/02\/Herresm3.jpg\" alt=\"\" width=\"1313\" height=\"1193\" srcset=\"https:\/\/scf.se\/e-cycling\/wp-content\/uploads\/sites\/11\/2025\/02\/Herresm3.jpg 1313w, https:\/\/scf.se\/e-cycling\/wp-content\/uploads\/sites\/11\/2025\/02\/Herresm3-300x273.jpg 300w, https:\/\/scf.se\/e-cycling\/wp-content\/uploads\/sites\/11\/2025\/02\/Herresm3-1024x930.jpg 1024w, https:\/\/scf.se\/e-cycling\/wp-content\/uploads\/sites\/11\/2025\/02\/Herresm3-768x698.jpg 768w\" sizes=\"auto, (max-width: 1313px) 100vw, 1313px\" \/><\/a><p class=\"wp-caption-text\">Johannes Randrop Keiding segrade efter ett taktiskt uppl\u00e4gg som fungerade perfekt: l\u00e4nge avvaktande och s\u00e5 en j\u00e4ttevass spurt. ARKIVBILD: SCF<\/p><\/div>\n<p class=\"isSelectedEnd\">Ut\u00f6ver f\u00f6rbundens uttagningar finns en \u00f6ppen kvalv\u00e4g. Cirka 30 damer och lika m\u00e5nga herrar kan kvalificera sig genom MyWhoosh Sunday Race Club Elite-t\u00e4vlingar de tv\u00e5 f\u00f6rsta s\u00f6ndagarna i september. De som kvalificerar sig den v\u00e4gen kan l\u00e4ggas till det nationella laget ut\u00f6ver f\u00f6rbundets ordinarie kvot, som nu \u00e4r namngiven.<\/p>\n<h3 class=\"isSelectedEnd\">De tv\u00e5 stegen mot nya VM-framg\u00e5ngar<\/h3>\n<ul data-spread=\"true\">\n<li><strong>VM-semifinal:<\/strong> P\u00e5 respektive hemmaplan under starkt reglerade former den 2 oktober.<\/li>\n<li><strong>VM-final:<\/strong> Avg\u00f6rs \u00e4ven i \u00e5r live p\u00e5 MyWhoosh-plattformen men p\u00e5 tv\u00e5 platser \u2013 en i Nordamerika och en i Europa. Maximalt 20 deltagare i dam- respektive herrklassen. I \u00e5r \u00e4r det s\u00e5 sent som den 12 december som g\u00e4ller f\u00f6r VM-finalen.<\/li>\n<\/ul>\n<h3><a href=\"https:\/\/scf.se\/e-cycling\/2026\/08\/19\/sverige-rankat-etta-pa-damsidan-infor-vm-dags-att-anmala-intresse\/\"><em>L\u00e4s ocks\u00e5: Sverige rankat etta p\u00e5 damsidan i E-cycling.<\/em><\/a><\/h3>\n<p><em>Text: SCF<\/em><br \/>\n<em>Foto: Privat<\/em><\/p>\n<p>&nbsp;<\/p>\n<p>&nbsp;<\/p>\n<p>&#8217;<\/p>\n<p>&nbsp;<\/p>\n","protected":false},"excerpt":{"rendered":"<p>Sverige har hela \u00e5tta kvotplatser p\u00e5 damsidan och tre p\u00e5 herrsidan till VM-semifinalen i E-cycling den 2 oktober. Nu har SCF grengrupp E-cycling valt ut de elva cyklister som f\u00e5r Sveriges biljetter. P\u00e5 damsidan finns bland andra f\u00f6rra \u00e5rets VM-fyra Camilla Ahlberg, tv\u00e5faldiga VM-sexan Mika S\u00f6derstr\u00f6m och nyblivna Europam\u00e4staren i D45 i gravel, Nellie<a href=\"https:\/\/scf.se\/e-cycling\/2026\/09\/01\/nu-ar-sju-damer-och-tre-herrar-ar-uttagna-till-vm-semifinal-i-e-cycling\/\" class=\"news-card__more\"> &#8230;<\/a><\/p>\n","protected":false},"author":41,"featured_media":1796,"comment_status":"open","ping_status":"open","sticky":true,"template":"","format":"standard","meta":{"_acf_changed":false,"footnotes":""},"categories":[1],"tags":[],"class_list":["post-2141","post","type-post","status-publish","format-standard","hentry","category-okategoriserade"],"acf":[],"_links":{"self":[{"href":"https:\/\/scf.se\/e-cycling\/wp-json\/wp\/v2\/posts\/2141","targetHints":{"allow":["GET"]}}],"collection":[{"href":"https:\/\/scf.se\/e-cycling\/wp-json\/wp\/v2\/posts"}],"about":[{"href":"https:\/\/scf.se\/e-cycling\/wp-json\/wp\/v2\/types\/post"}],"author":[{"embeddable":true,"href":"https:\/\/scf.se\/e-cycling\/wp-json\/wp\/v2\/users\/41"}],"replies":[{"embeddable":true,"href":"https:\/\/scf.se\/e-cycling\/wp-json\/wp\/v2\/comments?post=2141"}],"version-history":[{"count":3,"href":"https:\/\/scf.se\/e-cycling\/wp-json\/wp\/v2\/posts\/2141\/revisions"}],"predecessor-version":[{"id":2144,"href":"https:\/\/scf.se\/e-cycling\/wp-json\/wp\/v2\/posts\/2141\/revisions\/2144"}],"wp:featuredmedia":[{"embeddable":true,"href":"https:\/\/scf.se\/e-cycling\/wp-json\/wp\/v2\/media\/1796"}],"wp:attachment":[{"href":"https:\/\/scf.se\/e-cycling\/wp-json\/wp\/v2\/media?parent=2141"}],"wp:term":[{"taxonomy":"category","embeddable":true,"href":"https:\/\/scf.se\/e-cycling\/wp-json\/wp\/v2\/categories?post=2141"},{"taxonomy":"post_tag","embeddable":true,"href":"https:\/\/scf.se\/e-cycling\/wp-json\/wp\/v2\/tags?post=2141"}],"curies":[{"name":"wp","href":"https:\/\/api.w.org\/{rel}","templated":true}]}}