
{"id":1860,"date":"2025-12-22T08:01:03","date_gmt":"2025-12-22T07:01:03","guid":{"rendered":"https:\/\/scf.se\/e-cycling\/?p=1860"},"modified":"2026-01-07T11:37:43","modified_gmt":"2026-01-07T10:37:43","slug":"johanna-tidholm-lever-pa-boosten-efter-vm-och-tar-sikte-pa-swe-cup","status":"publish","type":"post","link":"https:\/\/scf.se\/e-cycling\/2025\/12\/22\/johanna-tidholm-lever-pa-boosten-efter-vm-och-tar-sikte-pa-swe-cup\/","title":{"rendered":"Johanna Tidholm lever p\u00e5 boosten efter VM och tar sikte p\u00e5 SWE Cup"},"content":{"rendered":"<p><strong>Johanna Tidholm var i mitten av november en av fem svenska finalister p\u00e5 \u00e5rets v\u00e4rldsm\u00e4sterskap i E-cykling. Umara Sports Club-cyklisten slog till med en sjundeplats. Efter att ha sm\u00e4lt intrycken av VM-prestationen ser Tidholm nu fram emot SWE Cup 2026, som startar 12 januari.<\/strong><\/p>\n<h3><a href=\"https:\/\/leadoutesports.com\/events\/swe-cup?fbclid=IwY2xjawPIUXRzcnRjBmFwcF9pZBAyMjIwMzkxNzg4MjAwODkyAAEeefLgym32bHFh9fPrUYbx0ZxXH6Zp_xAsx6cqtiYk2zTJXtTOP21jWCuQeJs&amp;brid=SQNpWsEPSX6TSu9PCgGdFQ\"><em>Registera anm\u00e4lan till SWE Cup samt info om alla loppen h\u00e4r!<\/em><\/a><\/h3>\n<h3><a href=\"https:\/\/scf.se\/licenser\/\"><em>Gl\u00f6m inte att teckna licens f\u00f6r 2026 innan registreringen, ni g\u00f6r det h\u00e4r!<\/em><\/a><\/h3>\n<h3><a href=\"https:\/\/scf.se\/e-cycling\/swe-cup-e-cycling-2025-2026\/\"><em>Alla regler och l\u00e4nkar g\u00e4llande SWE Cup 2026 hittar ni alltid uppdaterade h\u00e4r!<\/em><\/a><\/h3>\n<blockquote><p>&#8221;Ja, det ska bli roligt att k\u00f6ra SWE Cup. Den perfekta urs\u00e4kten att kicka ig\u00e5ng benen p\u00e5 riktigt igen efter julmaten \u2013<br \/>\ndefinitivt \u00e5rets h\u00f6jdpunkt f\u00f6r oss hemmakrigare!&#8221;<\/p><\/blockquote>\n<p><strong>Vad har du f\u00f6r personliga m\u00e5l med 2026 \u00e5rs SWE Cup?<\/strong><\/p>\n<blockquote><p>&#8221;Jag ska g\u00f6ra allt jag kan f\u00f6r att vara med i varje race. Men du vet hur det \u00e4r, livet \u2013 och ibland m\u00e5ste jag tajma v\u00e4rldens roligaste hobby med jobbresor, kidsens aktiviteter etc, etc\u2026<\/p><\/blockquote>\n<h3><em>S\u00e5 k\u00f6rs SWE Cup 2026<\/em><\/h3>\n<ul>\n<li><em><strong>Race #1<\/strong>: Scratch-lopp Legends and Lava 1 varv (24,6 km), 12 januari.<\/em><\/li>\n<li><em><strong>Race #2<\/strong>: Po\u00e4nglopp Muckle Yin 1 varv (23,4 km), 19 januari.<\/em><\/li>\n<li><em><strong>Race #3<\/strong>: Crit-lopp, 26 januari.<\/em><br \/>\n<em>Crit 1 Neokyo Crit Course 1 varv (4,6 km)<\/em><br \/>\n<em>Crit 2 Glasgow Reverse A\/B: 2 varv (7 km) C\/D: 1,5 varv (5,7 km)<\/em><br \/>\n<em>Crit 3 Loop de Loop 1 varv (12,6 km)<\/em><\/li>\n<li><em><strong>Race #4<\/strong>: Scratch The Greenway A\/B: 1 varv (36,8 km) C\/D: m\u00e5l vid Brooklyn Br. (27 km), 2 februari.<\/em><\/li>\n<li><em><strong>Race #5<\/strong>: iTT-lopp (Individuellt tempolopp) Spinfinity 1 varv (20,1 km), 9 februari.<\/em><\/li>\n<li><em><strong>Race #6<\/strong>: Crit-lopp, 16 februari.<\/em><br \/>\n<em>Crit 1 Seaside Sprint A\/B: m\u00e5l vid vulkanbannern (5,65 km) C\/D: finish vid JWB sprint (2,8 km)<\/em><br \/>\n<em>Crit 2 Volcano Circuit CCW 1 varv (8,9 km)<\/em><br \/>\n<em>Crit 3 Loopin Lava m\u00e5l vid Volcano KOM banner (13,5 km)<\/em><\/li>\n<\/ul>\n<div id=\"attachment_1900\" class=\"wp-caption alignnone\" ><a href=\"https:\/\/scf.se\/e-cycling\/wp-content\/uploads\/sites\/11\/2025\/12\/Akbild.jpg\"><img loading=\"lazy\" decoding=\"async\" class=\"size-full wp-image-1900\" src=\"https:\/\/scf.se\/e-cycling\/wp-content\/uploads\/sites\/11\/2025\/12\/Akbild.jpg\" alt=\"\" width=\"964\" height=\"651\" srcset=\"https:\/\/scf.se\/e-cycling\/wp-content\/uploads\/sites\/11\/2025\/12\/Akbild.jpg 964w, https:\/\/scf.se\/e-cycling\/wp-content\/uploads\/sites\/11\/2025\/12\/Akbild-300x203.jpg 300w, https:\/\/scf.se\/e-cycling\/wp-content\/uploads\/sites\/11\/2025\/12\/Akbild-768x519.jpg 768w\" sizes=\"auto, (max-width: 964px) 100vw, 964px\" \/><\/a><p class=\"wp-caption-text\"><em>Johanna Tidholm slutade sjua i \u00e5rets VM-final&#8230;\u00a0 Foto: Privat<\/em><\/p><\/div>\n<p><strong>Vad \u00e4r dina tankar om det lyckade VM-\u00e4ventyret en m\u00e5nad efter sjundeplatsen i finalen i Abu Dhabi?<\/strong><\/p>\n<blockquote><p>&#8221;K\u00e4nslan efter VM-finalen \u00e4r topp! Jag har fortfarande ett st\u00e4ndigt leende p\u00e5 l\u00e4pparna n\u00e4r jag t\u00e4nker tillbaka.<br \/>\nAtt vara en del av den showen, att f\u00e5 s\u00e4tta E-cyklingen i rampljuset \u2013 v\u00e4rldens mest beroendeframkallande sport, om du fr\u00e5gar mig! Dessutom \u00e4r jag j\u00e4ttestolt \u00f6ver min egen insats. Att kvala till VM-final, igen, med heltidsjobb, familj och hela livspusslet \u2013 det \u00e4r banne mig coolt! Den boosten lever jag p\u00e5 l\u00e4\u00e4\u00e4nge till!&#8221;<\/p><\/blockquote>\n<div id=\"attachment_1353\" class=\"wp-caption alignnone\" ><a href=\"https:\/\/scf.se\/e-cycling\/wp-content\/uploads\/sites\/11\/2024\/10\/VMecycling3.jpg\"><img loading=\"lazy\" decoding=\"async\" class=\"size-full wp-image-1353\" src=\"https:\/\/scf.se\/e-cycling\/wp-content\/uploads\/sites\/11\/2024\/10\/VMecycling3.jpg\" alt=\"\" width=\"1511\" height=\"1264\" srcset=\"https:\/\/scf.se\/e-cycling\/wp-content\/uploads\/sites\/11\/2024\/10\/VMecycling3.jpg 1511w, https:\/\/scf.se\/e-cycling\/wp-content\/uploads\/sites\/11\/2024\/10\/VMecycling3-300x251.jpg 300w, https:\/\/scf.se\/e-cycling\/wp-content\/uploads\/sites\/11\/2024\/10\/VMecycling3-1024x857.jpg 1024w, https:\/\/scf.se\/e-cycling\/wp-content\/uploads\/sites\/11\/2024\/10\/VMecycling3-768x642.jpg 768w\" sizes=\"auto, (max-width: 1511px) 100vw, 1511px\" \/><\/a><p class=\"wp-caption-text\"><em>&#8230;och \u00e4r ocks\u00e5 v\u00e4ldigt n\u00f6jd med att bara ha kvalat in till VM-finalen tv\u00e5 \u00e5r i rad. H\u00e4r 2024. Foto: Daniel Breece<\/em><\/p><\/div>\n<p>&nbsp;<\/p>\n<p><strong>Och hur t\u00e4nker du inf\u00f6r den kommande vinters\u00e4songen i \u00f6vrigt?<\/strong><\/p>\n<blockquote><p>&#8221;Haha, i E-cykling \u00e4r det ju ingen s\u00e4song \u2013 det \u00e4r ett nonstop-party! Sunday Race Club, Zwift Racing League, TTT&#8230; du kan typ t\u00e4vla dygnet runt. Ibland m\u00e5ste man dra i handbromsen och chilla lite. Men nu n\u00e4r SWE Cup kickar ig\u00e5ng? D\u00e5 blir det full gas igen. Bring it on!&#8221;<\/p><\/blockquote>\n<p><strong>Blir det mycket prestige i SWE Cup med tanke p\u00e5 att Sverige har ett av v\u00e4rldens b\u00e4sta landslag?\u00a0<\/strong><\/p>\n<blockquote><p>&#8221;Visst \u00e4r det h\u00e4ftigt att vi \u00e4r s\u00e5 grymma. Sverige har s\u00e5 m\u00e5nga fantastiska cyklister i alla klasser. Vi \u00e4r ett helt g\u00e4ng Powerladies som inspirerar varandra till max. Och gl\u00f6m prestige! Jag ser det som att vi cyklar MED varandra, inte MOT varandra. Vi \u00e4r alla grymma, oavsett placering!&#8221;<\/p><\/blockquote>\n<p>Man beh\u00f6ver bara studera resultatlistan i VM f\u00f6r att imponeras \u00f6ver bredden i toppen n\u00e4r det g\u00e4ller svensk E-cycling, inte minst p\u00e5 damsidan.<\/p>\n<h3><em>VM-final E-cycling 2025 damer<\/em><\/h3>\n<ul>\n<li><em>1\u00a0<strong>Kate McCarthy<\/strong>, Nya Zeeland 597<\/em><\/li>\n<li><em>2<strong>\u00a0Gabriela Guerra<\/strong>, Brasilien 525<\/em><\/li>\n<li><em>3\u00a0<strong>Francesca Tommasi<\/strong>, Italien 478<\/em><\/li>\n<li><em>4\u00a0<strong data-start=\"144\" data-end=\"163\">Camilla Ahlberg<\/strong>, Sverige 477<\/em><\/li>\n<li><em>7\u00a0<strong data-start=\"245\" data-end=\"264\">Johanna Tidholm<\/strong>, Sverige 408<\/em><\/li>\n<li><em>8\u00a0<strong data-start=\"282\" data-end=\"301\">Lisa Hermansson<\/strong>, Sverige 402<\/em><\/li>\n<li><em>15\u00a0<strong data-start=\"501\" data-end=\"520\">Mika S\u00f6derstr\u00f6m<\/strong>, Sverige 323<\/em><\/li>\n<li><em>18\u00a0<strong data-start=\"613\" data-end=\"632\">Anna Sv\u00e4rdstr\u00f6m<\/strong>, Sverige 257<\/em><\/li>\n<\/ul>\n<p><strong>Vad beror det p\u00e5 att Sverige har s\u00e5 m\u00e5nga vassa damcyklister i E-cycling?<\/strong><\/p>\n<blockquote><p>&#8221;Man ska ju ocks\u00e5 komma ih\u00e5g att bakom varje avatar finns en \u201dvanlig\u201d m\u00e4nniska \u2013 fast med lite extra galet pannben. Att f\u00e5 tr\u00e4ffa alla p\u00e5 riktigt under VM var s\u00e5 fantastiskt. Vilket g\u00e4ng goa tjejer! Hatten av f\u00f6r Camilla som levererar i absoluta toppklass mitt i sm\u00e5barnslivet, Lisa som fixar grym VM-form mitt under flytt och renovering, Anna som bevisar att \u00e5lder bara \u00e4r en siffra, och Mika som doktorerar och fixar nytt jobb samtidigt som hon beh\u00e5ller sin VM-form. S\u00e4g mig \u2013 vilket landslag \u00e4r b\u00e4ttre?! Snacka om ren, brutal inspiration!&#8221;<\/p><\/blockquote>\n<ul>\n<li><a href=\"https:\/\/scf.se\/e-cycling\/2025\/11\/16\/vm-fyran-camilla-ahlberg-om-dramat-och-triggande-utvecklingen\/\"><em><strong>L\u00e4s ocks\u00e5 tidigare intervju med Camilla Ahlberg direkt efter VM.<\/strong><\/em><\/a><\/li>\n<li><strong><em><a href=\"https:\/\/scf.se\/e-cycling\/swe-cup-e-cycling-2025-2026\/\">Alla regler och l\u00e4nkar g\u00e4llande SWE Cup 2026 hittar ni alltid uppdaterade h\u00e4r!<\/a><\/em><\/strong><\/li>\n<\/ul>\n<p><em>Text: SCF<\/em><br \/>\n<em>Foto: Privat och Daniel Breece<\/em><\/p>\n<p>&nbsp;<\/p>\n<p>&nbsp;<\/p>\n<p>&nbsp;<\/p>\n","protected":false},"excerpt":{"rendered":"<p>Johanna Tidholm var i mitten av november en av fem svenska finalister p\u00e5 \u00e5rets v\u00e4rldsm\u00e4sterskap i E-cykling. Umara Sports Club-cyklisten slog till med en sjundeplats. Efter att ha sm\u00e4lt intrycken av VM-prestationen ser Tidholm nu fram emot SWE Cup 2026, som startar 12 januari. Registera anm\u00e4lan till SWE Cup samt info om alla loppen<a href=\"https:\/\/scf.se\/e-cycling\/2025\/12\/22\/johanna-tidholm-lever-pa-boosten-efter-vm-och-tar-sikte-pa-swe-cup\/\" class=\"news-card__more\"> &#8230;<\/a><\/p>\n","protected":false},"author":41,"featured_media":1861,"comment_status":"open","ping_status":"open","sticky":true,"template":"","format":"standard","meta":{"_acf_changed":false,"footnotes":""},"categories":[1],"tags":[],"class_list":["post-1860","post","type-post","status-publish","format-standard","hentry","category-okategoriserade"],"acf":[],"_links":{"self":[{"href":"https:\/\/scf.se\/e-cycling\/wp-json\/wp\/v2\/posts\/1860","targetHints":{"allow":["GET"]}}],"collection":[{"href":"https:\/\/scf.se\/e-cycling\/wp-json\/wp\/v2\/posts"}],"about":[{"href":"https:\/\/scf.se\/e-cycling\/wp-json\/wp\/v2\/types\/post"}],"author":[{"embeddable":true,"href":"https:\/\/scf.se\/e-cycling\/wp-json\/wp\/v2\/users\/41"}],"replies":[{"embeddable":true,"href":"https:\/\/scf.se\/e-cycling\/wp-json\/wp\/v2\/comments?post=1860"}],"version-history":[{"count":14,"href":"https:\/\/scf.se\/e-cycling\/wp-json\/wp\/v2\/posts\/1860\/revisions"}],"predecessor-version":[{"id":1926,"href":"https:\/\/scf.se\/e-cycling\/wp-json\/wp\/v2\/posts\/1860\/revisions\/1926"}],"wp:featuredmedia":[{"embeddable":true,"href":"https:\/\/scf.se\/e-cycling\/wp-json\/wp\/v2\/media\/1861"}],"wp:attachment":[{"href":"https:\/\/scf.se\/e-cycling\/wp-json\/wp\/v2\/media?parent=1860"}],"wp:term":[{"taxonomy":"category","embeddable":true,"href":"https:\/\/scf.se\/e-cycling\/wp-json\/wp\/v2\/categories?post=1860"},{"taxonomy":"post_tag","embeddable":true,"href":"https:\/\/scf.se\/e-cycling\/wp-json\/wp\/v2\/tags?post=1860"}],"curies":[{"name":"wp","href":"https:\/\/api.w.org\/{rel}","templated":true}]}}