
{"id":1811,"date":"2025-11-16T09:33:41","date_gmt":"2025-11-16T08:33:41","guid":{"rendered":"https:\/\/scf.se\/e-cycling\/?p=1811"},"modified":"2025-11-26T13:28:16","modified_gmt":"2025-11-26T12:28:16","slug":"ahlberg-sa-nara-brons-i-fantastisk-insats-av-svenska-vm-kvintetten","status":"publish","type":"post","link":"https:\/\/scf.se\/e-cycling\/2025\/11\/16\/ahlberg-sa-nara-brons-i-fantastisk-insats-av-svenska-vm-kvintetten\/","title":{"rendered":"Ahlberg s\u00e5 n\u00e4ra brons i fantastisk insats av svenska VM-kvintetten"},"content":{"rendered":"<p><strong>&#8221;Att vi f\u00e5r tre damer topp tio \u00e4r helt fantastiskt! Vilka damer vi har inom E-cycling. Detta \u00e5r var vi extremt n\u00e4ra en medalj. En ynka po\u00e4ng fr\u00e5n bronset. Camilla g\u00f6r ett fantastiskt VM och \u00e4r verkligen otroligt stark.&#8221; Det s\u00e4ger Conny Bj\u00f6rnehall, ordf\u00f6rande i SCF grengrupp E-cycling, efter l\u00f6rdagens VM-final i Abu Dhabi. Camilla Ahlberg upprepade med andra ord den fina placeringen fr\u00e5n semifinalen och blev VM-fyra. Johanna Tidholm var sjua, Lisa Hermansson \u00e5tta, Mika S\u00f6derstr\u00f6m p\u00e5 plats 15 och veteranen Anna Sv\u00e4rdstr\u00f6m blev 18:e p\u00e5 VM. Ett vasst bl\u00e5gult damlag med s\u00e5 fina finalprestationer.<\/strong><\/p>\n<blockquote><p>&#8221;Ja, s\u00e5 m\u00e4ktigt att se alla fem svenska damer sitta p\u00e5 startlinjen. S\u00e5 m\u00e5nga svenska cyklister, s\u00e5 mycket bl\u00e5gult&#8221;, s\u00e4ger Conny Bj\u00f6rnehall, som h\u00e4r kommer med en racerapport, nedan kan ni ocks\u00e5 se alla tre VM-finalens tre lopp i efterhand.<\/p><\/blockquote>\n<p><div class=\"video-wrapper\"><iframe loading=\"lazy\" title=\"UCI Cycling Esports World Championships \u2013 Finals 2025 - EN\" width=\"500\" height=\"281\" src=\"https:\/\/www.youtube.com\/embed\/y4cUZ80P2bY?feature=oembed\" frameborder=\"0\" allow=\"accelerometer; autoplay; clipboard-write; encrypted-media; gyroscope; picture-in-picture; web-share\" referrerpolicy=\"strict-origin-when-cross-origin\" allowfullscreen><\/iframe><\/div><\/p>\n<h2>F\u00f6rst Tidholm och sedan Ahlberg satte f\u00e4rg p\u00e5 f\u00f6rsta VM-loppet<\/h2>\n<p>Det blev en v\u00e4ldigt j\u00e4mn start i det till sist 22 cyklister stora VM-startf\u00e4ltet i damklassen. Alla h\u00f6ll ihop och ingen drog iv\u00e4g allt f\u00f6r h\u00e5rt. Svenskorna bra samlade. Johanna Tidholm var\u00a0 f\u00f6rst att g\u00e5 iv\u00e4g och ledde klungan uppf\u00f6r backen.<\/p>\n<p>F\u00f6rsta loppet \u00e4r en v\u00e4ldigt jobbig kl\u00e4ttring som blir brantare och brantare. Cyklisterna jagas av en \u201ddrone\u201d och n\u00e4r man f\u00e5ngas s\u00e5 \u00e4r loppet \u00f6ver. Det g\u00e4ller att h\u00e5lla undan s\u00e5 l\u00e5ngt som m\u00f6jligt f\u00f6r att skapa s\u00e5 m\u00e5nga po\u00e4ng som m\u00f6jligt.<\/p>\n<p>Efter cirka sju minuter \u00f6kade tempot ganska markant. Det b\u00f6rjade ocks\u00e5 spricka upp lite. Kate McCarthy drog upp tempot men Camilla Ahlberg t\u00e4ppte till direkt och var med i gruppen som skapades l\u00e4ngst fram.<\/p>\n<p>Det blev en liten grupp p\u00e5 fyra cyklister, McCarthy, Camilla, Gabriela Guerra och Francesca Tommasi.<\/p>\n<p>McCarthy s\u00e5g v\u00e4ldigt stark ut i kl\u00e4ttringen och ledde egentligen hela loppet genom hela backen. Camilla gjorde ett fantastiskt lopp slutade p\u00e5 en tredjeplats. S\u00e5 imponerande stark start p\u00e5 VM. McCarthy vann f\u00f6rsta loppet och Guerra blev tv\u00e5a. S\u00e5 h\u00e4r slutade alla svenskarna i f\u00f6rsta loppet:<\/p>\n<ul>\n<li><strong>Camilla<\/strong> 3<\/li>\n<li><strong>Mika<\/strong> 11<\/li>\n<li><strong>Lisa<\/strong> 14<\/li>\n<li><strong>Johanna<\/strong> 15<\/li>\n<li><strong>Anna<\/strong> 21<\/li>\n<\/ul>\n<a href=\"https:\/\/scf.se\/e-cycling\/wp-content\/uploads\/sites\/11\/2025\/11\/AW7_8279-scaled.jpg\"><img loading=\"lazy\" decoding=\"async\" class=\"alignnone size-full wp-image-1814\" src=\"https:\/\/scf.se\/e-cycling\/wp-content\/uploads\/sites\/11\/2025\/11\/AW7_8279-scaled.jpg\" alt=\"\" width=\"2560\" height=\"2560\" srcset=\"https:\/\/scf.se\/e-cycling\/wp-content\/uploads\/sites\/11\/2025\/11\/AW7_8279-scaled.jpg 2560w, https:\/\/scf.se\/e-cycling\/wp-content\/uploads\/sites\/11\/2025\/11\/AW7_8279-300x300.jpg 300w, https:\/\/scf.se\/e-cycling\/wp-content\/uploads\/sites\/11\/2025\/11\/AW7_8279-1024x1024.jpg 1024w, https:\/\/scf.se\/e-cycling\/wp-content\/uploads\/sites\/11\/2025\/11\/AW7_8279-150x150.jpg 150w, https:\/\/scf.se\/e-cycling\/wp-content\/uploads\/sites\/11\/2025\/11\/AW7_8279-768x768.jpg 768w, https:\/\/scf.se\/e-cycling\/wp-content\/uploads\/sites\/11\/2025\/11\/AW7_8279-1536x1536.jpg 1536w, https:\/\/scf.se\/e-cycling\/wp-content\/uploads\/sites\/11\/2025\/11\/AW7_8279-2048x2048.jpg 2048w\" sizes=\"auto, (max-width: 2560px) 100vw, 2560px\" \/><\/a>\n<h2>Fyra svenskar topp 10 i andra VM-loppet!<\/h2>\n<p>Dags f\u00f6r VM-lopp nummer tv\u00e5. Sp\u00e4nnande och se hur man har \u00e5terh\u00e4mtat sig mellan loppen. Ju l\u00e4ngre man k\u00f6rde i lopp 1 desto mindre vila i lopp 2. Alla cyklister \u00e4r samlade i b\u00f6rjan av loppet.<\/p>\n<p>Fantastisk fin f\u00f6rsta sprint av dom svenska cyklisterna, alla var bra med. Camilla var allra b\u00e4st med en femteplats.<br \/>\nAndra sprinten gick v\u00e4ldigt bra f\u00f6r Mika som fick till en andraplats i den. Camilla med bra igen, femma igen.<\/p>\n<p>Efter den andra sprinten s\u00e5 drog Kate McCarthy iv\u00e4g p\u00e5 en solotur. Klungan har ocks\u00e5 minskat till runt 14 cyklister<\/p>\n<p>I tredje sprinten blir Mika fyra och Camila femma. Fantastiskt bra cyklat. McCarthy fortsatte att imponera och seglade iv\u00e4g helt sj\u00e4lv. Tommasi och Guerra f\u00f6ljer efter och fick \u00e4ven en liten lucka.<\/p>\n<p>Camilla kommer in p\u00e5 en fin sj\u00e4tteplats \u00f6ver linjen. Det \u00e4r s\u00e5 fantastiskt att vi har fyra (!) damer topp 10 under lopp 2. S\u00e5 galet imponerande mot v\u00e4rldens b\u00e4sta cyklister.<\/p>\n<ul>\n<li><strong>Mika<\/strong> 4<\/li>\n<li><strong>Camilla<\/strong> 6<\/li>\n<li><strong>Lisa<\/strong> 9<\/li>\n<li><strong>Johanna<\/strong> 10<\/li>\n<li><strong>Anna<\/strong> 19<\/li>\n<\/ul>\n<h2>Camilla Ahlberg med i rysare om bronset efter grymma sprintar i tredje loppet<\/h2>\n<p>Nu skall det avg\u00f6ras! M\u00e5nga varv med sprintar p\u00e5 varje varv med po\u00e4ng och dubbla po\u00e4ng p\u00e5 sista varvet. Nu skall det avg\u00f6ras!<br \/>\nDet pratas mycket om taktik i detta lopp. Sverige och USA har m\u00e5nga cyklister med i loppet.<\/p>\n<p>De svenska cyklisterna v\u00e4ldigt bra med \u00e5 sprintarna. Sv\u00e5rt att se exakta positioner eftersom man inte visar po\u00e4ngen vid varje sprint. Men ett bra sprintande g\u00f6r att Camilla Ahlberg ligger b\u00e4st till av svenskarna efter halva loppet.<\/p>\n<a href=\"https:\/\/scf.se\/e-cycling\/wp-content\/uploads\/sites\/11\/2025\/11\/VM1.jpg\"><img loading=\"lazy\" decoding=\"async\" class=\"alignnone size-full wp-image-1813\" src=\"https:\/\/scf.se\/e-cycling\/wp-content\/uploads\/sites\/11\/2025\/11\/VM1.jpg\" alt=\"\" width=\"452\" height=\"345\" srcset=\"https:\/\/scf.se\/e-cycling\/wp-content\/uploads\/sites\/11\/2025\/11\/VM1.jpg 452w, https:\/\/scf.se\/e-cycling\/wp-content\/uploads\/sites\/11\/2025\/11\/VM1-300x229.jpg 300w\" sizes=\"auto, (max-width: 452px) 100vw, 452px\" \/><\/a>\n<p>Camilla kl\u00e4ttrar efter sprint fyra upp till en fj\u00e4rdeplats \u00e4ven i totalen. Extremt sp\u00e4nnande efter halva loppet. Camilla g\u00f6r fantastiska sprintar knappar in mot en bronsplats.<\/p>\n<p>Camilla krossar f\u00e4ltet och drar ifr\u00e5n och f\u00e5r ytterligare en vinst i sprinten. Det \u00e4r s\u00e5 mycket taktik och s\u00e5 mycket som h\u00e4nder just nu. Galet m\u00e4ktigt.<\/p>\n<p>I kampen om bronset lyckas Francesca Tommasi vinna \u00f6ver Camilla med en po\u00e4ng. Men Camilla g\u00f6r ett helt fantastiskt VM efter att ha varit fyra \u00e4ven i semifinalen! Alla de svenska damerna g\u00f6r ett mycket bra VM. Favoriten Kate McCarthy vinner VM-guldet \u00f6verl\u00e4gset. S\u00e5 h\u00e4r slutade VM i siffror:<\/p>\n<a href=\"https:\/\/scf.se\/e-cycling\/wp-content\/uploads\/sites\/11\/2025\/11\/CY5A0814-4-2.jpg\"><img loading=\"lazy\" decoding=\"async\" class=\"alignnone size-full wp-image-1836\" src=\"https:\/\/scf.se\/e-cycling\/wp-content\/uploads\/sites\/11\/2025\/11\/CY5A0814-4-2.jpg\" alt=\"\" width=\"2000\" height=\"965\" srcset=\"https:\/\/scf.se\/e-cycling\/wp-content\/uploads\/sites\/11\/2025\/11\/CY5A0814-4-2.jpg 2000w, https:\/\/scf.se\/e-cycling\/wp-content\/uploads\/sites\/11\/2025\/11\/CY5A0814-4-2-300x145.jpg 300w, https:\/\/scf.se\/e-cycling\/wp-content\/uploads\/sites\/11\/2025\/11\/CY5A0814-4-2-1024x494.jpg 1024w, https:\/\/scf.se\/e-cycling\/wp-content\/uploads\/sites\/11\/2025\/11\/CY5A0814-4-2-768x371.jpg 768w, https:\/\/scf.se\/e-cycling\/wp-content\/uploads\/sites\/11\/2025\/11\/CY5A0814-4-2-1536x741.jpg 1536w\" sizes=\"auto, (max-width: 2000px) 100vw, 2000px\" \/><\/a>\n<h3>VM-final E-cycling 2025<\/h3>\n<ul>\n<li>1 <strong>Kate McCarthy<\/strong>, Nya Zeeland 597<\/li>\n<li>2<strong> Gabriela Guerra<\/strong>, Brasilien 525<\/li>\n<li>3 <strong>Francesca Tommasi<\/strong>, Italien 478<\/li>\n<li>4 <strong data-start=\"144\" data-end=\"163\">Camilla Ahlberg<\/strong>, Sverige 477<\/li>\n<li>5 <strong>Merle Brunn\u00e9e<\/strong>, Tyskland 442<\/li>\n<li>6 <strong>Kristen Kulchinsky,<\/strong> USA 415<\/li>\n<li>7 <strong data-start=\"245\" data-end=\"264\">Johanna Tidholm<\/strong>, Sverige 408<\/li>\n<li>8 <strong data-start=\"282\" data-end=\"301\">Lisa Hermansson<\/strong>, Sverige 402<\/li>\n<li>15 <strong data-start=\"501\" data-end=\"520\">Mika S\u00f6derstr\u00f6m<\/strong>, Sverige 323<\/li>\n<li>18 <strong data-start=\"613\" data-end=\"632\">Anna Sv\u00e4rdstr\u00f6m<\/strong>, Sverige 257<\/li>\n<\/ul>\n<blockquote><p>&#8221;Att vi f\u00e5r tre damer topp tio \u00e4r helt fantastiskt! Vilka damer vi har inom E-cycling. Detta \u00e5r var vi extremt n\u00e4ra en medalj. En ynka po\u00e4ng fr\u00e5n bronset. Camilla g\u00f6r ett fantastiskt VM och \u00e4r verkligen otroligt stark. Alla damer g\u00f6r ett mycket bra VM och de ska vara v\u00e4ldigt n\u00f6jda med sina insatser. Det \u00e4r s\u00e5 inspirerande att se hur man k\u00e4mpar och hur starka man \u00e4r. Svensk E-cycling \u00e4r verkligen en kraft att r\u00e4kna med&#8221;, summerar en imponerad Conny Bj\u00f6rnehall.<\/p><\/blockquote>\n<p><em>Text: SCF<\/em><br \/>\n<em>Foto: Privat och UCI<\/em><\/p>\n<p>&nbsp;<\/p>\n<p>&nbsp;<\/p>\n","protected":false},"excerpt":{"rendered":"<p>&#8221;Att vi f\u00e5r tre damer topp tio \u00e4r helt fantastiskt! Vilka damer vi har inom E-cycling. Detta \u00e5r var vi extremt n\u00e4ra en medalj. En ynka po\u00e4ng fr\u00e5n bronset. Camilla g\u00f6r ett fantastiskt VM och \u00e4r verkligen otroligt stark.&#8221; Det s\u00e4ger Conny Bj\u00f6rnehall, ordf\u00f6rande i SCF grengrupp E-cycling, efter l\u00f6rdagens VM-final i Abu Dhabi.<a href=\"https:\/\/scf.se\/e-cycling\/2025\/11\/16\/ahlberg-sa-nara-brons-i-fantastisk-insats-av-svenska-vm-kvintetten\/\" class=\"news-card__more\"> &#8230;<\/a><\/p>\n","protected":false},"author":41,"featured_media":1812,"comment_status":"open","ping_status":"open","sticky":true,"template":"","format":"standard","meta":{"_acf_changed":false,"footnotes":""},"categories":[1],"tags":[],"class_list":["post-1811","post","type-post","status-publish","format-standard","hentry","category-okategoriserade"],"acf":[],"_links":{"self":[{"href":"https:\/\/scf.se\/e-cycling\/wp-json\/wp\/v2\/posts\/1811","targetHints":{"allow":["GET"]}}],"collection":[{"href":"https:\/\/scf.se\/e-cycling\/wp-json\/wp\/v2\/posts"}],"about":[{"href":"https:\/\/scf.se\/e-cycling\/wp-json\/wp\/v2\/types\/post"}],"author":[{"embeddable":true,"href":"https:\/\/scf.se\/e-cycling\/wp-json\/wp\/v2\/users\/41"}],"replies":[{"embeddable":true,"href":"https:\/\/scf.se\/e-cycling\/wp-json\/wp\/v2\/comments?post=1811"}],"version-history":[{"count":8,"href":"https:\/\/scf.se\/e-cycling\/wp-json\/wp\/v2\/posts\/1811\/revisions"}],"predecessor-version":[{"id":1839,"href":"https:\/\/scf.se\/e-cycling\/wp-json\/wp\/v2\/posts\/1811\/revisions\/1839"}],"wp:featuredmedia":[{"embeddable":true,"href":"https:\/\/scf.se\/e-cycling\/wp-json\/wp\/v2\/media\/1812"}],"wp:attachment":[{"href":"https:\/\/scf.se\/e-cycling\/wp-json\/wp\/v2\/media?parent=1811"}],"wp:term":[{"taxonomy":"category","embeddable":true,"href":"https:\/\/scf.se\/e-cycling\/wp-json\/wp\/v2\/categories?post=1811"},{"taxonomy":"post_tag","embeddable":true,"href":"https:\/\/scf.se\/e-cycling\/wp-json\/wp\/v2\/tags?post=1811"}],"curies":[{"name":"wp","href":"https:\/\/api.w.org\/{rel}","templated":true}]}}