
{"id":1801,"date":"2025-11-14T09:17:34","date_gmt":"2025-11-14T08:17:34","guid":{"rendered":"https:\/\/scf.se\/e-cycling\/?p=1801"},"modified":"2025-11-14T09:39:55","modified_gmt":"2025-11-14T08:39:55","slug":"stort-damlag-ar-laddade-infor-lordagens-vm-final-swe-cup-i-januari","status":"publish","type":"post","link":"https:\/\/scf.se\/e-cycling\/2025\/11\/14\/stort-damlag-ar-laddade-infor-lordagens-vm-final-swe-cup-i-januari\/","title":{"rendered":"Stort damlag laddade inf\u00f6r l\u00f6rdagens VM-final \u2013 SWE Cup startar 12 januari"},"content":{"rendered":"<article class=\"text-token-text-primary w-full focus:outline-none [--shadow-height:45px] has-data-writing-block:pointer-events-none has-data-writing-block:-mt-(--shadow-height) has-data-writing-block:pt-(--shadow-height) [&amp;:has([data-writing-block])&gt;*]:pointer-events-auto [content-visibility:auto] supports-[content-visibility:auto]:[contain-intrinsic-size:auto_100lvh] scroll-mt-[calc(var(--header-height)+min(200px,max(70px,20svh)))]\" dir=\"auto\" data-turn-id=\"61bcef3c-8dab-4b7d-b627-46979a509b9a\" data-testid=\"conversation-turn-8\" data-scroll-anchor=\"true\" data-turn=\"assistant\">\n<div class=\"text-base my-auto mx-auto pb-10 [--thread-content-margin:--spacing(4)] thread-sm:[--thread-content-margin:--spacing(6)] thread-lg:[--thread-content-margin:--spacing(16)] px-(--thread-content-margin)\">\n<div class=\"[--thread-content-max-width:40rem] thread-lg:[--thread-content-max-width:48rem] mx-auto max-w-(--thread-content-max-width) flex-1 group\/turn-messages focus-visible:outline-hidden relative flex w-full min-w-0 flex-col agent-turn\">\n<div class=\"flex max-w-full flex-col grow\">\n<div class=\"min-h-8 text-message relative flex w-full flex-col items-end gap-2 text-start break-words whitespace-normal [.text-message+&amp;]:mt-1\" dir=\"auto\" data-message-author-role=\"assistant\" data-message-id=\"2c0d3737-9df9-4f3e-8272-2cfec954cb50\" data-message-model-slug=\"gpt-5-1\">\n<div class=\"flex w-full flex-col gap-1 empty:hidden first:pt-[1px]\">\n<div class=\"markdown prose dark:prose-invert w-full break-words dark markdown-new-styling\">\n<p data-start=\"0\" data-end=\"401\"><strong>Sverige g\u00e5r in i l\u00f6rdagens VM-final i E-cycling med fem bl\u00e5gula damer p\u00e5 startlinjen, d\u00e4r Mika S\u00f6derstr\u00f6m \u00e4r det st\u00f6rsta svenska hoppet men d\u00e4r flera andra svenskor visade klass i semifinalen och tillsammans st\u00e5r de f\u00f6r en fj\u00e4rdedel av hela finalf\u00e4ltet. Sedan v\u00e4ntar en uppv\u00e4xlad SWE Cup, som denna s\u00e4song har s\u00e4songsstart i januari, och en \u00e4nnu st\u00f6rre Bauhaus Ride of Hope-satsning \u00e4n tidigare senare i vinter.<\/strong><\/p>\n<h2 data-start=\"404\" data-end=\"816\">VM \u2013 Mika det st\u00f6rsta hoppet men fler var vassa i VM-semin<\/h2>\n<p data-start=\"404\" data-end=\"816\">P\u00e5 l\u00f6rdag den 15 november klockan 15.00 svensk tid avg\u00f6rs VM-finalen i E-cycling i Abu Dhabi. Sverige kommer till start med ett starkt och stort damlag: Mika S\u00f6derstr\u00f6m, Camilla Ahlberg, Johanna Tidholm, Lisa Hermansson och Anna Sv\u00e4rdstr\u00f6m.<\/p>\n<p data-start=\"404\" data-end=\"816\"><a href=\"https:\/\/scf.se\/e-cycling\/wp-content\/uploads\/sites\/11\/2024\/10\/VMecycling4.jpg\"><img loading=\"lazy\" decoding=\"async\" class=\"alignnone size-full wp-image-1352\" src=\"https:\/\/scf.se\/e-cycling\/wp-content\/uploads\/sites\/11\/2024\/10\/VMecycling4.jpg\" alt=\"\" width=\"1364\" height=\"1970\" srcset=\"https:\/\/scf.se\/e-cycling\/wp-content\/uploads\/sites\/11\/2024\/10\/VMecycling4.jpg 1364w, https:\/\/scf.se\/e-cycling\/wp-content\/uploads\/sites\/11\/2024\/10\/VMecycling4-208x300.jpg 208w, https:\/\/scf.se\/e-cycling\/wp-content\/uploads\/sites\/11\/2024\/10\/VMecycling4-709x1024.jpg 709w, https:\/\/scf.se\/e-cycling\/wp-content\/uploads\/sites\/11\/2024\/10\/VMecycling4-768x1109.jpg 768w, https:\/\/scf.se\/e-cycling\/wp-content\/uploads\/sites\/11\/2024\/10\/VMecycling4-1064x1536.jpg 1064w\" sizes=\"auto, (max-width: 1364px) 100vw, 1364px\" \/><\/a><\/p>\n<p data-start=\"818\" data-end=\"1233\">V\u00e4gen dit gick via en VM-semifinal d\u00e4r Sverige satte rej\u00e4l pr\u00e4gel p\u00e5 racet. Vi visste att Camilla Ahlberg \u00e4r bra, men fyra i en VM-semi \u00f6verraskade m\u00e5nga.<\/p>\n<p>Mika S\u00f6derstr\u00f6m \u00e4r det st\u00f6rsta svenska hoppet i kraft av sina stora internationella meriter och \u00e5kstyrka som har gett tv\u00e5 SM-guld p\u00e5 linjelopp i rad. Mika k\u00f6rde in som femma totalt i sammandraget i den d\u00e4r VM-semin efter fin taktisk lagk\u00f6rning i sista delt\u00e4vlingen. Och de var l\u00e5ngt ifr\u00e5n ensam om att leverera.\u00a0 Johanna Tidholm slutade \u00e5tta, Lisa Hermansson tia och veteranen Anna Sv\u00e4rdstr\u00f6m klarade en finalplats genom att bli 18:e.<\/p>\n<p data-start=\"818\" data-end=\"1233\">Fyra topp tio och fem vidare till final s\u00e4ger allt om styrkan i den bl\u00e5gula truppen. S\u00e5 h\u00e4r gick det i semin.<\/p>\n<h3 data-start=\"1235\" data-end=\"1579\">VM-semifinal E-cycling damer<\/h3>\n<ul>\n<li data-start=\"1235\" data-end=\"1579\">1 <strong>Mary Kate McCarthy<\/strong>, Nya Zeeland, 523<\/li>\n<li data-start=\"1235\" data-end=\"1579\">2 <strong>Gabriela Guerra<\/strong>, Brasilien, 485<\/li>\n<li data-start=\"1235\" data-end=\"1579\">3 <strong>Francesca Tommasi<\/strong>, Italien, 467<\/li>\n<li data-start=\"1235\" data-end=\"1579\">4 <strong>Camilla Ahlberg<\/strong>, Sverige, 458<\/li>\n<li data-start=\"1235\" data-end=\"1579\">5 <strong>Mika S\u00f6derstr\u00f6m<\/strong>, Sverige, 421<\/li>\n<li data-start=\"1235\" data-end=\"1579\">6<strong> Elyse Gallegos<\/strong>, USA, 409<\/li>\n<li data-start=\"1235\" data-end=\"1579\">8 <strong>Johanna Tidholm<\/strong>, Sverige, 397<\/li>\n<li data-start=\"1235\" data-end=\"1579\">10<strong> Lisa Hermansson<\/strong>, Sverige, 334<\/li>\n<li data-start=\"1235\" data-end=\"1579\">18<strong> Anna Sv\u00e4rdstr\u00f6m<\/strong>, Sverige, 249<\/li>\n<\/ul>\n<p>Finalen s\u00e4nds via b\u00e5de MyWhooshs YouTube-kanal och UCI:s YouTube-kanaler, se l\u00e4nk nedan!<\/p>\n<p><div class=\"video-wrapper\"><iframe loading=\"lazy\" title=\"UCI Cycling Esports World Championships \u2013 Finals 2025 - EN\" width=\"500\" height=\"281\" src=\"https:\/\/www.youtube.com\/embed\/y4cUZ80P2bY?feature=oembed\" frameborder=\"0\" allow=\"accelerometer; autoplay; clipboard-write; encrypted-media; gyroscope; picture-in-picture; web-share\" referrerpolicy=\"strict-origin-when-cross-origin\" allowfullscreen><\/iframe><\/div><\/p>\n<p data-start=\"1581\" data-end=\"1781\">Nu \u00e4r cyklisterna \u00e4r p\u00e5 plats i Abu Dhabi och laddar f\u00f6r fullt inf\u00f6r finalen. Fem svenskor i ett f\u00e4lt p\u00e5 20 ger f\u00f6rst\u00e5s fina sportsliga m\u00f6jligheter.<\/p>\n<\/div>\n<\/div>\n<blockquote>\n<p class=\"xmsonormal\">&#8221;Att Sverige har 5 damer av totalt 20 med i finalen \u00e4r v\u00e4ldigt imponerande. Vi hoppas s\u00e5klart p\u00e5 fina placeringar och \u00e4ven n\u00e5gon plats p\u00e5 pallen. Vi \u00f6nskar samtliga damer stort lycka till&#8221;, s\u00e4ger Conny Bj\u00f6rnehall i Svenska Cykelf\u00f6rbundets grengrupp E-cycling.<\/p>\n<\/blockquote>\n<h2 class=\"xmsonormal\">SWE Cup startar i januari denna s\u00e4song<\/h2>\n<div class=\"flex w-full flex-col gap-1 empty:hidden first:pt-[1px]\">\n<div class=\"markdown prose dark:prose-invert w-full break-words dark markdown-new-styling\">\n<p data-start=\"1784\" data-end=\"2037\">M\u00e5nga har v\u00e4ntat p\u00e5 \u00e5rets upplaga av SWE Cup i E-cycling. P\u00e5 grund av ett nytt system som g\u00f6r att licenserna inte kan sl\u00e4ppas 1 december i \u00e5r skjuts starten fram till januari i st\u00e4llet f\u00f6r december. F\u00f6r\u00e4ndringen g\u00f6r att t\u00e4vlingar och licenser hamnar inom samma t\u00e4vlings\u00e5r, vilket underl\u00e4ttar f\u00f6r b\u00e5de organisation och cyklister.<\/p>\n<p data-start=\"2039\" data-end=\"2282\">T\u00e4vlingarna forts\u00e4tter att k\u00f6ras p\u00e5 m\u00e5ndagar och f\u00f6ljande datum g\u00e4ller: 12 januari, 19 januari, 26 januari, 2 februari, 9 februari och 16 februari. Under \u00e5ret v\u00e4ntar \u00e4ven nyheter och f\u00f6rb\u00e4ttringar. Mer information publiceras snart p\u00e5 SCF.se och v\u00e5ra SoMe-kanaler!<\/p>\n<h2 data-start=\"2285\" data-end=\"2583\">Bauhaus Ride of Hope \u2013 st\u00f6rre satsning i vecka 4<\/h2>\n<p data-start=\"2285\" data-end=\"2583\">Bauhaus Ride of Hope forts\u00e4tter efter f\u00f6rra \u00e5rets succ\u00e9 \u2013 nu \u00e4nnu st\u00f6rre. Under en hel vecka i januari placeras Wahoo Kickr Bikes i varje Bauhaus-varuhus och alla cyklade kilometer omvandlas till pengar som Bauhaus sk\u00e4nker till Barncancerfonden.<\/p>\n<p data-start=\"2585\" data-end=\"2801\" data-is-last-node=\"\" data-is-only-node=\"\">Dessutom h\u00e5lls tv\u00e5 social rides p\u00e5 Zwift som ocks\u00e5 samlar in pengar. Den prelimin\u00e4ra perioden \u00e4r vecka 4. Skriv in det i kalendern redan nu och tipsa alla cyklister du k\u00e4nner om att vara med i denna viktiga satsning.<\/p>\n<p data-start=\"2585\" data-end=\"2801\" data-is-last-node=\"\" data-is-only-node=\"\"><em>Text: SCF<\/em><br \/>\n<em>Foto: Daniel Breece<\/em><\/p>\n<\/div>\n<\/div>\n<\/div>\n<\/div>\n<\/div>\n<\/div>\n<\/article>\n<p>&nbsp;<\/p>\n","protected":false},"excerpt":{"rendered":"<p>Sverige g\u00e5r in i l\u00f6rdagens VM-final i E-cycling med fem bl\u00e5gula damer p\u00e5 startlinjen, d\u00e4r Mika S\u00f6derstr\u00f6m \u00e4r det st\u00f6rsta svenska hoppet men d\u00e4r flera andra svenskor visade klass i semifinalen och tillsammans st\u00e5r de f\u00f6r en fj\u00e4rdedel av hela finalf\u00e4ltet. Sedan v\u00e4ntar en uppv\u00e4xlad SWE Cup, som denna s\u00e4song har s\u00e4songsstart i januari,<a href=\"https:\/\/scf.se\/e-cycling\/2025\/11\/14\/stort-damlag-ar-laddade-infor-lordagens-vm-final-swe-cup-i-januari\/\" class=\"news-card__more\"> &#8230;<\/a><\/p>\n","protected":false},"author":41,"featured_media":1351,"comment_status":"open","ping_status":"open","sticky":true,"template":"","format":"standard","meta":{"_acf_changed":false,"footnotes":""},"categories":[1],"tags":[],"class_list":["post-1801","post","type-post","status-publish","format-standard","hentry","category-okategoriserade"],"acf":[],"_links":{"self":[{"href":"https:\/\/scf.se\/e-cycling\/wp-json\/wp\/v2\/posts\/1801","targetHints":{"allow":["GET"]}}],"collection":[{"href":"https:\/\/scf.se\/e-cycling\/wp-json\/wp\/v2\/posts"}],"about":[{"href":"https:\/\/scf.se\/e-cycling\/wp-json\/wp\/v2\/types\/post"}],"author":[{"embeddable":true,"href":"https:\/\/scf.se\/e-cycling\/wp-json\/wp\/v2\/users\/41"}],"replies":[{"embeddable":true,"href":"https:\/\/scf.se\/e-cycling\/wp-json\/wp\/v2\/comments?post=1801"}],"version-history":[{"count":9,"href":"https:\/\/scf.se\/e-cycling\/wp-json\/wp\/v2\/posts\/1801\/revisions"}],"predecessor-version":[{"id":1810,"href":"https:\/\/scf.se\/e-cycling\/wp-json\/wp\/v2\/posts\/1801\/revisions\/1810"}],"wp:featuredmedia":[{"embeddable":true,"href":"https:\/\/scf.se\/e-cycling\/wp-json\/wp\/v2\/media\/1351"}],"wp:attachment":[{"href":"https:\/\/scf.se\/e-cycling\/wp-json\/wp\/v2\/media?parent=1801"}],"wp:term":[{"taxonomy":"category","embeddable":true,"href":"https:\/\/scf.se\/e-cycling\/wp-json\/wp\/v2\/categories?post=1801"},{"taxonomy":"post_tag","embeddable":true,"href":"https:\/\/scf.se\/e-cycling\/wp-json\/wp\/v2\/tags?post=1801"}],"curies":[{"name":"wp","href":"https:\/\/api.w.org\/{rel}","templated":true}]}}