
{"id":1095,"date":"2024-02-20T12:45:49","date_gmt":"2024-02-20T11:45:49","guid":{"rendered":"https:\/\/scf.se\/e-cycling\/?p=1095"},"modified":"2024-02-27T11:30:19","modified_gmt":"2024-02-27T10:30:19","slug":"anmal-intresse-for-att-kora-sm-i-e-cycling-i-lulea-och-sok-stod-till-resan","status":"publish","type":"post","link":"https:\/\/scf.se\/e-cycling\/2024\/02\/20\/anmal-intresse-for-att-kora-sm-i-e-cycling-i-lulea-och-sok-stod-till-resan\/","title":{"rendered":"Vi s\u00f6ker fler damcyklister, vill DU k\u00f6ra SM i E-cycling \u2013 s\u00f6k resebidrag"},"content":{"rendered":"<div>\n<p><strong>Nu \u00e4r det h\u00f6g tid att anm\u00e4la intresse f\u00f6r att k\u00f6ra SM i E-cycling i Lule\u00e5 under SM-veckan vinter. Vi vill givetvis ha ett fullt startf\u00e4lt \u00e4ven i damklassen fredag den 22 mars i en sp\u00e4nnande kamp <\/strong><strong>om SM-medaljerna d\u00e4r SVT Play direkts\u00e4nder de tv\u00e5 sista av tre delmomenten och i \u00e5r \u00e4r det ingen som sl\u00e5s ut. <\/strong><strong>Nu kan din SCF-anslutna f\u00f6rening dessutom s\u00f6ka resebidrag f\u00f6r SM-t\u00e4vlande i Lule\u00e5, b\u00e5de i E-cycling och trial. <\/strong>(Uppdaterad 20\/2.)<\/p>\n<p>En uttagningsgrupp fr\u00e5n Svenska Cykelf\u00f6rbundet kommer att v\u00e4lja ut cyklisterna som f\u00e5r komma till Lule\u00e5 f\u00f6r att t\u00e4vla om SM-titeln utifr\u00e5n nedanst\u00e5ende intresseanm\u00e4lan.<\/p>\n<h3><a href=\"https:\/\/forms.gle\/TYh68dMAHeas781u7\"><em>Anm\u00e4l ditt intresse f\u00f6r att delta i SM i E-cycling i Lule\u00e5 h\u00e4r!<\/em><\/a><\/h3>\n<p>M\u00e4sterskapet avg\u00f6rs en vardag i Lule\u00e5 och det uppst\u00e5r ovanligt stora resekostnader f\u00f6r de aktiva Alla SM-cyklister i SCF-anslutna f\u00f6reningar som har f\u00e5tt klartecken och har bokat resa har r\u00e4tt till en viss reseers\u00e4ttning. Man ger kvitton och annan redovisning av resan (se nedan) till ordf\u00f6randen eller kass\u00f6ren i klubben som sedan kan s\u00f6ka \u00e5terstartsst\u00f6d f\u00f6r kostnader upp till 3000 kronor.<\/p>\n<p>Reseers\u00e4ttning f\u00f6r deltagare i SM-veckan vinter 2024 ges mot faktisk resekostnad (bil\/t\u00e5g\/flyg) med ett maximalt s\u00f6kbart belopp p\u00e5 3 000 kronor deltagare. Observera att det \u00e4r den SCF-anslutna f\u00f6reningen som s\u00f6ker st\u00f6det men att det inte finns n\u00e5gra restriktioner f\u00f6r antal st\u00f6d per klubb just n\u00e4r det g\u00e4ller SM-resa Lule\u00e5. T\u00e5g och flyg m\u00e5ste redovisas med kvitto. Bilers\u00e4ttning g\u00e4ller det skattefria beloppet p\u00e5 25 kronor per mil.<\/p>\n<\/div>\n<div class=\"single-card__content\">\n<h3><strong>S\u00e5 ans\u00f6ker Din f\u00f6rening om f\u00f6reningsst\u00f6d<\/strong><\/h3>\n<ul>\n<li>Skicka in en ans\u00f6kan via <a href=\"https:\/\/login.idrottonline.se\/authn\/authenticate?serviceProviderId=nav-bar\"><strong><em>IdrottOnline<\/em><\/strong><\/a>, ett formul\u00e4r under <em>Idrottsmedel <\/em>som heter <strong><em>\u00c5terstartsst\u00f6d IF 2024\/2025<\/em><\/strong><em>.<\/em> Alla st\u00f6d utom <em>Merkostnad f\u00f6r myndighetsbeslut<\/em> (se ovan under punkt 1) \u00e4r s\u00f6kbara fr\u00e5n m\u00e5ndag 19 februari 2024. Notera tydligt vilket av\u00a0 kategori av st\u00f6d ovan som din f\u00f6rening s\u00f6ker.<\/li>\n<li>V\u00e4l inne i <em><strong>IdrottOnline<\/strong><\/em>beskrivs f\u00f6rst aktiviteten, sedan anger man syfte och tidpunkt. Ange till sist en motivering varf\u00f6r det beh\u00f6vs st\u00f6ttning.<\/li>\n<li>Alla SCF-anslutna f\u00f6reningars ordf\u00f6rande eller kass\u00f6r \u00e4r beh\u00f6riga att skicka in ans\u00f6kan.<\/li>\n<li>Samtliga klubbar som beviljas st\u00f6d m\u00e5ste rapportera tillbaka till SCF och redovisa med kvitton eller motsvarande. Bilers\u00e4ttning redovisas genom beskrivning av resan, m\u00e4tarst\u00e4llning och registreringsnummer p\u00e5 bil som anv\u00e4nts.<\/li>\n<\/ul>\n<h3>Uppl\u00e4gg f\u00f6r SM-t\u00e4vlingarna 2024<\/h3>\n<ul>\n<li>SM i E-cycling kommer allts\u00e5 att k\u00f6ras p\u00e5 plats under SM-veckan i Lule\u00e5 fredag 22 mars. Plats \u00e4r Lule\u00e5 Energi Arena. Mer detaljer kommer l\u00e4ngre fram.<\/li>\n<li>SM kommer att best\u00e5 av tre lopp, men ingen sl\u00e5s ut efter det f\u00f6rsta.\u00a0 Alla cyklister som kommer till Lule\u00e5 f\u00e5r k\u00f6ra samtliga lopp. Vi kommer att dela ut po\u00e4ng efter varje lopp och den som har flest po\u00e4ng efter sista loppet koras till svensk m\u00e4stare.<\/li>\n<li>Vi kommer att k\u00f6ra tre lopp p\u00e5 olika banor med varierande karakt\u00e4r. Banorna \u00e4r inte i detalj satta \u00e4nnu men vi f\u00f6r en dialog med Zwift om detta. Prelimin\u00e4rt blir det inledande loppet ett l\u00e4ngre lopp i Watopia f\u00f6ljt av tv\u00e5 kortare lopp i ett virtuellt Skottland \u2013 p\u00e5 de tidigare VM-banorna d\u00e4r.<\/li>\n<li>Det f\u00f6rsta l\u00e4ngre loppet kommer att k\u00f6ras innan s\u00e4ndningen fr\u00e5n SVT startar. Detta f\u00f6r att f\u00e5 ut de b\u00e4sta t\u00e4vlingsf\u00f6ruts\u00e4ttningarna och samtidigt m\u00f6ta SVT:s krav kring s\u00e4ndningstider. Det f\u00f6rsta loppet avg\u00f6rs fredag f\u00f6rmiddag. N\u00e4r vi sedan g\u00e5r in i s\u00e4ndning s\u00e5 kommer vi att k\u00f6ra tv\u00e5 lopp efter varandra med en kort paus mellan. Detta f\u00f6r att inte skall beh\u00f6va byta cyklar och \u00e4ndra inst\u00e4llningar mellan damer och herrar.<\/li>\n<\/ul>\n<\/div>\n<h3><strong>Tidsprogram SM E-cycling fredag 22 mars<\/strong><\/h3>\n<ul>\n<li><strong>10.00<\/strong>: 45 minuter linjelopp damer (prelimin\u00e4r tid).<\/li>\n<li><strong>11.00<\/strong>: 45 minuter linjelopp herrar (prelimin\u00e4r tid).<\/li>\n<li><strong>14.05\u201314.25<\/strong>: 20 minuter linjelopp damer.<\/li>\n<li><strong>14.35\u201314.50:<\/strong> 15 minuter final damer.<\/li>\n<li><strong>15.00\u201315.20<\/strong>: 20 minuter linjelopp herrar .<\/li>\n<li><strong>15.30\u201315.45<\/strong>: 15 minuter final herrar.<\/li>\n<li>S\u00e4ndningen p\u00e5 SVT Play p\u00e5g\u00e5r mellan 14.00\u201315.50 och \u00e4r nu spikad.<\/li>\n<\/ul>\n<div class=\"single-card__content\">\n<h3>T\u00e4nka p\u00e5 att ta med till SM<\/h3>\n<ul>\n<li>Pulsband (inte n\u00f6dv\u00e4ndigt)<\/li>\n<li>Egna pedaler (inte Wattpedaler d\u00e5 de riskerar st\u00f6ra ut andra enheter)<\/li>\n<li>Kl\u00e4der (krav p\u00e5 klubbkl\u00e4der).<\/li>\n<li>Skor<\/li>\n<li>Flaskor, v\u00e4tska, energi, handduk med mera.<\/li>\n<\/ul>\n<h3>Utrustning som kommer finnas p\u00e5 plats<\/h3>\n<ul>\n<li>Vi kommer att k\u00f6ra med Kickr Bike\/Shift. Alla kommer allts\u00e5 att ha samma tekniska f\u00f6ruts\u00e4ttningar under t\u00e4vlingen.<\/li>\n<li>Direct Connect<\/li>\n<li>iPad<\/li>\n<li>iPad-f\u00e4ste<\/li>\n<li>KICKR mattor.<\/li>\n<li>Fl\u00e4ktar.<\/li>\n<li>Diverse reservdelar KICKR BIKE\/Shift.<\/li>\n<\/ul>\n<h3>Begr\u00e4nsad tillg\u00e5ng till t\u00e4vlingarenan<\/h3>\n<p>Endast SCF-personal och SM-veckans funktion\u00e4rer och cyklisterna som t\u00e4vlar kommer att ha tillg\u00e5ng till t\u00e4vlingsarenan. \u00d6vriga medf\u00f6ljande h\u00e4nvisas till l\u00e4ktaren. Vi rekommenderar deltagare att man har med sig en person som kan hj\u00e4lpa till att konfigurera cykel samt hj\u00e4lpa cyklisten med praktiska saker. Dessa f\u00e5r d\u00e5 passera in p\u00e5 t\u00e4vlingsytan enbart f\u00f6r detta.<\/p>\n<h3>Inv\u00e4gning<\/h3>\n<p>Innan ni skall t\u00e4vla s\u00e5 skall det ske en m\u00e4tning av vikt. Detta kommer att g\u00f6ras p\u00e5 plats. Denna skall \u00f6verensst\u00e4mma med vikten in game. Inv\u00e4gning sker p\u00e5 plats p\u00e5 t\u00e4vlingsytan i arenan och noteras av representant fr\u00e5n SCF. Inv\u00e4gning ska ske tv\u00e5 (2) timmar innan f\u00f6rsta start.<\/p>\n<h3>Antidoping<\/h3>\n<p>Svenska Cykelf\u00f6rbundet arbetar aktivt med antidoping genom en tillsatt kommitt\u00e9 som l\u00f6pande reviderar SCF Antidopingprogram i enlighet med RF:s riktlinjer. Dopingkontroller kan ske under SM-veckan.<\/p>\n<h3>Fr\u00e5gor? Kontakta oss p\u00e5 <em><strong>ecycling@scf.se!<\/strong><\/em><\/h3>\n<p><em>Text och fotomontage: SCF<\/em><\/p>\n<\/div>\n<div class=\"single-card__content\">\n<hr \/>\n<p><em><strong>Svenska Cykelf\u00f6rbundet och grengrupp E-cycling \u00e4r stolta \u00f6ver att presentera v\u00e5ra samarbetspartners.<\/strong><\/em><\/p>\n<a href=\"https:\/\/scf.se\/e-cycling\/wp-content\/uploads\/sites\/11\/2023\/12\/Liggande-banner-E-Cycling2024_1.jpg\"><img loading=\"lazy\" decoding=\"async\" class=\"alignnone size-full wp-image-774\" src=\"https:\/\/scf.se\/e-cycling\/wp-content\/uploads\/sites\/11\/2023\/12\/Liggande-banner-E-Cycling2024_1.jpg\" alt=\"\" width=\"1200\" height=\"300\" srcset=\"https:\/\/scf.se\/e-cycling\/wp-content\/uploads\/sites\/11\/2023\/12\/Liggande-banner-E-Cycling2024_1.jpg 1200w, https:\/\/scf.se\/e-cycling\/wp-content\/uploads\/sites\/11\/2023\/12\/Liggande-banner-E-Cycling2024_1-300x75.jpg 300w, https:\/\/scf.se\/e-cycling\/wp-content\/uploads\/sites\/11\/2023\/12\/Liggande-banner-E-Cycling2024_1-1024x256.jpg 1024w, https:\/\/scf.se\/e-cycling\/wp-content\/uploads\/sites\/11\/2023\/12\/Liggande-banner-E-Cycling2024_1-768x192.jpg 768w\" sizes=\"auto, (max-width: 1200px) 100vw, 1200px\" \/><\/a>\n<\/div>\n","protected":false},"excerpt":{"rendered":"<p>Nu \u00e4r det h\u00f6g tid att anm\u00e4la intresse f\u00f6r att k\u00f6ra SM i E-cycling i Lule\u00e5 under SM-veckan vinter. Vi vill givetvis ha ett fullt startf\u00e4lt \u00e4ven i damklassen fredag den 22 mars i en sp\u00e4nnande kamp om SM-medaljerna d\u00e4r SVT Play direkts\u00e4nder de tv\u00e5 sista av tre delmomenten och i \u00e5r \u00e4r det<a href=\"https:\/\/scf.se\/e-cycling\/2024\/02\/20\/anmal-intresse-for-att-kora-sm-i-e-cycling-i-lulea-och-sok-stod-till-resan\/\" class=\"news-card__more\"> &#8230;<\/a><\/p>\n","protected":false},"author":41,"featured_media":934,"comment_status":"open","ping_status":"open","sticky":false,"template":"","format":"standard","meta":{"_acf_changed":false,"footnotes":""},"categories":[1],"tags":[],"class_list":["post-1095","post","type-post","status-publish","format-standard","hentry","category-okategoriserade"],"acf":[],"_links":{"self":[{"href":"https:\/\/scf.se\/e-cycling\/wp-json\/wp\/v2\/posts\/1095","targetHints":{"allow":["GET"]}}],"collection":[{"href":"https:\/\/scf.se\/e-cycling\/wp-json\/wp\/v2\/posts"}],"about":[{"href":"https:\/\/scf.se\/e-cycling\/wp-json\/wp\/v2\/types\/post"}],"author":[{"embeddable":true,"href":"https:\/\/scf.se\/e-cycling\/wp-json\/wp\/v2\/users\/41"}],"replies":[{"embeddable":true,"href":"https:\/\/scf.se\/e-cycling\/wp-json\/wp\/v2\/comments?post=1095"}],"version-history":[{"count":0,"href":"https:\/\/scf.se\/e-cycling\/wp-json\/wp\/v2\/posts\/1095\/revisions"}],"wp:featuredmedia":[{"embeddable":true,"href":"https:\/\/scf.se\/e-cycling\/wp-json\/wp\/v2\/media\/934"}],"wp:attachment":[{"href":"https:\/\/scf.se\/e-cycling\/wp-json\/wp\/v2\/media?parent=1095"}],"wp:term":[{"taxonomy":"category","embeddable":true,"href":"https:\/\/scf.se\/e-cycling\/wp-json\/wp\/v2\/categories?post=1095"},{"taxonomy":"post_tag","embeddable":true,"href":"https:\/\/scf.se\/e-cycling\/wp-json\/wp\/v2\/tags?post=1095"}],"curies":[{"name":"wp","href":"https:\/\/api.w.org\/{rel}","templated":true}]}}