
{"id":94,"date":"2024-01-19T13:53:13","date_gmt":"2024-01-19T12:53:13","guid":{"rendered":"https:\/\/scf.se\/distrikt-stockholm\/?p=94"},"modified":"2024-02-12T20:51:08","modified_gmt":"2024-02-12T19:51:08","slug":"dags-for-arsmote","status":"publish","type":"post","link":"https:\/\/scf.se\/distrikt-stockholm\/2024\/01\/19\/dags-for-arsmote\/","title":{"rendered":"Dags f\u00f6r \u00e5rsm\u00f6te!"},"content":{"rendered":"<p>Nu \u00e4r det snart dags f\u00f6r \u00e5rsm\u00f6te med Stockholms Cykelf\u00f6rbund!<\/p>\n<p><strong>S\u00f6ndagen den 18 februari klockan 15-17<\/strong><\/p>\n<p>M\u00f6tet sker fysiskt och sker i klubblokalen p\u00e5 Danderydsvallen Norag\u00e5rdsv\u00e4gen 46, Danderyd. L\u00e4nk till platsen finns <a href=\"https:\/\/maps.app.goo.gl\/ccVd8hqEAc3UJhG56\" target=\"_blank\" rel=\"noopener\">h\u00e4r<\/a><\/p>\n<p><strong>Anm\u00e4lan<\/strong> till \u00e5rsm\u00f6tet sker <a href=\"https:\/\/response.questback.com\/icasverigeab\/fbuxlyur1z\" target=\"_blank\" rel=\"noopener\">H\u00c4R<\/a><\/p>\n<p>Under m\u00f6tet serveras fika.<\/p>\n<p>Motioner mailas in till Stockholms Cykelf\u00f6rbund.<\/p>\n<p><strong>\u00c5rsm\u00f6teshandlingar:<\/strong><br \/>\nValberedningens f\u00f6rslag till styrelse finns nu <a href=\"https:\/\/1drv.ms\/w\/s!AmeCCplVmPIIoRJznvMgTME_jig0?e=zsp6ZN\" target=\"_blank\" rel=\"noopener\">h\u00e4r<\/a><br \/>\nVerksamhetsber\u00e4ttelse finns nu <a href=\"https:\/\/1drv.ms\/b\/s!AmeCCplVmPIIoHp0jDgEXXRHehaP?e=Kg2bgD\" target=\"_blank\" rel=\"noopener\">h\u00e4r<\/a><br \/>\nResultatrapport finns nu <a href=\"https:\/\/1drv.ms\/b\/s!AmeCCplVmPIIoHfvDx4tEFu5c8dc?e=V0KfQ2\" target=\"_blank\" rel=\"noopener\">h\u00e4r<\/a><br \/>\nBalansrapport finns nu <a href=\"https:\/\/1drv.ms\/b\/s!AmeCCplVmPIIoHW4oackvlebD2z_?e=34jjrv\" target=\"_blank\" rel=\"noopener\">h\u00e4r<\/a><\/p>\n<p>Svenska Cykelf\u00f6rbundets \u00e5rsm\u00f6te \u00e4ger rum digitalt l\u00f6rdagen 9 mars 2024<br \/>\nAll information om m\u00f6tet och samtliga handlingar finns p\u00e5 f\u00f6rbundets hemsida <a href=\"https:\/\/scf.se\/forbundet\/kalender\/forbundsmote-2024\/\" target=\"_blank\" rel=\"noopener\">h\u00e4r<\/a><\/p>\n<p>29 februari 2024 \u2013 s<strong>enast 10 dagar f\u00f6re f\u00f6rbundsm\u00f6te skall deltagaranm\u00e4lan och fullmakter vara SCF:s kansli tillhanda.<\/strong><br \/>\nKan klubben inte delta m\u00e5ste en fullmakt om \u00f6verl\u00e4mning av r\u00f6str\u00e4tt till Stockholms Cykelf\u00f6rbund l\u00e4mnas in via mail till <a href=\"mailto:kansli@scf.se\" target=\"_blank\" rel=\"noopener\">kansli@scf.se<\/a><br \/>\nFullmakten finns <a href=\"https:\/\/scf.se\/forbundet\/wp-content\/uploads\/sites\/9\/2024\/01\/Fullmakt-vid-Forbundsmote-2024.pdf\" target=\"_blank\" rel=\"noopener\">h\u00e4r<\/a><\/p>\n<p>9 mars 2024 \u2013 F\u00f6rbundsm\u00f6te, kl 10.00.<\/p>\n<p>Varmt v\u00e4lkomna!<\/p>\n<p>&nbsp;<\/p>\n<p>&nbsp;<\/p>\n","protected":false},"excerpt":{"rendered":"<p>Nu \u00e4r det snart dags f\u00f6r \u00e5rsm\u00f6te med Stockholms Cykelf\u00f6rbund! S\u00f6ndagen den 18 februari klockan 15-17 M\u00f6tet sker fysiskt och sker i klubblokalen p\u00e5 Danderydsvallen Norag\u00e5rdsv\u00e4gen 46, Danderyd. L\u00e4nk till platsen finns h\u00e4r Anm\u00e4lan till \u00e5rsm\u00f6tet sker H\u00c4R Under m\u00f6tet serveras fika. Motioner mailas in till Stockholms Cykelf\u00f6rbund. \u00c5rsm\u00f6teshandlingar: Valberedningens f\u00f6rslag till styrelse finns<a href=\"https:\/\/scf.se\/distrikt-stockholm\/2024\/01\/19\/dags-for-arsmote\/\" class=\"news-card__more\"> &#8230;<\/a><\/p>\n","protected":false},"author":51,"featured_media":96,"comment_status":"open","ping_status":"open","sticky":false,"template":"","format":"standard","meta":{"_acf_changed":false,"footnotes":""},"categories":[1],"tags":[],"class_list":["post-94","post","type-post","status-publish","format-standard","hentry","category-okategoriserade"],"acf":[],"_links":{"self":[{"href":"https:\/\/scf.se\/distrikt-stockholm\/wp-json\/wp\/v2\/posts\/94","targetHints":{"allow":["GET"]}}],"collection":[{"href":"https:\/\/scf.se\/distrikt-stockholm\/wp-json\/wp\/v2\/posts"}],"about":[{"href":"https:\/\/scf.se\/distrikt-stockholm\/wp-json\/wp\/v2\/types\/post"}],"author":[{"embeddable":true,"href":"https:\/\/scf.se\/distrikt-stockholm\/wp-json\/wp\/v2\/users\/51"}],"replies":[{"embeddable":true,"href":"https:\/\/scf.se\/distrikt-stockholm\/wp-json\/wp\/v2\/comments?post=94"}],"version-history":[{"count":0,"href":"https:\/\/scf.se\/distrikt-stockholm\/wp-json\/wp\/v2\/posts\/94\/revisions"}],"wp:featuredmedia":[{"embeddable":true,"href":"https:\/\/scf.se\/distrikt-stockholm\/wp-json\/wp\/v2\/media\/96"}],"wp:attachment":[{"href":"https:\/\/scf.se\/distrikt-stockholm\/wp-json\/wp\/v2\/media?parent=94"}],"wp:term":[{"taxonomy":"category","embeddable":true,"href":"https:\/\/scf.se\/distrikt-stockholm\/wp-json\/wp\/v2\/categories?post=94"},{"taxonomy":"post_tag","embeddable":true,"href":"https:\/\/scf.se\/distrikt-stockholm\/wp-json\/wp\/v2\/tags?post=94"}],"curies":[{"name":"wp","href":"https:\/\/api.w.org\/{rel}","templated":true}]}}