
{"id":72,"date":"2023-06-28T20:24:04","date_gmt":"2023-06-28T18:24:04","guid":{"rendered":"https:\/\/scf.se\/distrikt-stockholm\/?p=72"},"modified":"2023-06-28T20:24:04","modified_gmt":"2023-06-28T18:24:04","slug":"bmx-sm-2023","status":"publish","type":"post","link":"https:\/\/scf.se\/distrikt-stockholm\/2023\/06\/28\/bmx-sm-2023\/","title":{"rendered":"BMX SM och invigning av \u00c4lvsj\u00f6 Arena"},"content":{"rendered":"<p>I helgen invigs den nya BMX arenan i \u00c4lvsj\u00f6. Kl.1030 p\u00e5 l\u00f6rdag, den 1a Juli, bjuds det in till invigning och d\u00e4refter g\u00e5r startskottet f\u00f6r BMX SM som avg\u00f6rs under resten av dagen!<\/p>\n<p>Mer information om helgen finner ni p\u00e5\u00a0<a href=\"https:\/\/alvsjobmx.com\/?fbclid=IwAR26qY_yu39sonSk2pYIsPy_gM1AcJ0N7fBXYtGo00FsLvhyJPj6XpxytM0\">\u00c4lvsj\u00f6 BMX&#8217;s hemsida<\/a><\/p>\n<p><a href=\"https:\/\/klubbenonline.objects.dc-sto1.glesys.net\/AIG4yulOBdnsGPRg\/YopPKVY2yoVK3tPvcCb79p7Bx0BoQDWx34ykIJuy.pdf\">Inbjudan<\/a>\u00a0till helgens event.<\/p>\n","protected":false},"excerpt":{"rendered":"<p>I helgen invigs den nya BMX arenan i \u00c4lvsj\u00f6. Kl.1030 p\u00e5 l\u00f6rdag, den 1a Juli, bjuds det in till invigning och d\u00e4refter g\u00e5r startskottet f\u00f6r BMX SM som avg\u00f6rs under resten av dagen! Mer information om helgen finner ni p\u00e5\u00a0\u00c4lvsj\u00f6 BMX&#8217;s hemsida Inbjudan\u00a0till helgens event.<\/p>\n","protected":false},"author":50,"featured_media":73,"comment_status":"open","ping_status":"open","sticky":false,"template":"","format":"standard","meta":{"_acf_changed":false,"footnotes":""},"categories":[1],"tags":[],"class_list":["post-72","post","type-post","status-publish","format-standard","hentry","category-okategoriserade"],"acf":[],"_links":{"self":[{"href":"https:\/\/scf.se\/distrikt-stockholm\/wp-json\/wp\/v2\/posts\/72","targetHints":{"allow":["GET"]}}],"collection":[{"href":"https:\/\/scf.se\/distrikt-stockholm\/wp-json\/wp\/v2\/posts"}],"about":[{"href":"https:\/\/scf.se\/distrikt-stockholm\/wp-json\/wp\/v2\/types\/post"}],"author":[{"embeddable":true,"href":"https:\/\/scf.se\/distrikt-stockholm\/wp-json\/wp\/v2\/users\/50"}],"replies":[{"embeddable":true,"href":"https:\/\/scf.se\/distrikt-stockholm\/wp-json\/wp\/v2\/comments?post=72"}],"version-history":[{"count":0,"href":"https:\/\/scf.se\/distrikt-stockholm\/wp-json\/wp\/v2\/posts\/72\/revisions"}],"wp:featuredmedia":[{"embeddable":true,"href":"https:\/\/scf.se\/distrikt-stockholm\/wp-json\/wp\/v2\/media\/73"}],"wp:attachment":[{"href":"https:\/\/scf.se\/distrikt-stockholm\/wp-json\/wp\/v2\/media?parent=72"}],"wp:term":[{"taxonomy":"category","embeddable":true,"href":"https:\/\/scf.se\/distrikt-stockholm\/wp-json\/wp\/v2\/categories?post=72"},{"taxonomy":"post_tag","embeddable":true,"href":"https:\/\/scf.se\/distrikt-stockholm\/wp-json\/wp\/v2\/tags?post=72"}],"curies":[{"name":"wp","href":"https:\/\/api.w.org\/{rel}","templated":true}]}}