
{"id":70,"date":"2023-07-02T11:22:32","date_gmt":"2023-07-02T09:22:32","guid":{"rendered":"https:\/\/scf.se\/distrikt-stockholm\/?p=70"},"modified":"2023-07-02T11:22:32","modified_gmt":"2023-07-02T09:22:32","slug":"kommande-tavlingar-i-stockholm","status":"publish","type":"post","link":"https:\/\/scf.se\/distrikt-stockholm\/2023\/07\/02\/kommande-tavlingar-i-stockholm\/","title":{"rendered":"Kommande t\u00e4vlingar i Stockholm"},"content":{"rendered":"<div>Juli \u00e4r h\u00e4r och det b\u00f6rjar bli dags att se p\u00e5 vilka t\u00e4vlingar vi har framf\u00f6r oss. Nedan hittar ni en \u00f6verblick \u00f6ver de lopp som arrangeras i Stockholm de kommande m\u00e5naderna (uppdateras med mer information n\u00e4r vi har detaljer tillg\u00e4ngliga).<\/div>\n<h3>AUGUSTI<\/h3>\n<div><\/div>\n<div>2a &#8211; Knivsta GP, denna t\u00e4vling\u00a0ing\u00e5r i Upplands cupen f\u00f6r lvg. Inbjudan och anm\u00e4lan kommuniceras p\u00e5 <a href=\"https:\/\/www.facebook.com\/groups\/1989997627947150\">Upplands CF facebook<\/a><\/div>\n<div><\/div>\n<div><\/div>\n<div>8e &#8211; Scania GP, Stockholms landsv\u00e4gscup (S\u00f6dert\u00e4lje cykelklubb)<\/div>\n<div><\/div>\n<div><\/div>\n<div>9e &#8211; Hj\u00e4lsta tempo (B\u00e5lsta CK, <a href=\"https:\/\/www.smack.se\/smack-serien\/\">SMACK serien<\/a>)<\/div>\n<div><\/div>\n<div>\n<div><\/div>\n<div>12e &#8211; M\u00e4laren runt (Fredrikshofs Cykelklubb) anm\u00e4l dig p\u00e5;<a href=\"https:\/\/www.sportstiming.se\/event\/12768\">\u00a0https:\/\/www.sportstiming.se\/event\/12768<\/a><\/div>\n<div><\/div>\n<div><\/div>\n<\/div>\n<div>14e &#8211; Skeppsholmsloppet &#8211; Den 6e och sista delt\u00e4vlingen av Stockholms Landsv\u00e4gscup\u00a0(Fredrikshof)<\/div>\n<div><\/div>\n<div><\/div>\n<div>29e &#8211; Arlanda Testtrack Kortbana med Jaktstart (CK ECI Champion, <a href=\"https:\/\/www.smack.se\/smack-serien\/\">SMACK serien<\/a>)<\/div>\n<div><\/div>\n<div><\/div>\n<h3>SEPTEMBER<\/h3>\n<p>&#8211;<\/p>\n<h3>OKTOBER<\/h3>\n<div><\/div>\n<div>7-8 &#8211; Fristads Cyclocross Weekend (<a href=\"https:\/\/www.facebook.com\/StockholmCycloCross?locale=sv_SE\">FB-sida<\/a>, <a href=\"https:\/\/cyclocrossweekend.wordpress.com\/?fbclid=IwAR0TEf6Jia8q2jelGTkKcIp4IS3kQRE4g2Q_Dpr_5aPl9vSzgFoBRYHznSA\">Hemsida<\/a>)<\/div>\n<div>\n<div class=\"page\" title=\"Page 1\">\n<div class=\"layoutArea\">\n<div class=\"column\">\n<div class=\"page\" title=\"Page 1\">\n<div class=\"layoutArea\">\n<div class=\"column\"><\/div>\n<\/div>\n<\/div>\n<\/div>\n<\/div>\n<\/div>\n<\/div>\n","protected":false},"excerpt":{"rendered":"<p>Juli \u00e4r h\u00e4r och det b\u00f6rjar bli dags att se p\u00e5 vilka t\u00e4vlingar vi har framf\u00f6r oss. Nedan hittar ni en \u00f6verblick \u00f6ver de lopp som arrangeras i Stockholm de kommande m\u00e5naderna (uppdateras med mer information n\u00e4r vi har detaljer tillg\u00e4ngliga). AUGUSTI 2a &#8211; Knivsta GP, denna t\u00e4vling\u00a0ing\u00e5r i Upplands cupen f\u00f6r lvg. Inbjudan<a href=\"https:\/\/scf.se\/distrikt-stockholm\/2023\/07\/02\/kommande-tavlingar-i-stockholm\/\" class=\"news-card__more\"> &#8230;<\/a><\/p>\n","protected":false},"author":50,"featured_media":71,"comment_status":"open","ping_status":"open","sticky":false,"template":"","format":"standard","meta":{"_acf_changed":false,"footnotes":""},"categories":[1],"tags":[],"class_list":["post-70","post","type-post","status-publish","format-standard","hentry","category-okategoriserade"],"acf":[],"_links":{"self":[{"href":"https:\/\/scf.se\/distrikt-stockholm\/wp-json\/wp\/v2\/posts\/70","targetHints":{"allow":["GET"]}}],"collection":[{"href":"https:\/\/scf.se\/distrikt-stockholm\/wp-json\/wp\/v2\/posts"}],"about":[{"href":"https:\/\/scf.se\/distrikt-stockholm\/wp-json\/wp\/v2\/types\/post"}],"author":[{"embeddable":true,"href":"https:\/\/scf.se\/distrikt-stockholm\/wp-json\/wp\/v2\/users\/50"}],"replies":[{"embeddable":true,"href":"https:\/\/scf.se\/distrikt-stockholm\/wp-json\/wp\/v2\/comments?post=70"}],"version-history":[{"count":0,"href":"https:\/\/scf.se\/distrikt-stockholm\/wp-json\/wp\/v2\/posts\/70\/revisions"}],"wp:featuredmedia":[{"embeddable":true,"href":"https:\/\/scf.se\/distrikt-stockholm\/wp-json\/wp\/v2\/media\/71"}],"wp:attachment":[{"href":"https:\/\/scf.se\/distrikt-stockholm\/wp-json\/wp\/v2\/media?parent=70"}],"wp:term":[{"taxonomy":"category","embeddable":true,"href":"https:\/\/scf.se\/distrikt-stockholm\/wp-json\/wp\/v2\/categories?post=70"},{"taxonomy":"post_tag","embeddable":true,"href":"https:\/\/scf.se\/distrikt-stockholm\/wp-json\/wp\/v2\/tags?post=70"}],"curies":[{"name":"wp","href":"https:\/\/api.w.org\/{rel}","templated":true}]}}