
{"id":226,"date":"2025-02-03T11:16:38","date_gmt":"2025-02-03T10:16:38","guid":{"rendered":"https:\/\/scf.se\/distrikt-stockholm\/?p=226"},"modified":"2025-04-28T20:02:12","modified_gmt":"2025-04-28T18:02:12","slug":"tavlingsprogram-stockholm-2025","status":"publish","type":"post","link":"https:\/\/scf.se\/distrikt-stockholm\/2025\/02\/03\/tavlingsprogram-stockholm-2025\/","title":{"rendered":"T\u00e4vlingsprogram Stockholm 2025"},"content":{"rendered":"<p><span style=\"text-decoration: underline\"><strong>Nedan en lista p\u00e5 klara t\u00e4vlingar i Stockholmsomr\u00e5det 2025<\/strong><\/span><\/p>\n<p><strong>Stockholms Landsv\u00e4gscup<\/strong><br \/>\n29 april \u2013 Fiskartorpets GP (Arrang\u00f6r CK Valhall, AC Salt Lake)<br \/>\n6 maj \u2013 Rosersbergs GP* (Arrang\u00f6r SMACK) OBS Ny arena!!<br \/>\n13 maj \u2013 Vuelta Laduviken (Arrang\u00f6r Rocket Racing, \u00c4ngby CC)<br \/>\n20 maj \u2013 G\u00e5l\u00f6linjet (Arrang\u00f6r Cykelklubben Falken)<br \/>\n27 maj \u2013 Sp\u00e5rv\u00e4gens Folktempo (Arrang\u00f6r Sp\u00e5rv\u00e4gens IF)<br \/>\n5 aug \u2013 Scania GP* (Arrang\u00f6r S\u00f6dert\u00e4lje Cykelklubb)<br \/>\n11 aug \u2013 Skeppsholmens GP (Arrang\u00f6r Fredrikshofs IF Cykel)<br \/>\n(Inbjudan och anm\u00e4lan till t\u00e4vlingarna via <a href=\"https:\/\/www.sportstiming.se\/scf\" target=\"_blank\" rel=\"noopener\">Sportstiming<\/a>)<\/p>\n<p><strong>Stockholm 4-dagars <\/strong>(T\u00e4vlingens sida p\u00e5 facebook <a href=\"https:\/\/www.facebook.com\/Stockholm3dagars\" target=\"_blank\" rel=\"noopener\">h\u00e4r<\/a>)<br \/>\n5 juni \u2013 Arlanda Test Track Race<br \/>\n6 juni \u2013 Nationaldagslinjet SWECUP #5<br \/>\n7 juni \u2013 Scania Grand Prix<br \/>\n8 juni \u2013 Falkenloppet<br \/>\n(Inbjudan och anm\u00e4lan till t\u00e4vlingarna via <a href=\"https:\/\/www.sportstiming.se\/scf\" target=\"_blank\" rel=\"noopener\">Sportstiming<\/a>)<\/p>\n<p><strong>Motionslopp\u00a0<\/strong><br \/>\n10 maj \u2013 Hj\u00e4lmaren Runt (Mer information <a href=\"https:\/\/orebrocyklisterna.se\/arrangemang\/hjalmaren-runt\/\" target=\"_blank\" rel=\"noopener\">h\u00e4r<\/a>)<br \/>\n18 maj \u2013 Trosatrampen (Mer information <a href=\"https:\/\/trosatrampen.se\/\" target=\"_blank\" rel=\"noopener\">h\u00e4r<\/a>)<br \/>\n18 maj \u2013 V\u00e5rblotet B\u00e5lsta (Mer information <a href=\"https:\/\/www.svenskalag.se\/balstack\/sida\/89586\/varblotet\" target=\"_blank\" rel=\"noopener\">h\u00e4r<\/a>)<br \/>\n18 maj \u2013 Stadiongirot (Mer information <a href=\"https:\/\/raceid.com\/sv\/races\/13184\/information\" target=\"_blank\" rel=\"noopener\">h\u00e4r<\/a>)<br \/>\n24 maj \u2013 Sommen Runt (Mer information <a href=\"https:\/\/www.sommenrunt.se\/\" target=\"_blank\" rel=\"noopener\">h\u00e4r<\/a>)<br \/>\n24 maj \u2013 Engelbrektsrundan (Mer information <a href=\"https:\/\/www.svenskalag.se\/norbergsck-engelbrektsrundan?\" target=\"_blank\" rel=\"noopener\">h\u00e4r<\/a>)<br \/>\n29 maj \u2013 V\u00e4ster\u00e5scykeln (Mer information <a href=\"https:\/\/www.svenskalag.se\/vasterasck\/sida\/88104\/vasterascykeln\" target=\"_blank\" rel=\"noopener\">h\u00e4r<\/a>)<br \/>\n16 aug \u2013 M\u00e4laren Runt (Mer information <a href=\"https:\/\/www.fredrikshof.se\/nyheter\/2024-05\/89-malaren-runt-2024-save-the-date\/\" target=\"_blank\" rel=\"noopener\">h\u00e4r<\/a>)<\/p>\n<p><strong>Mountainbike<\/strong><br \/>\n25 maj \u2013 Lida Loop L\u00e5ngloppscupen #2 (Hemsida <a href=\"https:\/\/www.lidaloop.se\/\" target=\"_blank\" rel=\"noopener\">h\u00e4r<\/a>)<br \/>\n23 aug \u2013\u00a0 SWE Cup XCO #9 &#8211; Sigtuna (L\u00e4nk till SWECUP XCO <a href=\"https:\/\/scf.se\/mountainbike\/swe-cup-xco-2024\/\" target=\"_blank\" rel=\"noopener\">h\u00e4r<\/a>)<br \/>\n31 aug \u2013 J\u00e4rf\u00e4lla XCO (Hemsida <a href=\"https:\/\/jarfallaxco.se\/\" target=\"_blank\" rel=\"noopener\">h\u00e4r<\/a>)<br \/>\nTBD &#8211; MTB Adventure S\u00f6dert\u00e4lje (Hemsida <a href=\"https:\/\/www.mtb-adventure.se\/om-loppet\" target=\"_blank\" rel=\"noopener\">h\u00e4r<\/a>)<\/p>\n<p><strong>Enduro<\/strong><br \/>\n11 maj Gravity Series \u2013 Resar\u00f6 \u2013 Capital Enduro #1<br \/>\n15 juni Gravity Series \u2013 Eker\u00f6 \u2013 Capital Enduro #2<br \/>\n27 juli Gravity Series \u2013 Flottsbro \u2013 Capital Enduro #3<br \/>\n21 sep Gravity Series \u2013 V\u00e4sj\u00f6backen \u2013 Capital Enduro #4<br \/>\nL\u00e4s mer om Gravity Series <a href=\"https:\/\/gravityseries.se\/\" target=\"_blank\" rel=\"noopener\">h\u00e4r<\/a><\/p>\n<p><strong>Gravel<\/strong><br \/>\n3 aug \u2013 CK Ceres Gravel<br \/>\n31 aug \u2013 S\u00f6dert\u00e4lje CK GRVL Ride (Inbjudan <a href=\"https:\/\/klubbenonline.objects.dc-sto1.glesys.net\/1YZgqvx65pxtHbMU\/vvVauoILe8PSEwWZujEh6WPAIK5AT5gUtgIJOe1m.pdf\" target=\"_blank\" rel=\"noopener\">h\u00e4r<\/a>)<br \/>\n6 sept \u2013 \u00d6rebro Gravel<\/p>\n<p><strong>Cyclocross<\/strong><br \/>\n11-12 oktober \u2013 Fristads Cyclocross Weekend UCI Cat 2<br \/>\n(L\u00e4nk till t\u00e4vlingens Facebook <a href=\"https:\/\/www.facebook.com\/StockholmCycloCross\" target=\"_blank\" rel=\"noopener\">h\u00e4r<\/a>)<\/p>\n<p><span style=\"text-decoration: underline\"><strong>\u00d6vriga arrangemang i Stockholm men utan klart schema<\/strong><\/span><\/p>\n<p><strong>Under v\u00e5ren<\/strong><br \/>\nKompis MTB \/ Keps Cup MTB (L\u00e4nk till grupp p\u00e5 Facebook <a href=\"https:\/\/www.facebook.com\/groups\/805951376154635\" target=\"_blank\" rel=\"noopener\">h\u00e4r<\/a>)<\/p>\n<p><strong>Under h\u00f6sten<\/strong><br \/>\nKompiscrossen (L\u00e4nk till sida p\u00e5 Facebook <a href=\"https:\/\/www.facebook.com\/kompiscrossen\" target=\"_blank\" rel=\"noopener\">h\u00e4r<\/a>)<br \/>\nM\u00e4larcrossen (L\u00e4nk till hemsida <a href=\"https:\/\/www.malarcrossen.se\/index1.php?=784756301\" target=\"_blank\" rel=\"noopener\">h\u00e4r<\/a><\/p>\n<p><strong>N\u00e4ra att ta sig<\/strong><br \/>\nUpplandscupen MTB &#8211; Hemsida <a href=\"https:\/\/www.smack.se\/mtb-serien\/\" target=\"_blank\" rel=\"noopener\">h\u00e4r<\/a><br \/>\nSmackserien Landsv\u00e4g &#8211; Hemsida <a href=\"https:\/\/www.smack.se\/smack-serien\/\" target=\"_blank\" rel=\"noopener\">h\u00e4r<\/a><\/p>\n","protected":false},"excerpt":{"rendered":"<p>Nedan en lista p\u00e5 klara t\u00e4vlingar i Stockholmsomr\u00e5det 2025 Stockholms Landsv\u00e4gscup 29 april \u2013 Fiskartorpets GP (Arrang\u00f6r CK Valhall, AC Salt Lake) 6 maj \u2013 Rosersbergs GP* (Arrang\u00f6r SMACK) OBS Ny arena!! 13 maj \u2013 Vuelta Laduviken (Arrang\u00f6r Rocket Racing, \u00c4ngby CC) 20 maj \u2013 G\u00e5l\u00f6linjet (Arrang\u00f6r Cykelklubben Falken) 27 maj \u2013 Sp\u00e5rv\u00e4gens Folktempo<a href=\"https:\/\/scf.se\/distrikt-stockholm\/2025\/02\/03\/tavlingsprogram-stockholm-2025\/\" class=\"news-card__more\"> &#8230;<\/a><\/p>\n","protected":false},"author":51,"featured_media":96,"comment_status":"open","ping_status":"open","sticky":false,"template":"","format":"standard","meta":{"_acf_changed":false,"footnotes":""},"categories":[1],"tags":[],"class_list":["post-226","post","type-post","status-publish","format-standard","hentry","category-okategoriserade"],"acf":[],"_links":{"self":[{"href":"https:\/\/scf.se\/distrikt-stockholm\/wp-json\/wp\/v2\/posts\/226","targetHints":{"allow":["GET"]}}],"collection":[{"href":"https:\/\/scf.se\/distrikt-stockholm\/wp-json\/wp\/v2\/posts"}],"about":[{"href":"https:\/\/scf.se\/distrikt-stockholm\/wp-json\/wp\/v2\/types\/post"}],"author":[{"embeddable":true,"href":"https:\/\/scf.se\/distrikt-stockholm\/wp-json\/wp\/v2\/users\/51"}],"replies":[{"embeddable":true,"href":"https:\/\/scf.se\/distrikt-stockholm\/wp-json\/wp\/v2\/comments?post=226"}],"version-history":[{"count":6,"href":"https:\/\/scf.se\/distrikt-stockholm\/wp-json\/wp\/v2\/posts\/226\/revisions"}],"predecessor-version":[{"id":241,"href":"https:\/\/scf.se\/distrikt-stockholm\/wp-json\/wp\/v2\/posts\/226\/revisions\/241"}],"wp:featuredmedia":[{"embeddable":true,"href":"https:\/\/scf.se\/distrikt-stockholm\/wp-json\/wp\/v2\/media\/96"}],"wp:attachment":[{"href":"https:\/\/scf.se\/distrikt-stockholm\/wp-json\/wp\/v2\/media?parent=226"}],"wp:term":[{"taxonomy":"category","embeddable":true,"href":"https:\/\/scf.se\/distrikt-stockholm\/wp-json\/wp\/v2\/categories?post=226"},{"taxonomy":"post_tag","embeddable":true,"href":"https:\/\/scf.se\/distrikt-stockholm\/wp-json\/wp\/v2\/tags?post=226"}],"curies":[{"name":"wp","href":"https:\/\/api.w.org\/{rel}","templated":true}]}}