
{"id":218,"date":"2025-01-10T15:10:24","date_gmt":"2025-01-10T14:10:24","guid":{"rendered":"https:\/\/scf.se\/distrikt-stockholm\/?p=218"},"modified":"2025-02-22T11:13:22","modified_gmt":"2025-02-22T10:13:22","slug":"arsmote-sondag-16-februari-2025","status":"publish","type":"post","link":"https:\/\/scf.se\/distrikt-stockholm\/2025\/01\/10\/arsmote-sondag-16-februari-2025\/","title":{"rendered":"\u00c5rsm\u00f6te s\u00f6ndag 16 februari 2025"},"content":{"rendered":"<p>Stockholms Cykelf\u00f6rbund bjuder in till \u00e5rsm\u00f6te s\u00f6ndagen 16 februari 2025.<\/p>\n<p>Lokal: Danderydsvallen, klubbhuset, <a href=\"https:\/\/maps.app.goo.gl\/zLMoGi1fBJp5aYhg9\" target=\"_blank\" rel=\"noopener\">Norag\u00e5rdsv\u00e4gen 46, Danderyd<\/a><\/p>\n<p>Anm\u00e4lan sker p\u00e5 denna l\u00e4nk: <a href=\"https:\/\/forms.gle\/akTdrxTuKyJAaMu89\">https:\/\/forms.gle\/akTdrxTuKyJAaMu89<\/a><\/p>\n<p><strong>Motioner<\/strong> mailas in till: <a href=\"mailto:stockholmscf@scf.se\">stockholmscf@scf.se<\/a> senast tv\u00e5 veckor innan m\u00f6tet (2 februari) och publiceras via hemsidan.<\/p>\n<p>Nuvarande styrelse och <strong>valberedningen<\/strong> ser ni h\u00e4r: <a href=\"https:\/\/scf.se\/distrikt-stockholm\/styrelse\/\">Styrelse &amp; Valberedning 2024 &#8211; Stockholms Cykelf\u00f6rbund<\/a><\/p>\n<p>Utdelning av stipendium fr\u00e5n <strong>Sv\u00e4ngis Ungdomsfond<\/strong> sker p\u00e5 \u00e5rsm\u00f6tet.<br \/>\n<strong>Stipendiater 2024:<\/strong> Ella Svegby, Saltsj\u00f6badens CK &amp; Oliver Andersen, MTB T\u00e4by.<\/p>\n<p>Verksamhetsber\u00e4ttelse 2024 finns h\u00e4r: <a href=\"https:\/\/1drv.ms\/b\/c\/08f29855990a8267\/EXv-5AaVQeVAjymrOa0ch1IBEB0-VHdEmNGFGNOIUBKjzw?e=qBfdor\">Verksamhetsber\u00e4ttelse Stockholms Cykelf\u00f6rbund 2024.pdf<\/a><\/p>\n<p>Motioner<br \/>\n<a href=\"https:\/\/1drv.ms\/b\/c\/08f29855990a8267\/Ebrd-C8opdlOmQTlWkehYtgBhslIB_FAr20PbOvQ9BxySA?e=8daHQC\">Motion \u00e5rsavgift.pdf<\/a><\/p>\n<p>Varmt v\u00e4lkomna!<\/p>\n<p>\/Styrelsen<\/p>\n","protected":false},"excerpt":{"rendered":"<p>Stockholms Cykelf\u00f6rbund bjuder in till \u00e5rsm\u00f6te s\u00f6ndagen 16 februari 2025. Lokal: Danderydsvallen, klubbhuset, Norag\u00e5rdsv\u00e4gen 46, Danderyd Anm\u00e4lan sker p\u00e5 denna l\u00e4nk: https:\/\/forms.gle\/akTdrxTuKyJAaMu89 Motioner mailas in till: stockholmscf@scf.se senast tv\u00e5 veckor innan m\u00f6tet (2 februari) och publiceras via hemsidan. Nuvarande styrelse och valberedningen ser ni h\u00e4r: Styrelse &amp; Valberedning 2024 &#8211; Stockholms Cykelf\u00f6rbund Utdelning av<a href=\"https:\/\/scf.se\/distrikt-stockholm\/2025\/01\/10\/arsmote-sondag-16-februari-2025\/\" class=\"news-card__more\"> &#8230;<\/a><\/p>\n","protected":false},"author":51,"featured_media":167,"comment_status":"open","ping_status":"open","sticky":false,"template":"","format":"standard","meta":{"_acf_changed":false,"footnotes":""},"categories":[1],"tags":[],"class_list":["post-218","post","type-post","status-publish","format-standard","hentry","category-okategoriserade"],"acf":[],"_links":{"self":[{"href":"https:\/\/scf.se\/distrikt-stockholm\/wp-json\/wp\/v2\/posts\/218","targetHints":{"allow":["GET"]}}],"collection":[{"href":"https:\/\/scf.se\/distrikt-stockholm\/wp-json\/wp\/v2\/posts"}],"about":[{"href":"https:\/\/scf.se\/distrikt-stockholm\/wp-json\/wp\/v2\/types\/post"}],"author":[{"embeddable":true,"href":"https:\/\/scf.se\/distrikt-stockholm\/wp-json\/wp\/v2\/users\/51"}],"replies":[{"embeddable":true,"href":"https:\/\/scf.se\/distrikt-stockholm\/wp-json\/wp\/v2\/comments?post=218"}],"version-history":[{"count":7,"href":"https:\/\/scf.se\/distrikt-stockholm\/wp-json\/wp\/v2\/posts\/218\/revisions"}],"predecessor-version":[{"id":236,"href":"https:\/\/scf.se\/distrikt-stockholm\/wp-json\/wp\/v2\/posts\/218\/revisions\/236"}],"wp:featuredmedia":[{"embeddable":true,"href":"https:\/\/scf.se\/distrikt-stockholm\/wp-json\/wp\/v2\/media\/167"}],"wp:attachment":[{"href":"https:\/\/scf.se\/distrikt-stockholm\/wp-json\/wp\/v2\/media?parent=218"}],"wp:term":[{"taxonomy":"category","embeddable":true,"href":"https:\/\/scf.se\/distrikt-stockholm\/wp-json\/wp\/v2\/categories?post=218"},{"taxonomy":"post_tag","embeddable":true,"href":"https:\/\/scf.se\/distrikt-stockholm\/wp-json\/wp\/v2\/tags?post=218"}],"curies":[{"name":"wp","href":"https:\/\/api.w.org\/{rel}","templated":true}]}}