
{"id":204,"date":"2024-09-25T10:07:38","date_gmt":"2024-09-25T08:07:38","guid":{"rendered":"https:\/\/scf.se\/distrikt-stockholm\/?p=204"},"modified":"2024-09-25T10:07:38","modified_gmt":"2024-09-25T08:07:38","slug":"klubbtraff-21-oktober-2024","status":"publish","type":"post","link":"https:\/\/scf.se\/distrikt-stockholm\/2024\/09\/25\/klubbtraff-21-oktober-2024\/","title":{"rendered":"Klubbtr\u00e4ff 21 oktober 2024"},"content":{"rendered":"<div class=\"xdj266r x11i5rnm xat24cr x1mh8g0r x1vvkbs x126k92a\">\n<div dir=\"auto\">Missa inte \u00e5rets klubbtr\u00e4ff! M\u00e5ndag 21a oktober p\u00e5 <span class=\"html-span xdj266r x11i5rnm xat24cr x1mh8g0r xexx8yu x4uap5 x18d9i69 xkhd6sd x1hl2dhg x16tdsg8 x1vvkbs\"><a class=\"x1i10hfl xjbqb8w x1ejq31n xd10rxx x1sy0etr x17r0tee x972fbf xcfux6l x1qhh985 xm0m39n x9f619 x1ypdohk xt0psk2 xe8uvvx xdj266r x11i5rnm xat24cr x1mh8g0r xexx8yu x4uap5 x18d9i69 xkhd6sd x16tdsg8 x1hl2dhg xggy1nq x1a2a7pz x1sur9pj xkrqix3 x1fey0fg x1s688f\" role=\"link\" href=\"https:\/\/www.facebook.com\/cykelcafelemond?__cft__[0]=AZXeUmLVDgi5SyqsRrN3Ff7W8q4VM9igQRw5zU7mUGlfjMDTWLefKHJ-P05ZfygsoHi2UhzpxN1mKqfqGBN9wGEjpfhE3WW7mWwvnHbPpUEv5N0ErJfm8viI3WtGTts1PBKu3vq0eRnyx7iQj_sBeOv_7_XXkd46sWZK57FO38dCHMk5Q2PenqKyFhU0zu2EWCo&amp;__tn__=-]K-R\"><span class=\"xt0psk2\">Cykelcaf\u00e9 Le Mond<\/span><\/a><\/span> S\u00f6dermannagatan 10 p\u00e5 S\u00f6dermalm.<\/div>\n<div dir=\"auto\"><\/div>\n<div dir=\"auto\">Vi minglar, m\u00f6ts och pratar s\u00e4songen som varit och smider planer inf\u00f6r s\u00e4songen 2025!<\/div>\n<div dir=\"auto\"><\/div>\n<div dir=\"auto\">Drop in 18:00-18:45 med k\u00e4k och dryck sedan full gas n\u00e5gon timme f\u00f6r att sedan avsluta med mer mingel!<\/div>\n<div dir=\"auto\"><\/div>\n<div dir=\"auto\">Anm\u00e4lan via denna l\u00e4nk: <span class=\"html-span xdj266r x11i5rnm xat24cr x1mh8g0r xexx8yu x4uap5 x18d9i69 xkhd6sd x1hl2dhg x16tdsg8 x1vvkbs\"><a class=\"x1i10hfl xjbqb8w x1ejq31n xd10rxx x1sy0etr x17r0tee x972fbf xcfux6l x1qhh985 xm0m39n x9f619 x1ypdohk xt0psk2 xe8uvvx xdj266r x11i5rnm xat24cr x1mh8g0r xexx8yu x4uap5 x18d9i69 xkhd6sd x16tdsg8 x1hl2dhg xggy1nq x1a2a7pz x1sur9pj xkrqix3 x1fey0fg x1s688f\" role=\"link\" href=\"https:\/\/response.questback.com\/isa\/qbv.dll\/bylink?p=lYNf_56FokQ3yU0ZK1ElvQkkbkN8ORzEws56f-UgATikVAKlsHKr-9UzCyxPZHNn0&amp;fbclid=IwZXh0bgNhZW0CMTAAAR04A2hIph9dX2wjlExhDF_JRspAOpTKegme5H2QzXwCYUVn1jzPzM1BqE4_aem_8n2JGjFW5HO5lhG2bgjxmw\" target=\"_blank\" rel=\"nofollow noopener noreferrer\">https:\/\/response.questback.com\/isa\/qbv.dll\/bylink&#8230;<\/a><\/span><\/div>\n<\/div>\n<div class=\"x11i5rnm xat24cr x1mh8g0r x1vvkbs xtlvy1s x126k92a\">\n<div dir=\"auto\"><\/div>\n<div dir=\"auto\">Varmt v\u00e4lkomna! \/Styrelsen Stockholms Cykelf\u00f6rbund<\/p>\n<p>Bild: Luca Mara<\/p><\/div>\n<\/div>\n","protected":false},"excerpt":{"rendered":"<p>Missa inte \u00e5rets klubbtr\u00e4ff! M\u00e5ndag 21a oktober p\u00e5 Cykelcaf\u00e9 Le Mond S\u00f6dermannagatan 10 p\u00e5 S\u00f6dermalm. Vi minglar, m\u00f6ts och pratar s\u00e4songen som varit och smider planer inf\u00f6r s\u00e4songen 2025! Drop in 18:00-18:45 med k\u00e4k och dryck sedan full gas n\u00e5gon timme f\u00f6r att sedan avsluta med mer mingel! Anm\u00e4lan via denna l\u00e4nk: https:\/\/response.questback.com\/isa\/qbv.dll\/bylink&#8230; Varmt<a href=\"https:\/\/scf.se\/distrikt-stockholm\/2024\/09\/25\/klubbtraff-21-oktober-2024\/\" class=\"news-card__more\"> &#8230;<\/a><\/p>\n","protected":false},"author":51,"featured_media":71,"comment_status":"open","ping_status":"open","sticky":false,"template":"","format":"standard","meta":{"_acf_changed":false,"footnotes":""},"categories":[1],"tags":[],"class_list":["post-204","post","type-post","status-publish","format-standard","hentry","category-okategoriserade"],"acf":[],"_links":{"self":[{"href":"https:\/\/scf.se\/distrikt-stockholm\/wp-json\/wp\/v2\/posts\/204","targetHints":{"allow":["GET"]}}],"collection":[{"href":"https:\/\/scf.se\/distrikt-stockholm\/wp-json\/wp\/v2\/posts"}],"about":[{"href":"https:\/\/scf.se\/distrikt-stockholm\/wp-json\/wp\/v2\/types\/post"}],"author":[{"embeddable":true,"href":"https:\/\/scf.se\/distrikt-stockholm\/wp-json\/wp\/v2\/users\/51"}],"replies":[{"embeddable":true,"href":"https:\/\/scf.se\/distrikt-stockholm\/wp-json\/wp\/v2\/comments?post=204"}],"version-history":[{"count":1,"href":"https:\/\/scf.se\/distrikt-stockholm\/wp-json\/wp\/v2\/posts\/204\/revisions"}],"predecessor-version":[{"id":205,"href":"https:\/\/scf.se\/distrikt-stockholm\/wp-json\/wp\/v2\/posts\/204\/revisions\/205"}],"wp:featuredmedia":[{"embeddable":true,"href":"https:\/\/scf.se\/distrikt-stockholm\/wp-json\/wp\/v2\/media\/71"}],"wp:attachment":[{"href":"https:\/\/scf.se\/distrikt-stockholm\/wp-json\/wp\/v2\/media?parent=204"}],"wp:term":[{"taxonomy":"category","embeddable":true,"href":"https:\/\/scf.se\/distrikt-stockholm\/wp-json\/wp\/v2\/categories?post=204"},{"taxonomy":"post_tag","embeddable":true,"href":"https:\/\/scf.se\/distrikt-stockholm\/wp-json\/wp\/v2\/tags?post=204"}],"curies":[{"name":"wp","href":"https:\/\/api.w.org\/{rel}","templated":true}]}}