
{"id":48,"date":"2024-04-03T11:05:22","date_gmt":"2024-04-03T09:05:22","guid":{"rendered":"https:\/\/scf.se\/distrikt-halland\/?p=48"},"modified":"2024-04-03T11:05:22","modified_gmt":"2024-04-03T09:05:22","slug":"hallands-distriktsforbund-vilande-under-2024","status":"publish","type":"post","link":"https:\/\/scf.se\/distrikt-halland\/2024\/04\/03\/hallands-distriktsforbund-vilande-under-2024\/","title":{"rendered":"Hallands distriktsf\u00f6rbund vilande under 2024"},"content":{"rendered":"<p>P\u00e5 \u00e5rsm\u00f6tet togs beslutet att l\u00e5ta Hallands distriktf\u00f6rbund vara vilande under 2024. Har du fr\u00e5gor eller tankar kring det f\u00e5r du g\u00e4rna kontakta oss:\u00a0<a id=\"LPlnk335034\" href=\"mailto:info@hallandscf.se\" data-linkindex=\"0\">info@hallandscf.se<\/a><\/p>\n<p>&nbsp;<\/p>\n","protected":false},"excerpt":{"rendered":"<p>P\u00e5 \u00e5rsm\u00f6tet togs beslutet att l\u00e5ta Hallands distriktf\u00f6rbund vara vilande under 2024. Har du fr\u00e5gor eller tankar kring det f\u00e5r du g\u00e4rna kontakta oss:\u00a0info@hallandscf.se &nbsp;<\/p>\n","protected":false},"author":46,"featured_media":0,"comment_status":"open","ping_status":"open","sticky":false,"template":"","format":"standard","meta":{"_acf_changed":false,"footnotes":""},"categories":[1],"tags":[],"class_list":["post-48","post","type-post","status-publish","format-standard","hentry","category-okategoriserade"],"acf":[],"_links":{"self":[{"href":"https:\/\/scf.se\/distrikt-halland\/wp-json\/wp\/v2\/posts\/48","targetHints":{"allow":["GET"]}}],"collection":[{"href":"https:\/\/scf.se\/distrikt-halland\/wp-json\/wp\/v2\/posts"}],"about":[{"href":"https:\/\/scf.se\/distrikt-halland\/wp-json\/wp\/v2\/types\/post"}],"author":[{"embeddable":true,"href":"https:\/\/scf.se\/distrikt-halland\/wp-json\/wp\/v2\/users\/46"}],"replies":[{"embeddable":true,"href":"https:\/\/scf.se\/distrikt-halland\/wp-json\/wp\/v2\/comments?post=48"}],"version-history":[{"count":0,"href":"https:\/\/scf.se\/distrikt-halland\/wp-json\/wp\/v2\/posts\/48\/revisions"}],"wp:attachment":[{"href":"https:\/\/scf.se\/distrikt-halland\/wp-json\/wp\/v2\/media?parent=48"}],"wp:term":[{"taxonomy":"category","embeddable":true,"href":"https:\/\/scf.se\/distrikt-halland\/wp-json\/wp\/v2\/categories?post=48"},{"taxonomy":"post_tag","embeddable":true,"href":"https:\/\/scf.se\/distrikt-halland\/wp-json\/wp\/v2\/tags?post=48"}],"curies":[{"name":"wp","href":"https:\/\/api.w.org\/{rel}","templated":true}]}}