
{"id":22,"date":"2019-01-07T14:07:31","date_gmt":"2019-01-07T13:07:31","guid":{"rendered":"https:\/\/scf.se\/distrikt-dalarna\/?p=22"},"modified":"2023-01-03T14:08:24","modified_gmt":"2023-01-03T13:08:24","slug":"arsmote-dalarnas-cf","status":"publish","type":"post","link":"https:\/\/scf.se\/distrikt-dalarna\/2019\/01\/07\/arsmote-dalarnas-cf\/","title":{"rendered":"\u00c5rsm\u00f6te Dalarnas CF"},"content":{"rendered":"<p>Dalarnas Cykelf\u00f6rbund bjuder in till \u00e5rsm\u00f6te onsdagen den 6 mars kl 17. p\u00e5 velodromen Fr\u00e4mbyv\u00e4gen 6 i Falun. Anm\u00e4lan f\u00f6r ombud senast 28\/2 via mail till dalarnas.cykelforbund@scf.se<\/p>\n","protected":false},"excerpt":{"rendered":"<p>Dalarnas Cykelf\u00f6rbund bjuder in till \u00e5rsm\u00f6te onsdagen den 6 mars kl 17. p\u00e5 velodromen Fr\u00e4mbyv\u00e4gen 6 i Falun. Anm\u00e4lan f\u00f6r ombud senast 28\/2 via mail till dalarnas.cykelforbund@scf.se<\/p>\n","protected":false},"author":46,"featured_media":0,"comment_status":"open","ping_status":"open","sticky":false,"template":"","format":"standard","meta":{"_acf_changed":false,"footnotes":""},"categories":[1],"tags":[],"class_list":["post-22","post","type-post","status-publish","format-standard","hentry","category-okategoriserade"],"acf":[],"_links":{"self":[{"href":"https:\/\/scf.se\/distrikt-dalarna\/wp-json\/wp\/v2\/posts\/22","targetHints":{"allow":["GET"]}}],"collection":[{"href":"https:\/\/scf.se\/distrikt-dalarna\/wp-json\/wp\/v2\/posts"}],"about":[{"href":"https:\/\/scf.se\/distrikt-dalarna\/wp-json\/wp\/v2\/types\/post"}],"author":[{"embeddable":true,"href":"https:\/\/scf.se\/distrikt-dalarna\/wp-json\/wp\/v2\/users\/46"}],"replies":[{"embeddable":true,"href":"https:\/\/scf.se\/distrikt-dalarna\/wp-json\/wp\/v2\/comments?post=22"}],"version-history":[{"count":0,"href":"https:\/\/scf.se\/distrikt-dalarna\/wp-json\/wp\/v2\/posts\/22\/revisions"}],"wp:attachment":[{"href":"https:\/\/scf.se\/distrikt-dalarna\/wp-json\/wp\/v2\/media?parent=22"}],"wp:term":[{"taxonomy":"category","embeddable":true,"href":"https:\/\/scf.se\/distrikt-dalarna\/wp-json\/wp\/v2\/categories?post=22"},{"taxonomy":"post_tag","embeddable":true,"href":"https:\/\/scf.se\/distrikt-dalarna\/wp-json\/wp\/v2\/tags?post=22"}],"curies":[{"name":"wp","href":"https:\/\/api.w.org\/{rel}","templated":true}]}}