
{"id":783,"date":"2022-10-24T15:26:55","date_gmt":"2022-10-24T13:26:55","guid":{"rendered":"http:\/\/scf.se\/cykelcross\/?p=783"},"modified":"2022-10-24T15:46:10","modified_gmt":"2022-10-24T13:46:10","slug":"filip-mard-var-under-fyra-minuter-fran-tat-pa-varldscupen-i-tjeckien","status":"publish","type":"post","link":"https:\/\/scf.se\/cykelcross\/filip-mard-var-under-fyra-minuter-fran-tat-pa-varldscupen-i-tjeckien\/","title":{"rendered":"Filip M\u00e5rd var under fyra minuter fr\u00e5n t\u00e4t p\u00e5 v\u00e4rldscupen i Tjeckien"},"content":{"rendered":"<p><strong>Med ett antal belgare i blixtrande tidig\u00a0 CX-form var Filip M\u00e5rd \u00e4nd\u00e5 under fyra minuter fr\u00e5n t\u00e4t och 3.17 fr\u00e5n pallen p\u00e5 v\u00e4rldscupen i cykelcross i tjeckiska Tabor. Det r\u00e4ckte till 28:e plats f\u00f6r den enda startande svensken.\u00a0<\/strong><\/p>\n<p>M\u00e5rd har varit lite krasslig till och fr\u00e5n och letade fortfarande f\u00f6rra helgen efter formen, men k\u00e4mpade p\u00e5 bra i elitklassen i T\u00e4by. Han var f\u00f6rst\u00e5rssenior f\u00f6rra \u00e5ret och k\u00f6rde stabilt \u00e4nd\u00e5 upp p\u00e5 VM-niv\u00e5 s\u00e5 den andra U23-s\u00e4songen f\u00f6r Motala AIF Serneke Allebike-cyklisten blir sp\u00e4nnande att f\u00f6lja.<\/p>\n<p>P\u00e5 Tabors VC-t\u00e4vlingen var plustiden efter topptrion vassare \u00e4n placeringen.<\/p>\n<blockquote><p>&#8221;Ja, loppet var v\u00e4ldigt snabbt d\u00e5 banan torkade upp mycket fr\u00e5n l\u00f6rdagens regn. S\u00e5 det blev inte j\u00e4ttestora tidsskillnader. Ett helt okej lopp fr\u00e5n mig men siktar h\u00f6gre till n\u00e4sta helgs v\u00e4rldscup i Maasmechelen&#8221;, s\u00e4ger Filip M\u00e5rd.<\/p><\/blockquote>\n<div id=\"attachment_764\" class=\"wp-caption alignnone\" ><a href=\"https:\/\/scf.se\/cykelcross\/wp-content\/uploads\/sites\/4\/2022\/10\/557A4573.jpg\"><img loading=\"lazy\" decoding=\"async\" class=\"size-full wp-image-764\" src=\"https:\/\/scf.se\/cykelcross\/wp-content\/uploads\/sites\/4\/2022\/10\/557A4573.jpg\" alt=\"\" width=\"2450\" height=\"1633\" srcset=\"https:\/\/scf.se\/cykelcross\/wp-content\/uploads\/sites\/4\/2022\/10\/557A4573.jpg 2450w, https:\/\/scf.se\/cykelcross\/wp-content\/uploads\/sites\/4\/2022\/10\/557A4573-300x200.jpg 300w, https:\/\/scf.se\/cykelcross\/wp-content\/uploads\/sites\/4\/2022\/10\/557A4573-1024x683.jpg 1024w, https:\/\/scf.se\/cykelcross\/wp-content\/uploads\/sites\/4\/2022\/10\/557A4573-768x512.jpg 768w, https:\/\/scf.se\/cykelcross\/wp-content\/uploads\/sites\/4\/2022\/10\/557A4573-1536x1024.jpg 1536w, https:\/\/scf.se\/cykelcross\/wp-content\/uploads\/sites\/4\/2022\/10\/557A4573-2048x1365.jpg 2048w\" sizes=\"auto, (max-width: 2450px) 100vw, 2450px\" \/><\/a><p class=\"wp-caption-text\">Filip M\u00e5rd k\u00e4mpade p\u00e5 bra och blev b\u00e4sta svenska U23-cyklist b\u00e4gge dagarna. Foto: Amanda Nordin (nedre Tomas Larsson\/SCF)<\/p><\/div>\n<h3>V\u00e4rldscupen i Tabor herrar U23<\/h3>\n<ul>\n<li>1 Thibau Nys, Belgien<\/li>\n<li>2 Jente Michels, Belgien -+0.01<\/li>\n<li>3 Emiel Verstrynge, Belgien +0.36<\/li>\n<li>28 Filip M\u00e5rd, Sverige +3.53<\/li>\n<\/ul>\n<p><a href=\"https:\/\/scf.se\/cykelcross\/wp-content\/uploads\/sites\/4\/2022\/10\/cro_mu_results-2.pdf\"><em><strong>Hela U23-resultatlistan H\u00c4R!<\/strong><\/em><\/a><\/p>\n<p>Paul Greijus, som k\u00f6rde s\u00e5 bra p\u00e5 T\u00e4by Park d\u00e4r han vann juniorklassen b\u00e5da dagarna i ett internationellt startf\u00e4lt, kunde inte komma till start.<\/p>\n<p><em>Text: Tomas Larsson\/SCF<\/em><br \/>\n<em>Arkivbilder: Amanda Nordin<\/em><\/p>\n<hr \/>\n<p><em><strong>Svenska Cykelf\u00f6rbundet \u00e4r stolta \u00f6ver att presentera v\u00e5ra samarbetspartners. Tack vare dessa f\u00f6retag kan v\u00e5ra cyklister oftare ta sig l\u00e4ngre ut i v\u00e4rlden och t\u00e4vla.<\/strong><\/em><\/p>\n<a href=\"https:\/\/scf.se\/forbundet\/sponsorer\/\"><img loading=\"lazy\" decoding=\"async\" class=\"alignnone size-full wp-image-2403\" src=\"https:\/\/scf.se\/mountainbike\/wp-content\/uploads\/sites\/6\/2022\/03\/LiggandeBannerSponsorerHemsida5.jpg\" alt=\"\" width=\"1200\" height=\"200\" \/><\/a>\n","protected":false},"excerpt":{"rendered":"<p>Med ett antal belgare i blixtrande tidig\u00a0 CX-form var Filip M\u00e5rd \u00e4nd\u00e5 under fyra minuter fr\u00e5n t\u00e4t och 3.17 fr\u00e5n pallen p\u00e5 v\u00e4rldscupen i cykelcross i tjeckiska Tabor. Det r\u00e4ckte till 28:e plats f\u00f6r den enda startande svensken.\u00a0 M\u00e5rd har varit lite krasslig till och fr\u00e5n och letade fortfarande f\u00f6rra helgen efter formen, men<a href=\"https:\/\/scf.se\/cykelcross\/filip-mard-var-under-fyra-minuter-fran-tat-pa-varldscupen-i-tjeckien\/\" class=\"news-card__more\"> &#8230;<\/a><\/p>\n","protected":false},"author":41,"featured_media":756,"comment_status":"open","ping_status":"open","sticky":false,"template":"","format":"standard","meta":{"_acf_changed":false,"footnotes":""},"categories":[1],"tags":[],"class_list":["post-783","post","type-post","status-publish","format-standard","hentry","category-cykelcross"],"acf":[],"_links":{"self":[{"href":"https:\/\/scf.se\/cykelcross\/wp-json\/wp\/v2\/posts\/783","targetHints":{"allow":["GET"]}}],"collection":[{"href":"https:\/\/scf.se\/cykelcross\/wp-json\/wp\/v2\/posts"}],"about":[{"href":"https:\/\/scf.se\/cykelcross\/wp-json\/wp\/v2\/types\/post"}],"author":[{"embeddable":true,"href":"https:\/\/scf.se\/cykelcross\/wp-json\/wp\/v2\/users\/41"}],"replies":[{"embeddable":true,"href":"https:\/\/scf.se\/cykelcross\/wp-json\/wp\/v2\/comments?post=783"}],"version-history":[{"count":0,"href":"https:\/\/scf.se\/cykelcross\/wp-json\/wp\/v2\/posts\/783\/revisions"}],"wp:featuredmedia":[{"embeddable":true,"href":"https:\/\/scf.se\/cykelcross\/wp-json\/wp\/v2\/media\/756"}],"wp:attachment":[{"href":"https:\/\/scf.se\/cykelcross\/wp-json\/wp\/v2\/media?parent=783"}],"wp:term":[{"taxonomy":"category","embeddable":true,"href":"https:\/\/scf.se\/cykelcross\/wp-json\/wp\/v2\/categories?post=783"},{"taxonomy":"post_tag","embeddable":true,"href":"https:\/\/scf.se\/cykelcross\/wp-json\/wp\/v2\/tags?post=783"}],"curies":[{"name":"wp","href":"https:\/\/api.w.org\/{rel}","templated":true}]}}