
{"id":747,"date":"2022-10-17T15:18:20","date_gmt":"2022-10-17T13:18:20","guid":{"rendered":"http:\/\/scf.se\/cykelcross\/?p=747"},"modified":"2022-10-18T11:55:28","modified_gmt":"2022-10-18T09:55:28","slug":"paul-greijus-em-klar-efter-dubbelseger-i-swe-cup-helgen-pa-taby-park","status":"publish","type":"post","link":"https:\/\/scf.se\/cykelcross\/paul-greijus-em-klar-efter-dubbelseger-i-swe-cup-helgen-pa-taby-park\/","title":{"rendered":"Bildextra fr\u00e5n SWE Cup: Paul Greijus EM-klar med tv\u00e5 segrar p\u00e5 T\u00e4by Park"},"content":{"rendered":"<p><strong>P\u00e5 s\u00f6ndagen stod andra dagen av SWE Cup, tillika Stockholm Cyclocross UCI C2, p\u00e5 menyn i helgens internationella CX-t\u00e4vlingar p\u00e5 T\u00e4by Park. Roliga ingredienser var pallplatser f\u00f6r s\u00e5v\u00e4l David Eriksson och Clara Lundmark i seniorelit samt att Paul Greijus ut\u00f6kade segermarginalen i herrjunior gentemot l\u00f6rdagens race och blev redan under m\u00e5ndagen EM-klar.\u00a0<\/strong><\/p>\n<p>Med f\u00f6rutom nordisk konkurrens en del vassa cyklister fr\u00e5n CX-stormakterna Belgien och Nederl\u00e4nderna var det inte l\u00e4tt att ta sig upp p\u00e5 pallen i huvudklasserna.<\/p>\n<div id=\"attachment_763\" class=\"wp-caption alignnone\" ><a href=\"https:\/\/scf.se\/cykelcross\/wp-content\/uploads\/sites\/4\/2022\/10\/557A45381.jpg\"><img loading=\"lazy\" decoding=\"async\" class=\"size-full wp-image-763\" src=\"https:\/\/scf.se\/cykelcross\/wp-content\/uploads\/sites\/4\/2022\/10\/557A45381.jpg\" alt=\"\" width=\"2450\" height=\"1633\" srcset=\"https:\/\/scf.se\/cykelcross\/wp-content\/uploads\/sites\/4\/2022\/10\/557A45381.jpg 2450w, https:\/\/scf.se\/cykelcross\/wp-content\/uploads\/sites\/4\/2022\/10\/557A45381-300x200.jpg 300w, https:\/\/scf.se\/cykelcross\/wp-content\/uploads\/sites\/4\/2022\/10\/557A45381-1024x683.jpg 1024w, https:\/\/scf.se\/cykelcross\/wp-content\/uploads\/sites\/4\/2022\/10\/557A45381-768x512.jpg 768w, https:\/\/scf.se\/cykelcross\/wp-content\/uploads\/sites\/4\/2022\/10\/557A45381-1536x1024.jpg 1536w, https:\/\/scf.se\/cykelcross\/wp-content\/uploads\/sites\/4\/2022\/10\/557A45381-2048x1365.jpg 2048w\" sizes=\"auto, (max-width: 2450px) 100vw, 2450px\" \/><\/a><p class=\"wp-caption-text\"><em>Clara Lundmark var stark p\u00e5 s\u00f6ndagen.\u00a0 Foto: Amanda Nordin<\/em><\/p><\/div>\n<p>&nbsp;<\/p>\n<p>Clara Lundmark, Norbergs CK, bytte fj\u00e4rdeplatsen fr\u00e5n i l\u00f6rdags till att var trea i m\u00e5l nedanf\u00f6r huvudl\u00e4ktaren p\u00e5 T\u00e4by Park. Och hon hade h\u00e4ng p\u00e5 silvret. Holl\u00e4ndskan Femke Gort k\u00f6rde ifr\u00e5n direkt, men det blev aldrig n\u00e5gra st\u00f6rre tidsmarginaler.<\/p>\n<div id=\"attachment_771\" class=\"wp-caption alignnone\" ><a href=\"https:\/\/scf.se\/cykelcross\/wp-content\/uploads\/sites\/4\/2022\/10\/557A4518.jpg\"><img loading=\"lazy\" decoding=\"async\" class=\"size-full wp-image-771\" src=\"https:\/\/scf.se\/cykelcross\/wp-content\/uploads\/sites\/4\/2022\/10\/557A4518.jpg\" alt=\"\" width=\"2450\" height=\"1633\" srcset=\"https:\/\/scf.se\/cykelcross\/wp-content\/uploads\/sites\/4\/2022\/10\/557A4518.jpg 2450w, https:\/\/scf.se\/cykelcross\/wp-content\/uploads\/sites\/4\/2022\/10\/557A4518-300x200.jpg 300w, https:\/\/scf.se\/cykelcross\/wp-content\/uploads\/sites\/4\/2022\/10\/557A4518-1024x683.jpg 1024w, https:\/\/scf.se\/cykelcross\/wp-content\/uploads\/sites\/4\/2022\/10\/557A4518-768x512.jpg 768w, https:\/\/scf.se\/cykelcross\/wp-content\/uploads\/sites\/4\/2022\/10\/557A4518-1536x1024.jpg 1536w, https:\/\/scf.se\/cykelcross\/wp-content\/uploads\/sites\/4\/2022\/10\/557A4518-2048x1365.jpg 2048w\" sizes=\"auto, (max-width: 2450px) 100vw, 2450px\" \/><\/a><p class=\"wp-caption-text\"><em>Femke Gort fr\u00e5n var inte sugen p\u00e5 att ta en ny andraplats i damelit, s\u00e5 den nederl\u00e4ndska cyklisten gick stenh\u00e5rt fr\u00e5n start p\u00e5 s\u00f6ndagen. Foto: Amanda Nordin<\/em><\/p><\/div>\n<p>&nbsp;<\/p>\n<p>Suzanne Verhoeven h\u00f6ll sig\u00a0strax efter, Clara Lundmark l\u00e5g bakom hela tiden \u2013 och hade belgiskan inom synh\u00e5ll stort sett hela racet.<\/p>\n<p>&nbsp;<\/p>\n<div id=\"attachment_766\" class=\"wp-caption alignnone\" ><a href=\"https:\/\/scf.se\/cykelcross\/wp-content\/uploads\/sites\/4\/2022\/10\/557A4637.jpg\"><img loading=\"lazy\" decoding=\"async\" class=\"size-full wp-image-766\" src=\"https:\/\/scf.se\/cykelcross\/wp-content\/uploads\/sites\/4\/2022\/10\/557A4637.jpg\" alt=\"\" width=\"2450\" height=\"2422\" srcset=\"https:\/\/scf.se\/cykelcross\/wp-content\/uploads\/sites\/4\/2022\/10\/557A4637.jpg 2450w, https:\/\/scf.se\/cykelcross\/wp-content\/uploads\/sites\/4\/2022\/10\/557A4637-300x297.jpg 300w, https:\/\/scf.se\/cykelcross\/wp-content\/uploads\/sites\/4\/2022\/10\/557A4637-1024x1012.jpg 1024w, https:\/\/scf.se\/cykelcross\/wp-content\/uploads\/sites\/4\/2022\/10\/557A4637-768x759.jpg 768w, https:\/\/scf.se\/cykelcross\/wp-content\/uploads\/sites\/4\/2022\/10\/557A4637-1536x1518.jpg 1536w, https:\/\/scf.se\/cykelcross\/wp-content\/uploads\/sites\/4\/2022\/10\/557A4637-2048x2025.jpg 2048w\" sizes=\"auto, (max-width: 2450px) 100vw, 2450px\" \/><\/a><p class=\"wp-caption-text\"><em>David Eriksson \u00e5ker fr\u00e5n T\u00e4by Park med fina platssiffra fem efter de b\u00e4gge UCI C2-t\u00e4vlingarna. Bra helgjobb! Belgisk dubbelseger i herrelit denna helg p\u00e5 T\u00e4by park. Foto: Amanda Nordin<\/em><\/p><\/div>\n<a href=\"https:\/\/scf.se\/cykelcross\/wp-content\/uploads\/sites\/4\/2022\/10\/TabyCX1-93.jpg\"><img loading=\"lazy\" decoding=\"async\" class=\"alignnone size-full wp-image-779\" src=\"https:\/\/scf.se\/cykelcross\/wp-content\/uploads\/sites\/4\/2022\/10\/TabyCX1-93.jpg\" alt=\"\" width=\"2450\" height=\"1633\" srcset=\"https:\/\/scf.se\/cykelcross\/wp-content\/uploads\/sites\/4\/2022\/10\/TabyCX1-93.jpg 2450w, https:\/\/scf.se\/cykelcross\/wp-content\/uploads\/sites\/4\/2022\/10\/TabyCX1-93-300x200.jpg 300w, https:\/\/scf.se\/cykelcross\/wp-content\/uploads\/sites\/4\/2022\/10\/TabyCX1-93-1024x683.jpg 1024w, https:\/\/scf.se\/cykelcross\/wp-content\/uploads\/sites\/4\/2022\/10\/TabyCX1-93-768x512.jpg 768w, https:\/\/scf.se\/cykelcross\/wp-content\/uploads\/sites\/4\/2022\/10\/TabyCX1-93-1536x1024.jpg 1536w, https:\/\/scf.se\/cykelcross\/wp-content\/uploads\/sites\/4\/2022\/10\/TabyCX1-93-2048x1365.jpg 2048w\" sizes=\"auto, (max-width: 2450px) 100vw, 2450px\" \/><\/a>\n<a href=\"https:\/\/scf.se\/cykelcross\/wp-content\/uploads\/sites\/4\/2022\/10\/557A4751.jpg\"><img loading=\"lazy\" decoding=\"async\" class=\"alignnone size-full wp-image-767\" src=\"https:\/\/scf.se\/cykelcross\/wp-content\/uploads\/sites\/4\/2022\/10\/557A4751.jpg\" alt=\"\" width=\"1613\" height=\"2450\" srcset=\"https:\/\/scf.se\/cykelcross\/wp-content\/uploads\/sites\/4\/2022\/10\/557A4751.jpg 1613w, https:\/\/scf.se\/cykelcross\/wp-content\/uploads\/sites\/4\/2022\/10\/557A4751-198x300.jpg 198w, https:\/\/scf.se\/cykelcross\/wp-content\/uploads\/sites\/4\/2022\/10\/557A4751-674x1024.jpg 674w, https:\/\/scf.se\/cykelcross\/wp-content\/uploads\/sites\/4\/2022\/10\/557A4751-768x1167.jpg 768w, https:\/\/scf.se\/cykelcross\/wp-content\/uploads\/sites\/4\/2022\/10\/557A4751-1011x1536.jpg 1011w, https:\/\/scf.se\/cykelcross\/wp-content\/uploads\/sites\/4\/2022\/10\/557A4751-1348x2048.jpg 1348w\" sizes=\"auto, (max-width: 1613px) 100vw, 1613px\" \/><\/a>\n<p>David Eriksson, som k\u00f6r f\u00f6r M\u00f6lndals CK, vann svenskspurten om silvret under l\u00f6rdagen. Nu f\u00f6rlorade David spurt om silvret mot nederl\u00e4ndske cyklisten Koen van Dijke.<\/p>\n<blockquote><p>&#8221;David med i b\u00f6rjan och hade l\u00e4nge mellan tio och 20 sekunder\u00a0 upp till ledaren och ungef\u00e4r samma ner till tredje platsen. Men med tv\u00e5 varv kvar blev han ink\u00f6rd och slutade i spurt som David tyv\u00e4rr inte orkade hela v\u00e4gen&#8221;, f\u00f6rklarar f\u00f6rbundskaptenen Dennis Wahlqvist.<\/p><\/blockquote>\n<a href=\"https:\/\/scf.se\/cykelcross\/wp-content\/uploads\/sites\/4\/2022\/10\/557A4571.jpg\"><img loading=\"lazy\" decoding=\"async\" class=\"alignnone size-full wp-image-772\" src=\"https:\/\/scf.se\/cykelcross\/wp-content\/uploads\/sites\/4\/2022\/10\/557A4571.jpg\" alt=\"\" width=\"2450\" height=\"1633\" srcset=\"https:\/\/scf.se\/cykelcross\/wp-content\/uploads\/sites\/4\/2022\/10\/557A4571.jpg 2450w, https:\/\/scf.se\/cykelcross\/wp-content\/uploads\/sites\/4\/2022\/10\/557A4571-300x200.jpg 300w, https:\/\/scf.se\/cykelcross\/wp-content\/uploads\/sites\/4\/2022\/10\/557A4571-1024x683.jpg 1024w, https:\/\/scf.se\/cykelcross\/wp-content\/uploads\/sites\/4\/2022\/10\/557A4571-768x512.jpg 768w, https:\/\/scf.se\/cykelcross\/wp-content\/uploads\/sites\/4\/2022\/10\/557A4571-1536x1024.jpg 1536w, https:\/\/scf.se\/cykelcross\/wp-content\/uploads\/sites\/4\/2022\/10\/557A4571-2048x1365.jpg 2048w\" sizes=\"auto, (max-width: 2450px) 100vw, 2450px\" \/><\/a>\n<p>David Risberg k\u00f6rde bra i s\u00f6ndagens herrelitrace, blev femma \u2013 och n\u00e4st b\u00e4sta svensk.<\/p>\n<div id=\"attachment_750\" class=\"wp-caption alignnone\" ><a href=\"https:\/\/scf.se\/cykelcross\/wp-content\/uploads\/sites\/4\/2022\/10\/Mard.jpg\"><img loading=\"lazy\" decoding=\"async\" class=\"size-full wp-image-750\" src=\"https:\/\/scf.se\/cykelcross\/wp-content\/uploads\/sites\/4\/2022\/10\/Mard.jpg\" alt=\"\" width=\"1356\" height=\"1273\" srcset=\"https:\/\/scf.se\/cykelcross\/wp-content\/uploads\/sites\/4\/2022\/10\/Mard.jpg 1356w, https:\/\/scf.se\/cykelcross\/wp-content\/uploads\/sites\/4\/2022\/10\/Mard-300x282.jpg 300w, https:\/\/scf.se\/cykelcross\/wp-content\/uploads\/sites\/4\/2022\/10\/Mard-1024x961.jpg 1024w, https:\/\/scf.se\/cykelcross\/wp-content\/uploads\/sites\/4\/2022\/10\/Mard-768x721.jpg 768w\" sizes=\"auto, (max-width: 1356px) 100vw, 1356px\" \/><\/a><p class=\"wp-caption-text\"><em>Filip M\u00e5rd k\u00e4mpade sig igenom SWE Cup-helgen och blev b\u00e4sta svenska U23-cyklist b\u00e4gge dagarna. Foto: Tomas Larsson (\u00f6vre) och Amanda Nordin (nedre)<\/em><\/p><\/div>\n<a href=\"https:\/\/scf.se\/cykelcross\/wp-content\/uploads\/sites\/4\/2022\/10\/557A4573.jpg\"><img loading=\"lazy\" decoding=\"async\" class=\"size-full wp-image-764\" src=\"https:\/\/scf.se\/cykelcross\/wp-content\/uploads\/sites\/4\/2022\/10\/557A4573.jpg\" alt=\"\" width=\"2450\" height=\"1633\" srcset=\"https:\/\/scf.se\/cykelcross\/wp-content\/uploads\/sites\/4\/2022\/10\/557A4573.jpg 2450w, https:\/\/scf.se\/cykelcross\/wp-content\/uploads\/sites\/4\/2022\/10\/557A4573-300x200.jpg 300w, https:\/\/scf.se\/cykelcross\/wp-content\/uploads\/sites\/4\/2022\/10\/557A4573-1024x683.jpg 1024w, https:\/\/scf.se\/cykelcross\/wp-content\/uploads\/sites\/4\/2022\/10\/557A4573-768x512.jpg 768w, https:\/\/scf.se\/cykelcross\/wp-content\/uploads\/sites\/4\/2022\/10\/557A4573-1536x1024.jpg 1536w, https:\/\/scf.se\/cykelcross\/wp-content\/uploads\/sites\/4\/2022\/10\/557A4573-2048x1365.jpg 2048w\" sizes=\"auto, (max-width: 2450px) 100vw, 2450px\" \/><\/a>\n<p>Filip M\u00e5rd, som fanns med i USA-VM i februari, var med och k\u00e4mpade om att bli n\u00e4st b\u00e4sta U23-cyklist i startf\u00e4ltet. Men M\u00e5rd fick ge sig i den kampen och n\u00f6ja sig med att vara b\u00e4sta svensk under 23 \u00e5r.<\/p>\n<blockquote><p>&#8221;M\u00e5rd k\u00e4mpade p\u00e5 bra men inte riktigt hittat formen&#8221;, inflikar Wahlqvist.<\/p><\/blockquote>\n<div id=\"attachment_751\" class=\"wp-caption alignnone\" ><a href=\"https:\/\/scf.se\/cykelcross\/wp-content\/uploads\/sites\/4\/2022\/10\/Paul.jpg\"><img loading=\"lazy\" decoding=\"async\" class=\"size-full wp-image-751\" src=\"https:\/\/scf.se\/cykelcross\/wp-content\/uploads\/sites\/4\/2022\/10\/Paul.jpg\" alt=\"\" width=\"1431\" height=\"942\" srcset=\"https:\/\/scf.se\/cykelcross\/wp-content\/uploads\/sites\/4\/2022\/10\/Paul.jpg 1431w, https:\/\/scf.se\/cykelcross\/wp-content\/uploads\/sites\/4\/2022\/10\/Paul-300x197.jpg 300w, https:\/\/scf.se\/cykelcross\/wp-content\/uploads\/sites\/4\/2022\/10\/Paul-1024x674.jpg 1024w, https:\/\/scf.se\/cykelcross\/wp-content\/uploads\/sites\/4\/2022\/10\/Paul-768x506.jpg 768w\" sizes=\"auto, (max-width: 1431px) 100vw, 1431px\" \/><\/a><p class=\"wp-caption-text\"><em>Steget f\u00f6re hela helgen. Paul Greijus imponerade denna helg p\u00e5 T\u00e4by Park.\u00a0 Foto: Tomas Larsson (\u00f6vre) och Amanda Nordin (nedan)<\/em><\/p><\/div>\n<a href=\"https:\/\/scf.se\/cykelcross\/wp-content\/uploads\/sites\/4\/2022\/10\/TabyCX1-59.jpg\"><img loading=\"lazy\" decoding=\"async\" class=\"alignnone size-full wp-image-775\" src=\"https:\/\/scf.se\/cykelcross\/wp-content\/uploads\/sites\/4\/2022\/10\/TabyCX1-59.jpg\" alt=\"\" width=\"2450\" height=\"1584\" srcset=\"https:\/\/scf.se\/cykelcross\/wp-content\/uploads\/sites\/4\/2022\/10\/TabyCX1-59.jpg 2450w, https:\/\/scf.se\/cykelcross\/wp-content\/uploads\/sites\/4\/2022\/10\/TabyCX1-59-300x194.jpg 300w, https:\/\/scf.se\/cykelcross\/wp-content\/uploads\/sites\/4\/2022\/10\/TabyCX1-59-1024x662.jpg 1024w, https:\/\/scf.se\/cykelcross\/wp-content\/uploads\/sites\/4\/2022\/10\/TabyCX1-59-768x497.jpg 768w, https:\/\/scf.se\/cykelcross\/wp-content\/uploads\/sites\/4\/2022\/10\/TabyCX1-59-1536x993.jpg 1536w, https:\/\/scf.se\/cykelcross\/wp-content\/uploads\/sites\/4\/2022\/10\/TabyCX1-59-2048x1324.jpg 2048w\" sizes=\"auto, (max-width: 2450px) 100vw, 2450px\" \/><\/a>\n<a href=\"https:\/\/scf.se\/cykelcross\/wp-content\/uploads\/sites\/4\/2022\/10\/557A4491.jpg\"><img loading=\"lazy\" decoding=\"async\" class=\"size-full wp-image-757\" src=\"https:\/\/scf.se\/cykelcross\/wp-content\/uploads\/sites\/4\/2022\/10\/557A4491.jpg\" alt=\"\" width=\"2450\" height=\"1633\" srcset=\"https:\/\/scf.se\/cykelcross\/wp-content\/uploads\/sites\/4\/2022\/10\/557A4491.jpg 2450w, https:\/\/scf.se\/cykelcross\/wp-content\/uploads\/sites\/4\/2022\/10\/557A4491-300x200.jpg 300w, https:\/\/scf.se\/cykelcross\/wp-content\/uploads\/sites\/4\/2022\/10\/557A4491-1024x683.jpg 1024w, https:\/\/scf.se\/cykelcross\/wp-content\/uploads\/sites\/4\/2022\/10\/557A4491-768x512.jpg 768w, https:\/\/scf.se\/cykelcross\/wp-content\/uploads\/sites\/4\/2022\/10\/557A4491-1536x1024.jpg 1536w, https:\/\/scf.se\/cykelcross\/wp-content\/uploads\/sites\/4\/2022\/10\/557A4491-2048x1365.jpg 2048w\" sizes=\"auto, (max-width: 2450px) 100vw, 2450px\" \/><\/a>\n<p>S\u00f6ndagens Paul Greijus-seger var solklar nu n\u00e4r han inte hade s\u00e5 mycket strul med vurpor. Det ska bli INTRESSANT att se L\u00e4nna Sport-cyklisten i v\u00e4rldscupen n\u00e4sta helg med den h\u00e4r formen.<\/p>\n<p>Det blev bara tv\u00e5 svenskar i den internationellt starka juniorklassen d\u00e5 IK HP:s Nils Johansson var sjuk. B\u00e5de Paul Greijus och Ville Merl\u00f6v var bra med fr\u00e5n b\u00f6rjan.<\/p>\n<p>Danska m\u00e4staren Daniel Weis Nielsen fick problem i staten och fick jaga hela racet, s\u00e5 Paul tog kommandot direkt och gjorde ett stabilt lopp. Ville k\u00f6rde p\u00e5 bra bakom, var uppe p\u00e5 tredje ett tag \u2013 och slutade femma.<\/p>\n<div id=\"attachment_762\" class=\"wp-caption alignnone\" ><a href=\"https:\/\/scf.se\/cykelcross\/wp-content\/uploads\/sites\/4\/2022\/10\/557A44661.jpg\"><img loading=\"lazy\" decoding=\"async\" class=\"size-full wp-image-762\" src=\"https:\/\/scf.se\/cykelcross\/wp-content\/uploads\/sites\/4\/2022\/10\/557A44661.jpg\" alt=\"\" width=\"2450\" height=\"1633\" srcset=\"https:\/\/scf.se\/cykelcross\/wp-content\/uploads\/sites\/4\/2022\/10\/557A44661.jpg 2450w, https:\/\/scf.se\/cykelcross\/wp-content\/uploads\/sites\/4\/2022\/10\/557A44661-300x200.jpg 300w, https:\/\/scf.se\/cykelcross\/wp-content\/uploads\/sites\/4\/2022\/10\/557A44661-1024x683.jpg 1024w, https:\/\/scf.se\/cykelcross\/wp-content\/uploads\/sites\/4\/2022\/10\/557A44661-768x512.jpg 768w, https:\/\/scf.se\/cykelcross\/wp-content\/uploads\/sites\/4\/2022\/10\/557A44661-1536x1024.jpg 1536w, https:\/\/scf.se\/cykelcross\/wp-content\/uploads\/sites\/4\/2022\/10\/557A44661-2048x1365.jpg 2048w\" sizes=\"auto, (max-width: 2450px) 100vw, 2450px\" \/><\/a><p class=\"wp-caption-text\"><em>EM-klare Ville Merl\u00f6v var femma och hade bud p\u00e5 mera under s\u00f6ndagen p\u00e5 T\u00e4by Park. Foto: Amanda Nordin<\/em><\/p><\/div>\n<p>&nbsp;<\/p>\n<p>Redan under m\u00e5ndagen fick Paul Greijus som v\u00e4ntat ett positivt EM-besked.<\/p>\n<blockquote><p>&#8221;Paul k\u00f6r riktig fint! Och har visat innan att han kan cykla snabbt&#8221;, s\u00e4ger Dennis Wahlqvist.<\/p><\/blockquote>\n<p>Sedan tidigare har Alma Johansson, som inte kom till start p\u00e5 T\u00e4by Park, samt flitigt CX-t\u00e4vlande Ville Merl\u00f6v f\u00e5tt klartecken f\u00f6r EM. Under tisdagen kommer runt en handfull cyklister adderas i tv\u00e5 olika uppl\u00e4gg.<\/p>\n<div id=\"attachment_778\" class=\"wp-caption alignnone\" ><a href=\"https:\/\/scf.se\/cykelcross\/wp-content\/uploads\/sites\/4\/2022\/10\/TabyCX1-85.jpg\"><img loading=\"lazy\" decoding=\"async\" class=\"size-full wp-image-778\" src=\"https:\/\/scf.se\/cykelcross\/wp-content\/uploads\/sites\/4\/2022\/10\/TabyCX1-85.jpg\" alt=\"\" width=\"1615\" height=\"2500\" srcset=\"https:\/\/scf.se\/cykelcross\/wp-content\/uploads\/sites\/4\/2022\/10\/TabyCX1-85.jpg 1615w, https:\/\/scf.se\/cykelcross\/wp-content\/uploads\/sites\/4\/2022\/10\/TabyCX1-85-194x300.jpg 194w, https:\/\/scf.se\/cykelcross\/wp-content\/uploads\/sites\/4\/2022\/10\/TabyCX1-85-662x1024.jpg 662w, https:\/\/scf.se\/cykelcross\/wp-content\/uploads\/sites\/4\/2022\/10\/TabyCX1-85-768x1189.jpg 768w, https:\/\/scf.se\/cykelcross\/wp-content\/uploads\/sites\/4\/2022\/10\/TabyCX1-85-992x1536.jpg 992w, https:\/\/scf.se\/cykelcross\/wp-content\/uploads\/sites\/4\/2022\/10\/TabyCX1-85-1323x2048.jpg 1323w\" sizes=\"auto, (max-width: 1615px) 100vw, 1615px\" \/><\/a><p class=\"wp-caption-text\"><em>Olivia Palmqvist var tv\u00e5a igen bland juniorerna i tuffa damelitstartf\u00e4ltet.\u00a0 Foto: Amanda Nordin<\/em><\/p><\/div>\n<p>&nbsp;<\/p>\n<p>Bland damjuniorerna var \u00e5terigen Olivia Palmqvist fr\u00e5n CK Uni snabbast av svenskarna och tv\u00e5a totalt efter en finl\u00e4ndska. S\u00e5 h\u00e4r s\u00e5g prispallarna ut fr\u00e5n U16-klassen till seniorelit.<\/p>\n<h3>Damelit<\/h3>\n<ol>\n<li>Femke Gort, Pissei Groep Nederl\u00e4nderna<\/li>\n<li>Suzanne Verhoeven, Vondelmolen De Ceuster Belgien<\/li>\n<li>Clara Lundmark, Norbergs CK<\/li>\n<\/ol>\n<div id=\"attachment_749\" class=\"wp-caption alignnone\" ><a href=\"https:\/\/scf.se\/cykelcross\/wp-content\/uploads\/sites\/4\/2022\/10\/Clara.jpg\"><img loading=\"lazy\" decoding=\"async\" class=\"size-full wp-image-749\" src=\"https:\/\/scf.se\/cykelcross\/wp-content\/uploads\/sites\/4\/2022\/10\/Clara.jpg\" alt=\"Clara Lundmark var med och tampades om silvret p\u00e5 s\u00f6ndagen och slutade tre. H\u00e4r under l\u00f6rdagen var det samma sak ett sn\u00e4pp ner. Men j\u00e4ttefint k\u00f6rt denna helg med nederl\u00e4ndskt och belgiskt i topp. Foto: Tomas Larsson\/SCF\" width=\"1468\" height=\"1512\" srcset=\"https:\/\/scf.se\/cykelcross\/wp-content\/uploads\/sites\/4\/2022\/10\/Clara.jpg 1468w, https:\/\/scf.se\/cykelcross\/wp-content\/uploads\/sites\/4\/2022\/10\/Clara-291x300.jpg 291w, https:\/\/scf.se\/cykelcross\/wp-content\/uploads\/sites\/4\/2022\/10\/Clara-994x1024.jpg 994w, https:\/\/scf.se\/cykelcross\/wp-content\/uploads\/sites\/4\/2022\/10\/Clara-768x791.jpg 768w\" sizes=\"auto, (max-width: 1468px) 100vw, 1468px\" \/><\/a><p class=\"wp-caption-text\"><em>Clara Lundmark fick sin bronsmedalj p\u00e5 s\u00f6ndagen, den som hon nosade p\u00e5 under l\u00f6rdagens race.\u00a0 Foto: Tomas Larsson<\/em><\/p><\/div>\n<h3>Herrelit<\/h3>\n<ol>\n<li>Arne Baers, Torsman CT Belgien<\/li>\n<li>Kroen van Dijke, TWC het snelle wiel Nederl\u00e4nderna<\/li>\n<li>David Eriksson, M\u00f6lndals CK<\/li>\n<\/ol>\n<p>&nbsp;<\/p>\n<div id=\"attachment_765\" class=\"wp-caption alignnone\" ><a href=\"https:\/\/scf.se\/cykelcross\/wp-content\/uploads\/sites\/4\/2022\/10\/557A4582.jpg\"><img loading=\"lazy\" decoding=\"async\" class=\"size-full wp-image-765\" src=\"https:\/\/scf.se\/cykelcross\/wp-content\/uploads\/sites\/4\/2022\/10\/557A4582.jpg\" alt=\"\" width=\"2450\" height=\"1633\" srcset=\"https:\/\/scf.se\/cykelcross\/wp-content\/uploads\/sites\/4\/2022\/10\/557A4582.jpg 2450w, https:\/\/scf.se\/cykelcross\/wp-content\/uploads\/sites\/4\/2022\/10\/557A4582-300x200.jpg 300w, https:\/\/scf.se\/cykelcross\/wp-content\/uploads\/sites\/4\/2022\/10\/557A4582-1024x683.jpg 1024w, https:\/\/scf.se\/cykelcross\/wp-content\/uploads\/sites\/4\/2022\/10\/557A4582-768x512.jpg 768w, https:\/\/scf.se\/cykelcross\/wp-content\/uploads\/sites\/4\/2022\/10\/557A4582-1536x1024.jpg 1536w, https:\/\/scf.se\/cykelcross\/wp-content\/uploads\/sites\/4\/2022\/10\/557A4582-2048x1365.jpg 2048w\" sizes=\"auto, (max-width: 2450px) 100vw, 2450px\" \/><\/a><p class=\"wp-caption-text\"><em>Belgisk dubbelseger i herrelit denna helg p\u00e5 T\u00e4by park. Arne Baers var vassast b\u00e5da dagarna.\u00a0 Foto: Amanda Nordin<\/em><\/p><\/div>\n<h3><a href=\"https:\/\/scf.se\/cykelcross\/wp-content\/uploads\/sites\/4\/2022\/10\/TabyCX1-10.jpg\"><img loading=\"lazy\" decoding=\"async\" class=\"alignnone size-full wp-image-768\" src=\"https:\/\/scf.se\/cykelcross\/wp-content\/uploads\/sites\/4\/2022\/10\/TabyCX1-10.jpg\" alt=\"\" width=\"2450\" height=\"1633\" srcset=\"https:\/\/scf.se\/cykelcross\/wp-content\/uploads\/sites\/4\/2022\/10\/TabyCX1-10.jpg 2450w, https:\/\/scf.se\/cykelcross\/wp-content\/uploads\/sites\/4\/2022\/10\/TabyCX1-10-300x200.jpg 300w, https:\/\/scf.se\/cykelcross\/wp-content\/uploads\/sites\/4\/2022\/10\/TabyCX1-10-1024x683.jpg 1024w, https:\/\/scf.se\/cykelcross\/wp-content\/uploads\/sites\/4\/2022\/10\/TabyCX1-10-768x512.jpg 768w, https:\/\/scf.se\/cykelcross\/wp-content\/uploads\/sites\/4\/2022\/10\/TabyCX1-10-1536x1024.jpg 1536w, https:\/\/scf.se\/cykelcross\/wp-content\/uploads\/sites\/4\/2022\/10\/TabyCX1-10-2048x1365.jpg 2048w\" sizes=\"auto, (max-width: 2450px) 100vw, 2450px\" \/><\/a><\/h3>\n<h3>Herrjunior<\/h3>\n<ol>\n<li>Paul Greijus, L\u00e4nna Sport CK<\/li>\n<li>Neo Tielens, WAC Team Belgien<\/li>\n<li>Daniel Weis Nielsen, Carl Ras Roskilde<\/li>\n<\/ol>\n<a href=\"https:\/\/scf.se\/cykelcross\/wp-content\/uploads\/sites\/4\/2022\/10\/TabyCX1-72.jpg\"><img loading=\"lazy\" decoding=\"async\" class=\"alignnone size-full wp-image-777\" src=\"https:\/\/scf.se\/cykelcross\/wp-content\/uploads\/sites\/4\/2022\/10\/TabyCX1-72.jpg\" alt=\"\" width=\"1728\" height=\"2450\" srcset=\"https:\/\/scf.se\/cykelcross\/wp-content\/uploads\/sites\/4\/2022\/10\/TabyCX1-72.jpg 1728w, https:\/\/scf.se\/cykelcross\/wp-content\/uploads\/sites\/4\/2022\/10\/TabyCX1-72-212x300.jpg 212w, https:\/\/scf.se\/cykelcross\/wp-content\/uploads\/sites\/4\/2022\/10\/TabyCX1-72-722x1024.jpg 722w, https:\/\/scf.se\/cykelcross\/wp-content\/uploads\/sites\/4\/2022\/10\/TabyCX1-72-768x1089.jpg 768w, https:\/\/scf.se\/cykelcross\/wp-content\/uploads\/sites\/4\/2022\/10\/TabyCX1-72-1083x1536.jpg 1083w, https:\/\/scf.se\/cykelcross\/wp-content\/uploads\/sites\/4\/2022\/10\/TabyCX1-72-1444x2048.jpg 1444w\" sizes=\"auto, (max-width: 1728px) 100vw, 1728px\" \/><\/a>\n<h3>Flickor 15\u201316<\/h3>\n<ol>\n<li>Elin \u00c5lsj\u00f6, CK Ujni<\/li>\n<li>Agnes Johansson, Eskilstuna CK<\/li>\n<li>Alice Johansson, Dala-J\u00e4rna IK<\/li>\n<\/ol>\n<div id=\"attachment_760\" class=\"wp-caption alignnone\" ><a href=\"https:\/\/scf.se\/cykelcross\/wp-content\/uploads\/sites\/4\/2022\/10\/557A4399.jpg\"><img loading=\"lazy\" decoding=\"async\" class=\"size-full wp-image-760\" src=\"https:\/\/scf.se\/cykelcross\/wp-content\/uploads\/sites\/4\/2022\/10\/557A4399.jpg\" alt=\"\" width=\"2450\" height=\"1962\" srcset=\"https:\/\/scf.se\/cykelcross\/wp-content\/uploads\/sites\/4\/2022\/10\/557A4399.jpg 2450w, https:\/\/scf.se\/cykelcross\/wp-content\/uploads\/sites\/4\/2022\/10\/557A4399-300x240.jpg 300w, https:\/\/scf.se\/cykelcross\/wp-content\/uploads\/sites\/4\/2022\/10\/557A4399-1024x820.jpg 1024w, https:\/\/scf.se\/cykelcross\/wp-content\/uploads\/sites\/4\/2022\/10\/557A4399-768x615.jpg 768w, https:\/\/scf.se\/cykelcross\/wp-content\/uploads\/sites\/4\/2022\/10\/557A4399-1536x1230.jpg 1536w, https:\/\/scf.se\/cykelcross\/wp-content\/uploads\/sites\/4\/2022\/10\/557A4399-2048x1640.jpg 2048w\" sizes=\"auto, (max-width: 2450px) 100vw, 2450px\" \/><\/a><p class=\"wp-caption-text\"><em>Vilmer Ekman tog tv\u00e5 segrar under Stockholm Cyclocross Weekend. Han var v\u00e4ldigt stark under s\u00f6ndagen&#8230;\u00a0 Foto: Amanda Nordin<\/em><\/p><\/div>\n<h3><a href=\"https:\/\/scf.se\/cykelcross\/wp-content\/uploads\/sites\/4\/2022\/10\/557A44042.jpg\"><img loading=\"lazy\" decoding=\"async\" class=\"alignnone size-full wp-image-761\" src=\"https:\/\/scf.se\/cykelcross\/wp-content\/uploads\/sites\/4\/2022\/10\/557A44042.jpg\" alt=\"\" width=\"2450\" height=\"1468\" srcset=\"https:\/\/scf.se\/cykelcross\/wp-content\/uploads\/sites\/4\/2022\/10\/557A44042.jpg 2450w, https:\/\/scf.se\/cykelcross\/wp-content\/uploads\/sites\/4\/2022\/10\/557A44042-300x180.jpg 300w, https:\/\/scf.se\/cykelcross\/wp-content\/uploads\/sites\/4\/2022\/10\/557A44042-1024x614.jpg 1024w, https:\/\/scf.se\/cykelcross\/wp-content\/uploads\/sites\/4\/2022\/10\/557A44042-768x460.jpg 768w, https:\/\/scf.se\/cykelcross\/wp-content\/uploads\/sites\/4\/2022\/10\/557A44042-1536x920.jpg 1536w, https:\/\/scf.se\/cykelcross\/wp-content\/uploads\/sites\/4\/2022\/10\/557A44042-2048x1227.jpg 2048w\" sizes=\"auto, (max-width: 2450px) 100vw, 2450px\" \/><\/a><\/h3>\n<h3>Pojkar 15\u201316<\/h3>\n<ol>\n<li>Vilmer Ekman, Biketown Cycling Club<\/li>\n<li>Anton Karlsson, Enk\u00f6pings CK<\/li>\n<li>Vilmar Aastrup, MTB T\u00e4by<\/li>\n<\/ol>\n<p><em><strong><a href=\"https:\/\/www.sportstiming.se\/event\/11262\/results?round=58287\">ALLA resultat fr\u00e5n s\u00f6ndagen i Stockholm Cyclocross Weekend hittar ni H\u00c4R!<\/a><\/strong><\/em><\/p>\n<div id=\"attachment_770\" class=\"wp-caption alignnone\" ><a href=\"https:\/\/scf.se\/cykelcross\/wp-content\/uploads\/sites\/4\/2022\/10\/557A4510.jpg\"><img loading=\"lazy\" decoding=\"async\" class=\"size-full wp-image-770\" src=\"https:\/\/scf.se\/cykelcross\/wp-content\/uploads\/sites\/4\/2022\/10\/557A4510.jpg\" alt=\"\" width=\"2450\" height=\"1633\" srcset=\"https:\/\/scf.se\/cykelcross\/wp-content\/uploads\/sites\/4\/2022\/10\/557A4510.jpg 2450w, https:\/\/scf.se\/cykelcross\/wp-content\/uploads\/sites\/4\/2022\/10\/557A4510-300x200.jpg 300w, https:\/\/scf.se\/cykelcross\/wp-content\/uploads\/sites\/4\/2022\/10\/557A4510-1024x683.jpg 1024w, https:\/\/scf.se\/cykelcross\/wp-content\/uploads\/sites\/4\/2022\/10\/557A4510-768x512.jpg 768w, https:\/\/scf.se\/cykelcross\/wp-content\/uploads\/sites\/4\/2022\/10\/557A4510-1536x1024.jpg 1536w, https:\/\/scf.se\/cykelcross\/wp-content\/uploads\/sites\/4\/2022\/10\/557A4510-2048x1365.jpg 2048w\" sizes=\"auto, (max-width: 2450px) 100vw, 2450px\" \/><\/a><p class=\"wp-caption-text\"><em>Kolla in alla resultat i l\u00e4nken ovan. Foto: Amanda Nordin<\/em><\/p><\/div>\n<a href=\"https:\/\/scf.se\/cykelcross\/wp-content\/uploads\/sites\/4\/2022\/10\/TabyCX1-18.jpg\"><img loading=\"lazy\" decoding=\"async\" class=\"alignnone size-full wp-image-773\" src=\"https:\/\/scf.se\/cykelcross\/wp-content\/uploads\/sites\/4\/2022\/10\/TabyCX1-18.jpg\" alt=\"\" width=\"1633\" height=\"2450\" srcset=\"https:\/\/scf.se\/cykelcross\/wp-content\/uploads\/sites\/4\/2022\/10\/TabyCX1-18.jpg 1633w, https:\/\/scf.se\/cykelcross\/wp-content\/uploads\/sites\/4\/2022\/10\/TabyCX1-18-200x300.jpg 200w, https:\/\/scf.se\/cykelcross\/wp-content\/uploads\/sites\/4\/2022\/10\/TabyCX1-18-683x1024.jpg 683w, https:\/\/scf.se\/cykelcross\/wp-content\/uploads\/sites\/4\/2022\/10\/TabyCX1-18-768x1152.jpg 768w, https:\/\/scf.se\/cykelcross\/wp-content\/uploads\/sites\/4\/2022\/10\/TabyCX1-18-1024x1536.jpg 1024w, https:\/\/scf.se\/cykelcross\/wp-content\/uploads\/sites\/4\/2022\/10\/TabyCX1-18-1365x2048.jpg 1365w\" sizes=\"auto, (max-width: 1633px) 100vw, 1633px\" \/><\/a>\n<a href=\"https:\/\/scf.se\/cykelcross\/wp-content\/uploads\/sites\/4\/2022\/10\/TabyCX1-54.jpg\"><img loading=\"lazy\" decoding=\"async\" class=\"alignnone size-full wp-image-774\" src=\"https:\/\/scf.se\/cykelcross\/wp-content\/uploads\/sites\/4\/2022\/10\/TabyCX1-54.jpg\" alt=\"\" width=\"2450\" height=\"1633\" srcset=\"https:\/\/scf.se\/cykelcross\/wp-content\/uploads\/sites\/4\/2022\/10\/TabyCX1-54.jpg 2450w, https:\/\/scf.se\/cykelcross\/wp-content\/uploads\/sites\/4\/2022\/10\/TabyCX1-54-300x200.jpg 300w, https:\/\/scf.se\/cykelcross\/wp-content\/uploads\/sites\/4\/2022\/10\/TabyCX1-54-1024x683.jpg 1024w, https:\/\/scf.se\/cykelcross\/wp-content\/uploads\/sites\/4\/2022\/10\/TabyCX1-54-768x512.jpg 768w, https:\/\/scf.se\/cykelcross\/wp-content\/uploads\/sites\/4\/2022\/10\/TabyCX1-54-1536x1024.jpg 1536w, https:\/\/scf.se\/cykelcross\/wp-content\/uploads\/sites\/4\/2022\/10\/TabyCX1-54-2048x1365.jpg 2048w\" sizes=\"auto, (max-width: 2450px) 100vw, 2450px\" \/><\/a>\n<ul>\n<li><a href=\"https:\/\/scf.se\/cykelcross\/fin-svenskduell-om-andraplatsen-i-herrelit-lundmark-fjarde-dam\/\"><strong><em>L\u00e4s mera om l\u00f6rdagens seniorelitlopp H\u00c4R!<\/em><\/strong><\/a><\/li>\n<li><a href=\"https:\/\/scf.se\/cykelcross\/greijus-vann-internationellt-starkt-juniorlopp-dar-det-mesta-hande\/\"><em><strong>L\u00e4s mera om l\u00f6rdagens seniorelitlopp H\u00c4R!<\/strong><\/em><\/a><\/li>\n<li><a href=\"https:\/\/scf.se\/cykelcross\/em-truppen-cx-filip-mard-i-u23-ar-fjarde-namnet-att-presenteras\/\"><em><strong>L\u00e4s mera om l\u00e4get i EM-truppen H\u00c4R!<\/strong><\/em><\/a><\/li>\n<li><a href=\"https:\/\/www.sportstiming.se\/event\/11398\"><strong><em>Missa heller inte att anm\u00e4la till Tranemo CX-pokal syd 22\u201323 oktober, \u00e4ven anm\u00e4lan s\u00f6ndag H\u00c4R!<\/em><\/strong><\/a><\/li>\n<\/ul>\n<p><em>Text: Tomas Larsson\/SCF<br \/>\nFoto: Amanda Nordin (n\u00e4stan alla) och Tomas Larsson (bara d\u00e4r s\u00e5 anges)<br \/>\n<\/em><\/p>\n<hr \/>\n<a href=\"https:\/\/scf.se\/forbundet\/sponsorer\/\"><img loading=\"lazy\" decoding=\"async\" class=\"alignnone size-full wp-image-748\" src=\"https:\/\/scf.se\/cykelcross\/wp-content\/uploads\/sites\/4\/2022\/10\/LiggandeBannerSponsorerHemsida5.jpg\" alt=\"\" width=\"1200\" height=\"200\" srcset=\"https:\/\/scf.se\/cykelcross\/wp-content\/uploads\/sites\/4\/2022\/10\/LiggandeBannerSponsorerHemsida5.jpg 1200w, https:\/\/scf.se\/cykelcross\/wp-content\/uploads\/sites\/4\/2022\/10\/LiggandeBannerSponsorerHemsida5-300x50.jpg 300w, https:\/\/scf.se\/cykelcross\/wp-content\/uploads\/sites\/4\/2022\/10\/LiggandeBannerSponsorerHemsida5-1024x171.jpg 1024w, https:\/\/scf.se\/cykelcross\/wp-content\/uploads\/sites\/4\/2022\/10\/LiggandeBannerSponsorerHemsida5-768x128.jpg 768w\" sizes=\"auto, (max-width: 1200px) 100vw, 1200px\" \/><\/a>\n","protected":false},"excerpt":{"rendered":"<p>P\u00e5 s\u00f6ndagen stod andra dagen av SWE Cup, tillika Stockholm Cyclocross UCI C2, p\u00e5 menyn i helgens internationella CX-t\u00e4vlingar p\u00e5 T\u00e4by Park. Roliga ingredienser var pallplatser f\u00f6r s\u00e5v\u00e4l David Eriksson och Clara Lundmark i seniorelit samt att Paul Greijus ut\u00f6kade segermarginalen i herrjunior gentemot l\u00f6rdagens race och blev redan under m\u00e5ndagen EM-klar.\u00a0 Med f\u00f6rutom<a href=\"https:\/\/scf.se\/cykelcross\/paul-greijus-em-klar-efter-dubbelseger-i-swe-cup-helgen-pa-taby-park\/\" class=\"news-card__more\"> &#8230;<\/a><\/p>\n","protected":false},"author":41,"featured_media":751,"comment_status":"open","ping_status":"open","sticky":false,"template":"","format":"standard","meta":{"_acf_changed":false,"footnotes":""},"categories":[1],"tags":[],"class_list":["post-747","post","type-post","status-publish","format-standard","hentry","category-cykelcross"],"acf":[],"_links":{"self":[{"href":"https:\/\/scf.se\/cykelcross\/wp-json\/wp\/v2\/posts\/747","targetHints":{"allow":["GET"]}}],"collection":[{"href":"https:\/\/scf.se\/cykelcross\/wp-json\/wp\/v2\/posts"}],"about":[{"href":"https:\/\/scf.se\/cykelcross\/wp-json\/wp\/v2\/types\/post"}],"author":[{"embeddable":true,"href":"https:\/\/scf.se\/cykelcross\/wp-json\/wp\/v2\/users\/41"}],"replies":[{"embeddable":true,"href":"https:\/\/scf.se\/cykelcross\/wp-json\/wp\/v2\/comments?post=747"}],"version-history":[{"count":0,"href":"https:\/\/scf.se\/cykelcross\/wp-json\/wp\/v2\/posts\/747\/revisions"}],"wp:featuredmedia":[{"embeddable":true,"href":"https:\/\/scf.se\/cykelcross\/wp-json\/wp\/v2\/media\/751"}],"wp:attachment":[{"href":"https:\/\/scf.se\/cykelcross\/wp-json\/wp\/v2\/media?parent=747"}],"wp:term":[{"taxonomy":"category","embeddable":true,"href":"https:\/\/scf.se\/cykelcross\/wp-json\/wp\/v2\/categories?post=747"},{"taxonomy":"post_tag","embeddable":true,"href":"https:\/\/scf.se\/cykelcross\/wp-json\/wp\/v2\/tags?post=747"}],"curies":[{"name":"wp","href":"https:\/\/api.w.org\/{rel}","templated":true}]}}