
{"id":725,"date":"2022-10-16T09:50:42","date_gmt":"2022-10-16T07:50:42","guid":{"rendered":"http:\/\/scf.se\/cykelcross\/?p=725"},"modified":"2022-10-17T13:34:45","modified_gmt":"2022-10-17T11:34:45","slug":"fin-svenskduell-om-andraplatsen-i-herrelit-lundmark-fjarde-dam","status":"publish","type":"post","link":"https:\/\/scf.se\/cykelcross\/fin-svenskduell-om-andraplatsen-i-herrelit-lundmark-fjarde-dam\/","title":{"rendered":"Fin svenskduell om andraplatsen i herrelit \u2013 Lundmark fj\u00e4rde dam"},"content":{"rendered":"<p><strong>Det var en fin svenskduell om andraplatsen i herrelitklassen p\u00e5 T\u00e4by Park UCI C2, tillika f\u00f6rsta delt\u00e4vlingen i SWE Cup. Svenska m\u00e4staren David Eriksson kunde till sist avg\u00f6ra den efter att ha grillats hela v\u00e4gen av Henrik Jansson. Vann gjorde belgaren Arne Baers. Svenska m\u00e4starinnan, Clara Lundmark, k\u00f6rde bra i damelit.<\/strong><\/p>\n<p>Speakern Oskar Ekman. som \u00e4r ordf\u00f6rande i Stockholms Cykelf\u00f6rbund, h\u00f6ll f\u00f6rst en tyst minut innan herrelitstarten f\u00f6r att hedra Vilgot Lindh, som s\u00e5 tragiskt gick bort helgen innan. Han sl\u00e4ppte \u00e4ven f\u00f6r en stund loppet och hyllade Vilgots minne under ett par minuter p\u00e5 f\u00f6rsta varvet. Det var en fin markering.<\/p>\n<p>N\u00e4r loppet kom i g\u00e5ng gick det hiskeligt snabbt in i f\u00f6rsta kurvan och i r\u00f6ran efter f\u00f6rsta kurvan tappade David Eriksson lite mark.<\/p>\n<blockquote><p>&#8221;Men jag tog mig ju tillbaka ganska snabbt och det k\u00e4ndes bra i dag. Bra f\u00f6r oss att f\u00e5 den h\u00e4r internationella sparringen p\u00e5 hemmaplan som vi f\u00e5r i T\u00e4by. Synd bara att vi sl\u00e4ppte i v\u00e4g belgaren lite f\u00f6r l\u00e5ngt&#8221;, s\u00e4ger David Eriksson efter\u00e5t d\u00e5 b\u00e5de de svenska silverkombattanternas kl\u00e4der och cyklar s\u00e5g ut precis som de ska g\u00f6ra efter ett riktigt cykelcrosslopp.<\/p><\/blockquote>\n<a href=\"https:\/\/scf.se\/cykelcross\/wp-content\/uploads\/sites\/4\/2022\/10\/Herr1.jpg\"><img loading=\"lazy\" decoding=\"async\" class=\"alignnone size-full wp-image-743\" src=\"https:\/\/scf.se\/cykelcross\/wp-content\/uploads\/sites\/4\/2022\/10\/Herr1.jpg\" alt=\"\" width=\"1773\" height=\"1512\" srcset=\"https:\/\/scf.se\/cykelcross\/wp-content\/uploads\/sites\/4\/2022\/10\/Herr1.jpg 1773w, https:\/\/scf.se\/cykelcross\/wp-content\/uploads\/sites\/4\/2022\/10\/Herr1-300x256.jpg 300w, https:\/\/scf.se\/cykelcross\/wp-content\/uploads\/sites\/4\/2022\/10\/Herr1-1024x873.jpg 1024w, https:\/\/scf.se\/cykelcross\/wp-content\/uploads\/sites\/4\/2022\/10\/Herr1-768x655.jpg 768w, https:\/\/scf.se\/cykelcross\/wp-content\/uploads\/sites\/4\/2022\/10\/Herr1-1536x1310.jpg 1536w\" sizes=\"auto, (max-width: 1773px) 100vw, 1773px\" \/><\/a>\n<p>Regnet tilltog och det kom n\u00e5gra rej\u00e4la skurar som gjorde banan bl\u00f6t.<\/p>\n<blockquote><p>&#8221;Men den h\u00f6ll ihop bra. Banan var j\u00e4ttebra och det var bra att jag och David kunde h\u00e5lla ihop och hj\u00e4lpas \u00e5t&#8221;, sa Henrik Jansson som liksom David med r\u00e4tta var r\u00e4tt n\u00f6jd inf\u00f6r prisutdelning och cykeltv\u00e4tt.<\/p><\/blockquote>\n<p>Utg\u00e5ngen i deras kamp blev till sist en r\u00e4tt klar upploppsseger till David.<\/p>\n<a href=\"https:\/\/scf.se\/cykelcross\/wp-content\/uploads\/sites\/4\/2022\/10\/HerrSoME.jpg\"><img loading=\"lazy\" decoding=\"async\" class=\"alignnone size-full wp-image-740\" src=\"https:\/\/scf.se\/cykelcross\/wp-content\/uploads\/sites\/4\/2022\/10\/HerrSoME.jpg\" alt=\"\" width=\"1891\" height=\"1238\" srcset=\"https:\/\/scf.se\/cykelcross\/wp-content\/uploads\/sites\/4\/2022\/10\/HerrSoME.jpg 1891w, https:\/\/scf.se\/cykelcross\/wp-content\/uploads\/sites\/4\/2022\/10\/HerrSoME-300x196.jpg 300w, https:\/\/scf.se\/cykelcross\/wp-content\/uploads\/sites\/4\/2022\/10\/HerrSoME-1024x670.jpg 1024w, https:\/\/scf.se\/cykelcross\/wp-content\/uploads\/sites\/4\/2022\/10\/HerrSoME-768x503.jpg 768w, https:\/\/scf.se\/cykelcross\/wp-content\/uploads\/sites\/4\/2022\/10\/HerrSoME-1536x1006.jpg 1536w\" sizes=\"auto, (max-width: 1891px) 100vw, 1891px\" \/><\/a>\n<blockquote><p>&#8221;Men det var tufft mot Henrik i dag. Han tittar inte bak\u00e5t utan bara k\u00f6r. Sp\u00e4nnet p\u00e5 skon gick s\u00f6nder s\u00e5 jag fick slita lite extra&#8221;, s\u00e4ger David Eriksson med ett leende.<\/p><\/blockquote>\n<p>Av de svenska U23-herrarna var Motalas VM-cyklist Filip M\u00e5rd f\u00f6rst i m\u00e5l. Direkt d\u00e4refter f\u00f6ljde det ett koppel.<\/p>\n<h3>Topp tio herrelit l\u00f6rdag<\/h3>\n<ul>\n<li>1 Arne Baers, Torsman CT Belgien (U23)<\/li>\n<li>2 David Eriksson, M\u00f6lndals CK<\/li>\n<li>3 Henrik Jansson, Bauhaus Sportklubb<\/li>\n<li>8 Filip M\u00e5rd, Motala Serneke Allebike (U23)<\/li>\n<li>9 David Risberg, ML Sports Club<\/li>\n<li>10 Acke Dahlblom, S\u00f6dert\u00e4lje CK (U23)<\/li>\n<\/ul>\n<p>&nbsp;<\/p>\n<a href=\"https:\/\/scf.se\/cykelcross\/wp-content\/uploads\/sites\/4\/2022\/10\/Dam-vinnare.jpg\"><img loading=\"lazy\" decoding=\"async\" class=\"alignnone size-full wp-image-734\" src=\"https:\/\/scf.se\/cykelcross\/wp-content\/uploads\/sites\/4\/2022\/10\/Dam-vinnare.jpg\" alt=\"\" width=\"1280\" height=\"844\" srcset=\"https:\/\/scf.se\/cykelcross\/wp-content\/uploads\/sites\/4\/2022\/10\/Dam-vinnare.jpg 1280w, https:\/\/scf.se\/cykelcross\/wp-content\/uploads\/sites\/4\/2022\/10\/Dam-vinnare-300x198.jpg 300w, https:\/\/scf.se\/cykelcross\/wp-content\/uploads\/sites\/4\/2022\/10\/Dam-vinnare-1024x675.jpg 1024w, https:\/\/scf.se\/cykelcross\/wp-content\/uploads\/sites\/4\/2022\/10\/Dam-vinnare-768x506.jpg 768w\" sizes=\"auto, (max-width: 1280px) 100vw, 1280px\" \/><\/a>\n<p>I damernas lopp var det en kamp mellan de b\u00e4gge st\u00f6rsta CX-nationerna Belgien och Nederl\u00e4nderna om segern d\u00e4r Suzanne Verhoeven vann.<\/p>\n<a href=\"https:\/\/scf.se\/cykelcross\/wp-content\/uploads\/sites\/4\/2022\/10\/DAm2.jpg\"><img loading=\"lazy\" decoding=\"async\" class=\"alignnone size-full wp-image-736\" src=\"https:\/\/scf.se\/cykelcross\/wp-content\/uploads\/sites\/4\/2022\/10\/DAm2.jpg\" alt=\"\" width=\"1288\" height=\"1341\" srcset=\"https:\/\/scf.se\/cykelcross\/wp-content\/uploads\/sites\/4\/2022\/10\/DAm2.jpg 1288w, https:\/\/scf.se\/cykelcross\/wp-content\/uploads\/sites\/4\/2022\/10\/DAm2-288x300.jpg 288w, https:\/\/scf.se\/cykelcross\/wp-content\/uploads\/sites\/4\/2022\/10\/DAm2-984x1024.jpg 984w, https:\/\/scf.se\/cykelcross\/wp-content\/uploads\/sites\/4\/2022\/10\/DAm2-768x800.jpg 768w\" sizes=\"auto, (max-width: 1288px) 100vw, 1288px\" \/><\/a>\n<p>Norbergs Clara Lundmark k\u00f6rde riktigt bra i svenska m\u00e4startr\u00f6jan och hade l\u00e4nge hugg p\u00e5 tredjeplatsen efter ett stabilt lopp d\u00e4r det redan under damernas uppg\u00f6relse till och fr\u00e5n kom r\u00e4tt mycket regn och gjorde underlaget mera sugande.<\/p>\n<p>Clara Lundmark s\u00e5g stark ut d\u00e4r ute, men belgiskan Febe de Smedt knep till sist den sista pallplatsen med drygt 40 sekunders marginal.<\/p>\n<a href=\"https:\/\/scf.se\/cykelcross\/wp-content\/uploads\/sites\/4\/2022\/10\/Dam1.jpg\"><img loading=\"lazy\" decoding=\"async\" class=\"alignnone size-full wp-image-733\" src=\"https:\/\/scf.se\/cykelcross\/wp-content\/uploads\/sites\/4\/2022\/10\/Dam1.jpg\" alt=\"\" width=\"1596\" height=\"1113\" srcset=\"https:\/\/scf.se\/cykelcross\/wp-content\/uploads\/sites\/4\/2022\/10\/Dam1.jpg 1596w, https:\/\/scf.se\/cykelcross\/wp-content\/uploads\/sites\/4\/2022\/10\/Dam1-300x209.jpg 300w, https:\/\/scf.se\/cykelcross\/wp-content\/uploads\/sites\/4\/2022\/10\/Dam1-1024x714.jpg 1024w, https:\/\/scf.se\/cykelcross\/wp-content\/uploads\/sites\/4\/2022\/10\/Dam1-768x536.jpg 768w, https:\/\/scf.se\/cykelcross\/wp-content\/uploads\/sites\/4\/2022\/10\/Dam1-1536x1071.jpg 1536w\" sizes=\"auto, (max-width: 1596px) 100vw, 1596px\" \/><\/a>\n<p>Olivia Palmqvist hade en t\u00e4t kamp med finl\u00e4ndskan Viivi Turpeinen om att bli n\u00e4sta junior i loppet. Det var n\u00e5got strul som avgjorde och Turpeinen var 22 sekunder f\u00f6re, men ett bra lopp av CK Unis junior.<\/p>\n<a href=\"https:\/\/scf.se\/cykelcross\/wp-content\/uploads\/sites\/4\/2022\/10\/DamUni.jpg\"><img loading=\"lazy\" decoding=\"async\" class=\"alignnone size-full wp-image-735\" src=\"https:\/\/scf.se\/cykelcross\/wp-content\/uploads\/sites\/4\/2022\/10\/DamUni.jpg\" alt=\"\" width=\"1552\" height=\"1309\" srcset=\"https:\/\/scf.se\/cykelcross\/wp-content\/uploads\/sites\/4\/2022\/10\/DamUni.jpg 1552w, https:\/\/scf.se\/cykelcross\/wp-content\/uploads\/sites\/4\/2022\/10\/DamUni-300x253.jpg 300w, https:\/\/scf.se\/cykelcross\/wp-content\/uploads\/sites\/4\/2022\/10\/DamUni-1024x864.jpg 1024w, https:\/\/scf.se\/cykelcross\/wp-content\/uploads\/sites\/4\/2022\/10\/DamUni-768x648.jpg 768w, https:\/\/scf.se\/cykelcross\/wp-content\/uploads\/sites\/4\/2022\/10\/DamUni-1536x1296.jpg 1536w\" sizes=\"auto, (max-width: 1552px) 100vw, 1552px\" \/><\/a>\n<h3>Topp tio damelit l\u00f6rdag<\/h3>\n<ul>\n<li>1 Suzanne Verhoeven, Vondelmolen De Ceuster Belgien<\/li>\n<li>2 Femke Gort, Pissei Groep Nederl\u00e4nderna<\/li>\n<li>3 Febe de Smedt, Acrog-Tormans Belgien<\/li>\n<li>4 Clara Lundmark, Norbergs CK<\/li>\n<li>7 Olivia Palmqvist, CK Uni (junior)<\/li>\n<li>8 Ida Ullstrand, Kolm\u00e5rdens MTB<\/li>\n<li>9 Lina Eriksson, MTB T\u00e4by\u00a0 (junior)<\/li>\n<\/ul>\n<a href=\"https:\/\/scf.se\/cykelcross\/wp-content\/uploads\/sites\/4\/2022\/10\/Dampall.jpg\"><img loading=\"lazy\" decoding=\"async\" class=\"alignnone size-full wp-image-744\" src=\"https:\/\/scf.se\/cykelcross\/wp-content\/uploads\/sites\/4\/2022\/10\/Dampall.jpg\" alt=\"\" width=\"1312\" height=\"1211\" srcset=\"https:\/\/scf.se\/cykelcross\/wp-content\/uploads\/sites\/4\/2022\/10\/Dampall.jpg 1312w, https:\/\/scf.se\/cykelcross\/wp-content\/uploads\/sites\/4\/2022\/10\/Dampall-300x277.jpg 300w, https:\/\/scf.se\/cykelcross\/wp-content\/uploads\/sites\/4\/2022\/10\/Dampall-1024x945.jpg 1024w, https:\/\/scf.se\/cykelcross\/wp-content\/uploads\/sites\/4\/2022\/10\/Dampall-768x709.jpg 768w\" sizes=\"auto, (max-width: 1312px) 100vw, 1312px\" \/><\/a>\n<p><a href=\"https:\/\/www.sportstiming.se\/event\/11218\/results?round=57978\"><em><strong>Alla resultat i seniorelit l\u00f6rdag H\u00c4R!<\/strong><\/em><\/a><\/p>\n<p><em>Text och foto: Tomas Larsson\/SCF<\/em><\/p>\n<hr \/>\n<a href=\"https:\/\/scf.se\/forbundet\/sponsorer\/\"><img loading=\"lazy\" decoding=\"async\" class=\"alignnone size-full wp-image-748\" src=\"https:\/\/scf.se\/cykelcross\/wp-content\/uploads\/sites\/4\/2022\/10\/LiggandeBannerSponsorerHemsida5.jpg\" alt=\"\" width=\"1200\" height=\"200\" srcset=\"https:\/\/scf.se\/cykelcross\/wp-content\/uploads\/sites\/4\/2022\/10\/LiggandeBannerSponsorerHemsida5.jpg 1200w, https:\/\/scf.se\/cykelcross\/wp-content\/uploads\/sites\/4\/2022\/10\/LiggandeBannerSponsorerHemsida5-300x50.jpg 300w, https:\/\/scf.se\/cykelcross\/wp-content\/uploads\/sites\/4\/2022\/10\/LiggandeBannerSponsorerHemsida5-1024x171.jpg 1024w, https:\/\/scf.se\/cykelcross\/wp-content\/uploads\/sites\/4\/2022\/10\/LiggandeBannerSponsorerHemsida5-768x128.jpg 768w\" sizes=\"auto, (max-width: 1200px) 100vw, 1200px\" \/><\/a>\n","protected":false},"excerpt":{"rendered":"<p>Det var en fin svenskduell om andraplatsen i herrelitklassen p\u00e5 T\u00e4by Park UCI C2, tillika f\u00f6rsta delt\u00e4vlingen i SWE Cup. Svenska m\u00e4staren David Eriksson kunde till sist avg\u00f6ra den efter att ha grillats hela v\u00e4gen av Henrik Jansson. Vann gjorde belgaren Arne Baers. Svenska m\u00e4starinnan, Clara Lundmark, k\u00f6rde bra i damelit. Speakern Oskar Ekman.<a href=\"https:\/\/scf.se\/cykelcross\/fin-svenskduell-om-andraplatsen-i-herrelit-lundmark-fjarde-dam\/\" class=\"news-card__more\"> &#8230;<\/a><\/p>\n","protected":false},"author":41,"featured_media":738,"comment_status":"open","ping_status":"open","sticky":false,"template":"","format":"standard","meta":{"_acf_changed":false,"footnotes":""},"categories":[1],"tags":[],"class_list":["post-725","post","type-post","status-publish","format-standard","hentry","category-cykelcross"],"acf":[],"_links":{"self":[{"href":"https:\/\/scf.se\/cykelcross\/wp-json\/wp\/v2\/posts\/725","targetHints":{"allow":["GET"]}}],"collection":[{"href":"https:\/\/scf.se\/cykelcross\/wp-json\/wp\/v2\/posts"}],"about":[{"href":"https:\/\/scf.se\/cykelcross\/wp-json\/wp\/v2\/types\/post"}],"author":[{"embeddable":true,"href":"https:\/\/scf.se\/cykelcross\/wp-json\/wp\/v2\/users\/41"}],"replies":[{"embeddable":true,"href":"https:\/\/scf.se\/cykelcross\/wp-json\/wp\/v2\/comments?post=725"}],"version-history":[{"count":0,"href":"https:\/\/scf.se\/cykelcross\/wp-json\/wp\/v2\/posts\/725\/revisions"}],"wp:featuredmedia":[{"embeddable":true,"href":"https:\/\/scf.se\/cykelcross\/wp-json\/wp\/v2\/media\/738"}],"wp:attachment":[{"href":"https:\/\/scf.se\/cykelcross\/wp-json\/wp\/v2\/media?parent=725"}],"wp:term":[{"taxonomy":"category","embeddable":true,"href":"https:\/\/scf.se\/cykelcross\/wp-json\/wp\/v2\/categories?post=725"},{"taxonomy":"post_tag","embeddable":true,"href":"https:\/\/scf.se\/cykelcross\/wp-json\/wp\/v2\/tags?post=725"}],"curies":[{"name":"wp","href":"https:\/\/api.w.org\/{rel}","templated":true}]}}