
{"id":681,"date":"2022-01-07T18:56:05","date_gmt":"2022-01-07T17:56:05","guid":{"rendered":"http:\/\/scf.se\/cykelcross\/?p=681"},"modified":"2022-01-07T18:56:05","modified_gmt":"2022-01-07T17:56:05","slug":"sa-ser-svenska-cx-laget-ut-efter-mellandagsloppen-och-infor-vm","status":"publish","type":"post","link":"https:\/\/scf.se\/cykelcross\/sa-ser-svenska-cx-laget-ut-efter-mellandagsloppen-och-infor-vm\/","title":{"rendered":"S\u00e5 ser svenska CX-l\u00e4get ut efter mellandagsloppen och inf\u00f6r VM"},"content":{"rendered":"<p><strong>Med nationsm\u00e4sterskap f\u00f6r de flesta andra CX-cyklister blir det v\u00e4lbeh\u00f6vlig vila och \u00e5terh\u00e4mtning f\u00f6r svenskarna. Men det har sett bra ut i Belgien p\u00e5 slutet f\u00f6r s\u00e5v\u00e4l Ville Merl\u00f6v, Filip M\u00e5rd och inte minst Alma Johansson. De tv\u00e5 sistn\u00e4mnda ska k\u00f6ra VM, s\u00e5 kolla in vad f\u00f6rbundskaptenen Dennis Wahlqvist s\u00e4ger om l\u00e4get!<\/strong><\/p>\n<p>I Herentals, ocks\u00e5 det i Belgien, slutade Filip M\u00e5rd p\u00e5 plats 30. D\u00e5 ska man ber\u00e4kna att det inte ov\u00e4ntat var totaldominans av cyklister fr\u00e5n Belgien och Nederl\u00e4nderna. L\u00e5ngt ifr\u00e5n alla kommer att f\u00e5 k\u00f6ra VM&#8230;<\/p>\n<p>&#8230;och Alma Johansson bara forts\u00e4tter att imponera. Andraplatsen i Gullegen som redan \u00e4r avrapporterad avl\u00f6stes av en sj\u00e4tteplats nu n\u00e4r bredden p\u00e5 toppen var st\u00f6rre.<\/p>\n<p>Holl\u00e4ndskan Leonie Benteveld vann och Alma hade \u00e5ter igen en h\u00e4rlig kamp med de duktiga kanadensiska systrarna Holmgren. Och Alma framst\u00e5r mer och mer som ett rej\u00e4lt bra svenskhopp i VM som avg\u00f6rs i USA i slutet av januari.<\/p>\n<p>Ville Merl\u00f6v satte tv\u00e5 fina placeringar i dessa lopp. F\u00f6rst 16:e i Gullegen uppe i h\u00f6rnet av V\u00e4stflandern och sedan en finfin tolfteplats i Herentals. Det var 43 startande och fyra minuter upp till segraren David Haverdings fr\u00e5n Nederl\u00e4nderna. Ett bra lopp av Ville.<\/p>\n<a href=\"https:\/\/scf.se\/cykelcross\/wp-content\/uploads\/sites\/4\/2021\/11\/Musette1.jpg\"><img loading=\"lazy\" decoding=\"async\" class=\"alignnone size-full wp-image-638\" src=\"https:\/\/scf.se\/cykelcross\/wp-content\/uploads\/sites\/4\/2021\/11\/Musette1.jpg\" alt=\"\" width=\"1880\" height=\"1255\" srcset=\"https:\/\/scf.se\/cykelcross\/wp-content\/uploads\/sites\/4\/2021\/11\/Musette1.jpg 1880w, https:\/\/scf.se\/cykelcross\/wp-content\/uploads\/sites\/4\/2021\/11\/Musette1-300x200.jpg 300w, https:\/\/scf.se\/cykelcross\/wp-content\/uploads\/sites\/4\/2021\/11\/Musette1-1024x684.jpg 1024w, https:\/\/scf.se\/cykelcross\/wp-content\/uploads\/sites\/4\/2021\/11\/Musette1-768x513.jpg 768w, https:\/\/scf.se\/cykelcross\/wp-content\/uploads\/sites\/4\/2021\/11\/Musette1-1536x1025.jpg 1536w\" sizes=\"auto, (max-width: 1880px) 100vw, 1880px\" \/><\/a>\n<p>&nbsp;<\/p>\n<p>Merl\u00f6v k\u00f6r inte VM. Det g\u00f6r d\u00e4remot Paul Greijus som har k\u00f6rt nere i Europa under h\u00f6sten och hade en blixtrande form i slutet av den svenska s\u00e4songen.<\/p>\n<p>Nu valde han till sist tr\u00e4ning p\u00e5 hemmaplan under mellandagarna men kommer eventuellt liksom n\u00e5gon av de andra k\u00f6ra i Hoogerheide 23 januari som \u00e4r lika med v\u00e4rldscupavslutning och ligger bra i tiden som VM-genrep. \u00c5rets VM avg\u00f6rs i Fayetteville, Arkansas, den 29-30 januari.<\/p>\n<p>I helgen \u00e4r det nationsm\u00e4sterskapsdagar \u2013 Sverige hade sitt i slutet av november p\u00e5 grund av v\u00e4derdispens \u2013 men i alla fall Alma ska t\u00e4vla mera \u00e4ven innan VC-avslutningen.<\/p>\n<a href=\"https:\/\/scf.se\/cykelcross\/wp-content\/uploads\/sites\/4\/2022\/01\/DennisW.jpg\"><img loading=\"lazy\" decoding=\"async\" class=\"alignnone size-full wp-image-682\" src=\"https:\/\/scf.se\/cykelcross\/wp-content\/uploads\/sites\/4\/2022\/01\/DennisW.jpg\" alt=\"\" width=\"1949\" height=\"1448\" srcset=\"https:\/\/scf.se\/cykelcross\/wp-content\/uploads\/sites\/4\/2022\/01\/DennisW.jpg 1949w, https:\/\/scf.se\/cykelcross\/wp-content\/uploads\/sites\/4\/2022\/01\/DennisW-300x223.jpg 300w, https:\/\/scf.se\/cykelcross\/wp-content\/uploads\/sites\/4\/2022\/01\/DennisW-1024x761.jpg 1024w, https:\/\/scf.se\/cykelcross\/wp-content\/uploads\/sites\/4\/2022\/01\/DennisW-768x571.jpg 768w, https:\/\/scf.se\/cykelcross\/wp-content\/uploads\/sites\/4\/2022\/01\/DennisW-1536x1141.jpg 1536w\" sizes=\"auto, (max-width: 1949px) 100vw, 1949px\" \/><\/a>\n<p>S\u00e5 h\u00e4r s\u00e4ger CX-f\u00f6rbundskaptenen,<strong> Dennis Wahlqvist<\/strong> om VM-l\u00e4get f\u00f6r junioren Alma Johansson efter den senaste tidens t\u00e4vlande i mestadels Belgien.<\/p>\n<blockquote><p>&#8221;Alma har k\u00f6rt nere i Europa mycket \u00f6ver h\u00f6sten och vintern, k\u00f6r bra alla race \u2013 och f\u00e5r med sig fina resultat mot VM&#8221;, s\u00e4ger Dennis Wahlqvist.<\/p><\/blockquote>\n<p>Om unga U23-cyklisten Filip M\u00e5rd sammanfattar Dennis l\u00e4get s\u00e5 h\u00e4r:<\/p>\n<p>&#8221;Filip ocks\u00e5 k\u00f6rt mycket nere i Europa. Som f\u00f6rsta\u00e5rs-U23 har Filip k\u00f6rt mycket starkt. Det har varit stenh\u00e5rda U23-klasser. Extra starkt k\u00f6rt p\u00e5 ny\u00e5rsdagen.&#8221;<\/p>\n<p><strong>Vad s\u00e4ger du om VM-chanserna f\u00f6r Alma, Paul och Filip?<\/strong><\/p>\n<p>&#8221;D\u00e5 VM \u00e4r i USA \u00e4r det sv\u00e5rt att veta hur det blir med deltagare, men jag hoppas och tror att cyklisterna med en bra dag kan n\u00e5 topp 15-placering \u2013 om inte b\u00e4ttre.&#8221;<\/p>\n<p><em>Text: Tomas Larsson\/SCF<\/em><\/p>\n","protected":false},"excerpt":{"rendered":"<p>Med nationsm\u00e4sterskap f\u00f6r de flesta andra CX-cyklister blir det v\u00e4lbeh\u00f6vlig vila och \u00e5terh\u00e4mtning f\u00f6r svenskarna. Men det har sett bra ut i Belgien p\u00e5 slutet f\u00f6r s\u00e5v\u00e4l Ville Merl\u00f6v, Filip M\u00e5rd och inte minst Alma Johansson. De tv\u00e5 sistn\u00e4mnda ska k\u00f6ra VM, s\u00e5 kolla in vad f\u00f6rbundskaptenen Dennis Wahlqvist s\u00e4ger om l\u00e4get! I Herentals,<a href=\"https:\/\/scf.se\/cykelcross\/sa-ser-svenska-cx-laget-ut-efter-mellandagsloppen-och-infor-vm\/\" class=\"news-card__more\"> &#8230;<\/a><\/p>\n","protected":false},"author":41,"featured_media":675,"comment_status":"open","ping_status":"open","sticky":false,"template":"","format":"standard","meta":{"_acf_changed":false,"footnotes":""},"categories":[1],"tags":[],"class_list":["post-681","post","type-post","status-publish","format-standard","hentry","category-cykelcross"],"acf":[],"_links":{"self":[{"href":"https:\/\/scf.se\/cykelcross\/wp-json\/wp\/v2\/posts\/681","targetHints":{"allow":["GET"]}}],"collection":[{"href":"https:\/\/scf.se\/cykelcross\/wp-json\/wp\/v2\/posts"}],"about":[{"href":"https:\/\/scf.se\/cykelcross\/wp-json\/wp\/v2\/types\/post"}],"author":[{"embeddable":true,"href":"https:\/\/scf.se\/cykelcross\/wp-json\/wp\/v2\/users\/41"}],"replies":[{"embeddable":true,"href":"https:\/\/scf.se\/cykelcross\/wp-json\/wp\/v2\/comments?post=681"}],"version-history":[{"count":0,"href":"https:\/\/scf.se\/cykelcross\/wp-json\/wp\/v2\/posts\/681\/revisions"}],"wp:featuredmedia":[{"embeddable":true,"href":"https:\/\/scf.se\/cykelcross\/wp-json\/wp\/v2\/media\/675"}],"wp:attachment":[{"href":"https:\/\/scf.se\/cykelcross\/wp-json\/wp\/v2\/media?parent=681"}],"wp:term":[{"taxonomy":"category","embeddable":true,"href":"https:\/\/scf.se\/cykelcross\/wp-json\/wp\/v2\/categories?post=681"},{"taxonomy":"post_tag","embeddable":true,"href":"https:\/\/scf.se\/cykelcross\/wp-json\/wp\/v2\/tags?post=681"}],"curies":[{"name":"wp","href":"https:\/\/api.w.org\/{rel}","templated":true}]}}