
{"id":590,"date":"2021-11-19T13:00:34","date_gmt":"2021-11-19T12:00:34","guid":{"rendered":"http:\/\/scf.se\/cykelcross\/?p=590"},"modified":"2021-11-22T21:04:10","modified_gmt":"2021-11-22T20:04:10","slug":"missa-inte-traningslager-for-framtida-cykelcrossakare","status":"publish","type":"post","link":"https:\/\/scf.se\/cykelcross\/missa-inte-traningslager-for-framtida-cykelcrossakare\/","title":{"rendered":"Intresset stort f\u00f6r cykelcrossl\u00e4ger 26 november &#8211; nu fullt"},"content":{"rendered":"<p><strong>Efter SM-helgen arrangeras ett tr\u00e4ningsl\u00e4ger f\u00f6r framtida cykelcross-cyklister p\u00e5 Ring Knutstorp, n\u00e4rmare best\u00e4mt 26\u201328 november. Och intresset f\u00f6r CX \u00e4r stort. L\u00e4gret blev redan under m\u00e5ndagen fullbelagt.<\/strong><\/p>\n<p>Det \u00e4r ett l\u00e4ger f\u00f6r flickor och pojkar 15\u201316 \u00e5r samt dam- och herrjunior. F\u00f6rbundskaptenen i CX, Dennis Wahlqvist, h\u00e5ller i l\u00e4gret och ber\u00e4ttar om programmet:<\/p>\n<blockquote><p>&#8221;Vi b\u00f6rjar med en samling p\u00e5 fredag kv\u00e4ll med kortpresentation och kv\u00e4llsmat. Vi forts\u00e4tter p\u00e5 l\u00f6rdag med tv\u00e5 tr\u00e4ningspass samt tips p\u00e5 hur man tar hand om sin cykel p\u00e5 b\u00e4sta s\u00e4tt. Vi avslutar p\u00e5 s\u00f6ndag med race p\u00e5 t\u00e4vlingsbanan f\u00f6r sista SWE cup p\u00e5 Ring Knutstorp och lunch.&#8221;<\/p><\/blockquote>\n<p><strong>Samling:<\/strong> Kl. 18.30 p\u00e5 fredag och avslutning kl. 14 p\u00e5 s\u00f6ndag.<\/p>\n<p><strong>Pris<\/strong>: 2.000 kronor.<\/p>\n<p>Kostnaden faktureras cyklistens f\u00f6rening (kostnaden kan \u00e5terbetalas med hj\u00e4lp av \u00e5terstartsst\u00f6det genom f\u00f6reningen). Cyklist utan f\u00f6rening har ej r\u00e4tt till \u00e5terstartst\u00f6d. I kostnaden ing\u00e5r mat som serveras av Fredrik Hanborn och Lucy\u2019s restaurang. Boende i delad stuga p\u00e5 Knutstorp (tv\u00e5 till tre personer i respektive stuga).<\/p>\n<p>Begr\u00e4nsat antal platser, 15 stycken, och kr\u00e4ver att man har en cykelcross eller gravelbike att cykla p\u00e5.<\/p>\n<p><strong>L\u00e4gret \u00e4r i skrivande stund fullt men vill man kolla eventuella \u00e5terbud eller har fr\u00e5gor, kolla med: <\/strong><a href=\"mailto:Dennis.wahlqvist@scf.se\">Dennis.wahlqvist@scf.se<\/a><\/p>\n","protected":false},"excerpt":{"rendered":"<p>Efter SM-helgen arrangeras ett tr\u00e4ningsl\u00e4ger f\u00f6r framtida cykelcross-cyklister p\u00e5 Ring Knutstorp, n\u00e4rmare best\u00e4mt 26\u201328 november. Och intresset f\u00f6r CX \u00e4r stort. L\u00e4gret blev redan under m\u00e5ndagen fullbelagt. Det \u00e4r ett l\u00e4ger f\u00f6r flickor och pojkar 15\u201316 \u00e5r samt dam- och herrjunior. F\u00f6rbundskaptenen i CX, Dennis Wahlqvist, h\u00e5ller i l\u00e4gret och ber\u00e4ttar om programmet: &#8221;Vi<a href=\"https:\/\/scf.se\/cykelcross\/missa-inte-traningslager-for-framtida-cykelcrossakare\/\" class=\"news-card__more\"> &#8230;<\/a><\/p>\n","protected":false},"author":41,"featured_media":545,"comment_status":"open","ping_status":"open","sticky":false,"template":"","format":"standard","meta":{"_acf_changed":false,"footnotes":""},"categories":[1],"tags":[],"class_list":["post-590","post","type-post","status-publish","format-standard","hentry","category-cykelcross"],"acf":[],"_links":{"self":[{"href":"https:\/\/scf.se\/cykelcross\/wp-json\/wp\/v2\/posts\/590","targetHints":{"allow":["GET"]}}],"collection":[{"href":"https:\/\/scf.se\/cykelcross\/wp-json\/wp\/v2\/posts"}],"about":[{"href":"https:\/\/scf.se\/cykelcross\/wp-json\/wp\/v2\/types\/post"}],"author":[{"embeddable":true,"href":"https:\/\/scf.se\/cykelcross\/wp-json\/wp\/v2\/users\/41"}],"replies":[{"embeddable":true,"href":"https:\/\/scf.se\/cykelcross\/wp-json\/wp\/v2\/comments?post=590"}],"version-history":[{"count":0,"href":"https:\/\/scf.se\/cykelcross\/wp-json\/wp\/v2\/posts\/590\/revisions"}],"wp:featuredmedia":[{"embeddable":true,"href":"https:\/\/scf.se\/cykelcross\/wp-json\/wp\/v2\/media\/545"}],"wp:attachment":[{"href":"https:\/\/scf.se\/cykelcross\/wp-json\/wp\/v2\/media?parent=590"}],"wp:term":[{"taxonomy":"category","embeddable":true,"href":"https:\/\/scf.se\/cykelcross\/wp-json\/wp\/v2\/categories?post=590"},{"taxonomy":"post_tag","embeddable":true,"href":"https:\/\/scf.se\/cykelcross\/wp-json\/wp\/v2\/tags?post=590"}],"curies":[{"name":"wp","href":"https:\/\/api.w.org\/{rel}","templated":true}]}}