
{"id":575,"date":"2021-10-20T09:54:57","date_gmt":"2021-10-20T07:54:57","guid":{"rendered":"http:\/\/scf.se\/cykelcross\/?p=575"},"modified":"2021-10-20T09:54:57","modified_gmt":"2021-10-20T07:54:57","slug":"cykelcross-em-i-col-du-vam-drenthe-nederlanderna-6-7-november","status":"publish","type":"post","link":"https:\/\/scf.se\/cykelcross\/cykelcross-em-i-col-du-vam-drenthe-nederlanderna-6-7-november\/","title":{"rendered":"Cykelcross EM i Col du Vam \u2013 Drenthe Nederl\u00e4nderna  6-7 november"},"content":{"rendered":"<p>8 st cyklister \u00e4r uttagna till att t\u00e4vla i EM, \u00e4r ung trupp med tv\u00e5 damjuniorer,\u00a0tre herr juniorer, tv\u00e5 U23 herrar och en herrelit.<\/p>\n<blockquote><p>\u201cV\u00e4ldigt roligt att vi har s\u00e5 m\u00e5nga unga cyklister som k\u00f6r bra, halva truppen \u00e4r f\u00f6rsta \u00e5rs juniorer som likt \u00f6vriga uttagna visat att dom kan k\u00f6ra fort. Alma har k\u00f6rt riktigt starkt b\u00e5de i Oslo och nu senast i Stockholm.\u201d &#8211; s\u00e4ger f\u00f6rbundskapten i cykelcross Dennis Wahlqvist<\/p><\/blockquote>\n<p>Den uttagna truppen \u00e4r:<\/p>\n<p>Dam junior: Alma Johansson &amp; Stina Kagevi<br \/>\nHerr junior: Alvin Dahl, Paul Grejieus &amp; Ville Merl\u00f6v<br \/>\nHerr U23: Filip M\u00e5rd &amp; Calle Kagevi<br \/>\nHerr elit: David Eriksson<\/p>\n<p>Ledare: \u00c5sa Erlandsson, Mathias Karlsson, Martin Eriksson &amp; Dennis Wahlqvist<\/p>\n<p>F\u00f6lj g\u00e4rna v\u00e5ran instagram @cxswecycling<\/p>\n<p>P\u00e5 bilden Filip M\u00e5rd och Stina Kagevi,\u00a0 Foto: Stefan Ek<\/p>\n","protected":false},"excerpt":{"rendered":"<p>8 st cyklister \u00e4r uttagna till att t\u00e4vla i EM, \u00e4r ung trupp med tv\u00e5 damjuniorer,\u00a0tre herr juniorer, tv\u00e5 U23 herrar och en herrelit. \u201cV\u00e4ldigt roligt att vi har s\u00e5 m\u00e5nga unga cyklister som k\u00f6r bra, halva truppen \u00e4r f\u00f6rsta \u00e5rs juniorer som likt \u00f6vriga uttagna visat att dom kan k\u00f6ra fort. Alma har<a href=\"https:\/\/scf.se\/cykelcross\/cykelcross-em-i-col-du-vam-drenthe-nederlanderna-6-7-november\/\" class=\"news-card__more\"> &#8230;<\/a><\/p>\n","protected":false},"author":58,"featured_media":576,"comment_status":"open","ping_status":"open","sticky":false,"template":"","format":"standard","meta":{"_acf_changed":false,"footnotes":""},"categories":[1],"tags":[],"class_list":["post-575","post","type-post","status-publish","format-standard","hentry","category-cykelcross"],"acf":[],"_links":{"self":[{"href":"https:\/\/scf.se\/cykelcross\/wp-json\/wp\/v2\/posts\/575","targetHints":{"allow":["GET"]}}],"collection":[{"href":"https:\/\/scf.se\/cykelcross\/wp-json\/wp\/v2\/posts"}],"about":[{"href":"https:\/\/scf.se\/cykelcross\/wp-json\/wp\/v2\/types\/post"}],"author":[{"embeddable":true,"href":"https:\/\/scf.se\/cykelcross\/wp-json\/wp\/v2\/users\/58"}],"replies":[{"embeddable":true,"href":"https:\/\/scf.se\/cykelcross\/wp-json\/wp\/v2\/comments?post=575"}],"version-history":[{"count":0,"href":"https:\/\/scf.se\/cykelcross\/wp-json\/wp\/v2\/posts\/575\/revisions"}],"wp:featuredmedia":[{"embeddable":true,"href":"https:\/\/scf.se\/cykelcross\/wp-json\/wp\/v2\/media\/576"}],"wp:attachment":[{"href":"https:\/\/scf.se\/cykelcross\/wp-json\/wp\/v2\/media?parent=575"}],"wp:term":[{"taxonomy":"category","embeddable":true,"href":"https:\/\/scf.se\/cykelcross\/wp-json\/wp\/v2\/categories?post=575"},{"taxonomy":"post_tag","embeddable":true,"href":"https:\/\/scf.se\/cykelcross\/wp-json\/wp\/v2\/tags?post=575"}],"curies":[{"name":"wp","href":"https:\/\/api.w.org\/{rel}","templated":true}]}}