
{"id":420,"date":"2019-08-28T10:51:43","date_gmt":"2019-08-28T08:51:43","guid":{"rendered":"http:\/\/scf.se\/cykelcross\/?p=420"},"modified":"2019-09-17T07:35:36","modified_gmt":"2019-09-17T05:35:36","slug":"hostens-tavlingsprogram-for-cykelcross-spikat","status":"publish","type":"post","link":"https:\/\/scf.se\/cykelcross\/hostens-tavlingsprogram-for-cykelcross-spikat\/","title":{"rendered":"H\u00f6stens t\u00e4vlingsprogram f\u00f6r cykelcross"},"content":{"rendered":"<p>Vi g\u00e5r nu snart mot svalare och m\u00f6rkare tider men misstr\u00f6sta inte, det betyder ocks\u00e5 att cykelcross\u00e4songen n\u00e4rmar sig.<br \/>\nGrengruppen kan efter ett gediget arbete nu presentera t\u00e4vlingsprogrammet f\u00f6r de nationella cuperna och SM-s\u00e4songen 2019-2020.<br \/>\nFyra av fem delt\u00e4vlingar r\u00e4knas in i totalen i b\u00e5da cuperna.<br \/>\nI klassen P\/F 10-12 r\u00e4knas ingen totalst\u00e4llning utan varje delt\u00e4vling ses som en enskild t\u00e4vling.<\/p>\n<p><strong>T\u00e4vlingsprogram 2019-2020<\/strong><\/p>\n<div class=\"text_exposed_show\">\n<p><strong>28 september:<\/strong>\u00a0CX pokal, Falun.<br \/>\n<strong>29 september:<\/strong>\u00a0SWE-CUP, Falun.<\/p>\n<p><strong>19 oktober:<\/strong>\u00a0SWE-CUP, UCI category 2, Stockholm.<br \/>\n<strong>20 oktober<\/strong>\u00a0SWE-CUP, UCI category 2, Stockholm.<\/p>\n<p><strong>2 november: <\/strong>CX Pokal, Uppsala.<br \/>\n<strong>3 november:<\/strong>\u00a0CX Pokal, Str\u00e4ngn\u00e4s.<\/p>\n<p><strong>16 november:<\/strong>\u00a0CX Pokal, Finsp\u00e5ng.<br \/>\n<strong>17 november:<\/strong>\u00a0SWE-CUP Finsp\u00e5ng.<\/p>\n<p><strong>7 december:<\/strong> CX Pokal Alings\u00e5s.<br \/>\n<strong>8 december:<\/strong> SWE-CUP Alings\u00e5s.<\/p>\n<p><strong>11 januari:<\/strong> SM, Varberg.<br \/>\n<strong>12 januari:<\/strong> SM, Varberg.<\/p>\n<p><strong>V\u00e4nliga h\u00e4lsningar<\/strong><br \/>\nGrengruppen cykelcross<\/p>\n<\/div>\n","protected":false},"excerpt":{"rendered":"<p>Vi g\u00e5r nu snart mot svalare och m\u00f6rkare tider men misstr\u00f6sta inte, det betyder ocks\u00e5 att cykelcross\u00e4songen n\u00e4rmar sig. Grengruppen kan efter ett gediget arbete nu presentera t\u00e4vlingsprogrammet f\u00f6r de nationella cuperna och SM-s\u00e4songen 2019-2020. Fyra av fem delt\u00e4vlingar r\u00e4knas in i totalen i b\u00e5da cuperna. I klassen P\/F 10-12 r\u00e4knas ingen totalst\u00e4llning utan<a href=\"https:\/\/scf.se\/cykelcross\/hostens-tavlingsprogram-for-cykelcross-spikat\/\" class=\"news-card__more\"> &#8230;<\/a><\/p>\n","protected":false},"author":34,"featured_media":0,"comment_status":"open","ping_status":"open","sticky":false,"template":"","format":"standard","meta":{"_acf_changed":false,"footnotes":""},"categories":[1],"tags":[],"class_list":["post-420","post","type-post","status-publish","format-standard","hentry","category-cykelcross"],"acf":[],"_links":{"self":[{"href":"https:\/\/scf.se\/cykelcross\/wp-json\/wp\/v2\/posts\/420","targetHints":{"allow":["GET"]}}],"collection":[{"href":"https:\/\/scf.se\/cykelcross\/wp-json\/wp\/v2\/posts"}],"about":[{"href":"https:\/\/scf.se\/cykelcross\/wp-json\/wp\/v2\/types\/post"}],"author":[{"embeddable":true,"href":"https:\/\/scf.se\/cykelcross\/wp-json\/wp\/v2\/users\/34"}],"replies":[{"embeddable":true,"href":"https:\/\/scf.se\/cykelcross\/wp-json\/wp\/v2\/comments?post=420"}],"version-history":[{"count":0,"href":"https:\/\/scf.se\/cykelcross\/wp-json\/wp\/v2\/posts\/420\/revisions"}],"wp:attachment":[{"href":"https:\/\/scf.se\/cykelcross\/wp-json\/wp\/v2\/media?parent=420"}],"wp:term":[{"taxonomy":"category","embeddable":true,"href":"https:\/\/scf.se\/cykelcross\/wp-json\/wp\/v2\/categories?post=420"},{"taxonomy":"post_tag","embeddable":true,"href":"https:\/\/scf.se\/cykelcross\/wp-json\/wp\/v2\/tags?post=420"}],"curies":[{"name":"wp","href":"https:\/\/api.w.org\/{rel}","templated":true}]}}