
{"id":2585,"date":"2026-02-02T18:40:48","date_gmt":"2026-02-02T17:40:48","guid":{"rendered":"https:\/\/scf.se\/cykelcross\/?p=2585"},"modified":"2026-02-05T13:54:52","modified_gmt":"2026-02-05T12:54:52","slug":"klart-cykelcross-sm-atervander-till-malmo-i-borjan-av-2027","status":"publish","type":"post","link":"https:\/\/scf.se\/cykelcross\/klart-cykelcross-sm-atervander-till-malmo-i-borjan-av-2027\/","title":{"rendered":"KLART: Cykelcross-SM \u00e5terv\u00e4nder till Malm\u00f6 i b\u00f6rjan av 2027"},"content":{"rendered":"<p data-start=\"0\" data-end=\"286\"><strong>Nu \u00e4r det klart att \u00e4ven n\u00e4sta \u00e5rs cykelcross-SM kommer att arrangeras av Malm\u00f6 Cykelcross Klubb p\u00e5 motorstadion, \u00e4ven kallad &#8221;Ovalen&#8221;. Och f\u00f6r andra \u00e5ret i rad blir det ocks\u00e5 ett vinter-SM d\u00e4r Svenska Cykelf\u00f6rbundet och arrang\u00f6rsf\u00f6reningen anpassar sig efter den helg som UCI best\u00e4mmer.<\/strong><\/p>\n<blockquote>\n<p data-start=\"288\" data-end=\"499\">\u201dCX-SM 2026 p\u00e5 Ovalen i Malm\u00f6 genomf\u00f6rdes med stor framg\u00e5ng, d\u00e4r teknisk skicklighet och uth\u00e5llighet var avg\u00f6rande faktorer f\u00f6r att st\u00e5 \u00f6verst p\u00e5 pallen\u201d, s\u00e4ger Bj\u00f6rn Stoltz, ordf\u00f6rande i Malm\u00f6 Cykelcross Klubb.<\/p>\n<p data-start=\"501\" data-end=\"686\">\u201dN\u00e4sta \u00e5r sp\u00e4nner vi b\u00e5gen ytterligare och lovar en tekniskt utmanande bana som garanterar att \u00e5terigen ska tekniskt kunnande bli utslagsgivande, dock med lite mer sk\u00e5nskt vinterv\u00e4der!\u201d<\/p>\n<\/blockquote>\n<p data-start=\"688\" data-end=\"962\">\u00c5rets SM var en tillbakag\u00e5ng till att anpassa sig till UCI:s utvalda helg f\u00f6r nationella m\u00e4sterskap. Tidigare hade Sverige v\u00e4derdispens och k\u00f6rde i november. \u00c5rets SM inneh\u00f6ll ovanligt mycket sn\u00f6 och kyla f\u00f6r att vara i Malm\u00f6, men arrang\u00f6ren bem\u00e4strade \u00e4ven de parametrarna.<\/p>\n<blockquote>\n<p data-start=\"964\" data-end=\"1368\">&#8221;Ja, gl\u00e4djande nog kan vi nu bocka av ytterligare tv\u00e5 SM-arrang\u00f6rer (l\u00e4s om downhill-SM h\u00e4r). Malm\u00f6, som nyligen arrangerade SM 2026, har dessutom uttryckt en \u00f6nskan om att f\u00e5 arrangera ytterligare ett \u00e5r. Med ett mycket lyckat arrangemang i bagaget \u00e4r det extra gl\u00e4djande att vi f\u00e5r \u00e5terv\u00e4nda till Malm\u00f6 motorstadion \u00e4nnu en g\u00e5ng&#8221;, s\u00e4ger Jonas Haglund, som \u00e4r t\u00e4vlingsansvarig p\u00e5 Svenska Cykelf\u00f6rbundet.<\/p>\n<\/blockquote>\n<p data-start=\"1370\" data-end=\"1492\">Exakt helg f\u00f6r 2027 \u00e5rs CX-SM \u00e4r inte spikad \u00e4nnu. UCI brukar se till att m\u00e4sterskapet hamnar runt andra helgen i januari.<\/p>\n<p><em>Text och foto: SCF<\/em><\/p>\n","protected":false},"excerpt":{"rendered":"<p>Nu \u00e4r det klart att \u00e4ven n\u00e4sta \u00e5rs cykelcross-SM kommer att arrangeras av Malm\u00f6 Cykelcross Klubb p\u00e5 motorstadion, \u00e4ven kallad &#8221;Ovalen&#8221;. Och f\u00f6r andra \u00e5ret i rad blir det ocks\u00e5 ett vinter-SM d\u00e4r Svenska Cykelf\u00f6rbundet och arrang\u00f6rsf\u00f6reningen anpassar sig efter den helg som UCI best\u00e4mmer. \u201dCX-SM 2026 p\u00e5 Ovalen i Malm\u00f6 genomf\u00f6rdes med stor<a href=\"https:\/\/scf.se\/cykelcross\/klart-cykelcross-sm-atervander-till-malmo-i-borjan-av-2027\/\" class=\"news-card__more\"> &#8230;<\/a><\/p>\n","protected":false},"author":41,"featured_media":2462,"comment_status":"open","ping_status":"open","sticky":true,"template":"","format":"standard","meta":{"_acf_changed":false,"footnotes":""},"categories":[1],"tags":[],"class_list":["post-2585","post","type-post","status-publish","format-standard","hentry","category-cykelcross"],"acf":[],"_links":{"self":[{"href":"https:\/\/scf.se\/cykelcross\/wp-json\/wp\/v2\/posts\/2585","targetHints":{"allow":["GET"]}}],"collection":[{"href":"https:\/\/scf.se\/cykelcross\/wp-json\/wp\/v2\/posts"}],"about":[{"href":"https:\/\/scf.se\/cykelcross\/wp-json\/wp\/v2\/types\/post"}],"author":[{"embeddable":true,"href":"https:\/\/scf.se\/cykelcross\/wp-json\/wp\/v2\/users\/41"}],"replies":[{"embeddable":true,"href":"https:\/\/scf.se\/cykelcross\/wp-json\/wp\/v2\/comments?post=2585"}],"version-history":[{"count":4,"href":"https:\/\/scf.se\/cykelcross\/wp-json\/wp\/v2\/posts\/2585\/revisions"}],"predecessor-version":[{"id":2589,"href":"https:\/\/scf.se\/cykelcross\/wp-json\/wp\/v2\/posts\/2585\/revisions\/2589"}],"wp:featuredmedia":[{"embeddable":true,"href":"https:\/\/scf.se\/cykelcross\/wp-json\/wp\/v2\/media\/2462"}],"wp:attachment":[{"href":"https:\/\/scf.se\/cykelcross\/wp-json\/wp\/v2\/media?parent=2585"}],"wp:term":[{"taxonomy":"category","embeddable":true,"href":"https:\/\/scf.se\/cykelcross\/wp-json\/wp\/v2\/categories?post=2585"},{"taxonomy":"post_tag","embeddable":true,"href":"https:\/\/scf.se\/cykelcross\/wp-json\/wp\/v2\/tags?post=2585"}],"curies":[{"name":"wp","href":"https:\/\/api.w.org\/{rel}","templated":true}]}}