
{"id":2216,"date":"2025-10-28T14:36:07","date_gmt":"2025-10-28T13:36:07","guid":{"rendered":"https:\/\/scf.se\/cykelcross\/?p=2216"},"modified":"2025-10-29T10:17:22","modified_gmt":"2025-10-29T09:17:22","slug":"tre-damer-och-tre-herrar-kor-cx-em-i-belgiska-middelkerke","status":"publish","type":"post","link":"https:\/\/scf.se\/cykelcross\/tre-damer-och-tre-herrar-kor-cx-em-i-belgiska-middelkerke\/","title":{"rendered":"Tre svenska herrar och tre damer k\u00f6r CX-EM i belgiska Middelkerke"},"content":{"rendered":"<p><strong>Nu har David Eriksson tagit ut sin f\u00f6rsta EM-trupp\u00a0 som f\u00f6rbundskapten f\u00f6r CX-landslaget. Det kommer garanterat att bli stora erfarenheter f\u00f6r de\u00a0 tre damcyklister och lika m\u00e5nga herrar som \u00e4r uttagna. EM i cykelcross g\u00e5r n\u00e4mligen i Belgien i \u00e5r, n\u00e4rmare best\u00e4mt i Middelkerke.<\/strong><\/p>\n<a href=\"https:\/\/scf.se\/cykelcross\/wp-content\/uploads\/sites\/4\/2025\/10\/DSC01141.jpg\"><img loading=\"lazy\" decoding=\"async\" class=\"alignnone size-full wp-image-2138\" src=\"https:\/\/scf.se\/cykelcross\/wp-content\/uploads\/sites\/4\/2025\/10\/DSC01141.jpg\" alt=\"\" width=\"1024\" height=\"1533\" srcset=\"https:\/\/scf.se\/cykelcross\/wp-content\/uploads\/sites\/4\/2025\/10\/DSC01141.jpg 1024w, https:\/\/scf.se\/cykelcross\/wp-content\/uploads\/sites\/4\/2025\/10\/DSC01141-200x300.jpg 200w, https:\/\/scf.se\/cykelcross\/wp-content\/uploads\/sites\/4\/2025\/10\/DSC01141-684x1024.jpg 684w, https:\/\/scf.se\/cykelcross\/wp-content\/uploads\/sites\/4\/2025\/10\/DSC01141-768x1150.jpg 768w\" sizes=\"auto, (max-width: 1024px) 100vw, 1024px\" \/><\/a>\n<h2><a href=\"https:\/\/scf.se\/cykelcross\/wp-content\/uploads\/sites\/4\/2025\/10\/DSC01167.jpg\"><img loading=\"lazy\" decoding=\"async\" class=\"alignnone size-full wp-image-2132\" src=\"https:\/\/scf.se\/cykelcross\/wp-content\/uploads\/sites\/4\/2025\/10\/DSC01167.jpg\" alt=\"\" width=\"1024\" height=\"1533\" srcset=\"https:\/\/scf.se\/cykelcross\/wp-content\/uploads\/sites\/4\/2025\/10\/DSC01167.jpg 1024w, https:\/\/scf.se\/cykelcross\/wp-content\/uploads\/sites\/4\/2025\/10\/DSC01167-200x300.jpg 200w, https:\/\/scf.se\/cykelcross\/wp-content\/uploads\/sites\/4\/2025\/10\/DSC01167-684x1024.jpg 684w, https:\/\/scf.se\/cykelcross\/wp-content\/uploads\/sites\/4\/2025\/10\/DSC01167-768x1150.jpg 768w\" sizes=\"auto, (max-width: 1024px) 100vw, 1024px\" \/><\/a><\/h2>\n<h2>H\u00e4r \u00e4r Sveriges EM-trupp i cykelcross<\/h2>\n<ul>\n<li><strong>Herrar elit:<\/strong> David Risberg, Team Norra\/ \u00d6rebrocyklisterna<\/li>\n<li><strong>Damer U23:<\/strong> Thea Persson, Kv\u00e4nums IF<\/li>\n<li><strong>Herrar U23<\/strong>: Paul Greijus, Bauhaus Sportklubb<\/li>\n<li><strong>Damjunior:<\/strong> Greta Andersson, Elsa Elf Boberg, b\u00e5da Falu CK.<\/li>\n<li><strong>Herrjunior:<\/strong> Melvin P\u00e5lsson Gustafsson, Bauhaus Sportklubb<\/li>\n<\/ul>\n<a href=\"https:\/\/scf.se\/cykelcross\/wp-content\/uploads\/sites\/4\/2025\/10\/7c9b7641-4647-4007-981e-e4a2faae4f24.jpg\"><img loading=\"lazy\" decoding=\"async\" class=\"alignnone size-full wp-image-2203\" src=\"https:\/\/scf.se\/cykelcross\/wp-content\/uploads\/sites\/4\/2025\/10\/7c9b7641-4647-4007-981e-e4a2faae4f24.jpg\" alt=\"\" width=\"1211\" height=\"1163\" srcset=\"https:\/\/scf.se\/cykelcross\/wp-content\/uploads\/sites\/4\/2025\/10\/7c9b7641-4647-4007-981e-e4a2faae4f24.jpg 1211w, https:\/\/scf.se\/cykelcross\/wp-content\/uploads\/sites\/4\/2025\/10\/7c9b7641-4647-4007-981e-e4a2faae4f24-300x288.jpg 300w, https:\/\/scf.se\/cykelcross\/wp-content\/uploads\/sites\/4\/2025\/10\/7c9b7641-4647-4007-981e-e4a2faae4f24-1024x983.jpg 1024w, https:\/\/scf.se\/cykelcross\/wp-content\/uploads\/sites\/4\/2025\/10\/7c9b7641-4647-4007-981e-e4a2faae4f24-768x738.jpg 768w\" sizes=\"auto, (max-width: 1211px) 100vw, 1211px\" \/><\/a>\n<blockquote><p>&#8221;Laget \u00e4r ett relativt ungt g\u00e4ng som visat p\u00e5 bra resultat p\u00e5 de svenska UCI-t\u00e4vlingarna som g\u00e5tt i T\u00e4by och Varberg. Vi hoppas att de kan visa god form och f\u00e5 m\u00e5nga l\u00e4rdomar i Middelkerke, p\u00e5 de tuffa banorna de har d\u00e4r mot det b\u00e4sta motst\u00e5ndet i Europa&#8221;, s\u00e4ger f\u00f6rbundskaptenen David Eriksson.<\/p><\/blockquote>\n<p>Det \u00e4r en plats d\u00e4r cyclocross \u00e4r som st\u00f6rst, s\u00e5 det kommer helt klart bli en stark upplevelse. H\u00e4r \u00e4r ett klipp fr\u00e5n f\u00f6rra \u00e5rets Superprestiget\u00e4vling i den belgiska CX-orten.<\/p>\n<p><div class=\"video-wrapper\"><iframe loading=\"lazy\" title=\"SEASON CONCLUSION \ud83d\ude2e\u200d\ud83d\udca8 | 2025 Superprestige Middelkerke Noordzeecross Men&#039;s Highlights\" width=\"500\" height=\"281\" src=\"https:\/\/www.youtube.com\/embed\/GJRcGN-c8LI?feature=oembed\" frameborder=\"0\" allow=\"accelerometer; autoplay; clipboard-write; encrypted-media; gyroscope; picture-in-picture; web-share\" referrerpolicy=\"strict-origin-when-cross-origin\" allowfullscreen><\/iframe><\/div><\/p>\n<h2 data-start=\"122\" data-end=\"164\"><strong data-start=\"122\" data-end=\"162\">S\u00e5 k\u00f6r svenskarna EM i cykelcross 2025\u00a0<\/strong><\/h2>\n<p data-start=\"142\" data-end=\"260\"><strong data-start=\"142\" data-end=\"163\">L\u00f6rdag 8 november<\/strong><\/p>\n<ul>\n<li data-start=\"142\" data-end=\"260\"><strong>11.00:<\/strong> Damjunior, 40 minuter. Svenska cyklister: Greta Andersson, Elsa Elf Boberg.<\/li>\n<li data-start=\"142\" data-end=\"260\"><strong>13.00<\/strong>: Herrar U23, 50 minuter. Svensk cyklist: Paul Greijus.<\/li>\n<\/ul>\n<p data-start=\"262\" data-end=\"381\"><strong data-start=\"262\" data-end=\"283\">S\u00f6ndag 9 november<\/strong><\/p>\n<ul>\n<li data-start=\"262\" data-end=\"381\"><strong>11.00:<\/strong> Herrjunior, 40 minuter. Svensk cyklist: Melvin P\u00e5lsson Gustafsson.<\/li>\n<li data-start=\"262\" data-end=\"381\"><strong>13.00:<\/strong> Damer U23, 45 minuter. Svensk cyklist: Thea Persson.<\/li>\n<li data-start=\"262\" data-end=\"381\"><strong>15.00<\/strong>: Herrar elit, 60 minuter. Svensk cyklist: David Risberg.<\/li>\n<\/ul>\n<h3><a href=\"https:\/\/www.uec.ch\/en\/event\/262\/2025-uec-cyclo-cross-jun-u23-el-european-championships\"><em>F\u00f6lj <\/em><\/a><a href=\"https:\/\/www.uec.ch\/en\/event\/262\/2025-uec-cyclo-cross-jun-u23-el-european-championships\"><em>CX-EM 2025 <\/em><\/a><a style=\"font-size: 16px\" href=\"https:\/\/www.uec.ch\/en\/event\/262\/2025-uec-cyclo-cross-jun-u23-el-european-championships\"><em>med mer information och liveresultat h\u00e4r!<\/em><\/a><\/h3>\n<p><em>Text: SCF<br \/>\nFoto: Ville Merl\u00f6v, Stefan Ek x2 och privat<\/em><\/p>\n","protected":false},"excerpt":{"rendered":"<p>Nu har David Eriksson tagit ut sin f\u00f6rsta EM-trupp\u00a0 som f\u00f6rbundskapten f\u00f6r CX-landslaget. Det kommer garanterat att bli stora erfarenheter f\u00f6r de\u00a0 tre damcyklister och lika m\u00e5nga herrar som \u00e4r uttagna. EM i cykelcross g\u00e5r n\u00e4mligen i Belgien i \u00e5r, n\u00e4rmare best\u00e4mt i Middelkerke. H\u00e4r \u00e4r Sveriges EM-trupp i cykelcross Herrar elit: David Risberg,<a href=\"https:\/\/scf.se\/cykelcross\/tre-damer-och-tre-herrar-kor-cx-em-i-belgiska-middelkerke\/\" class=\"news-card__more\"> &#8230;<\/a><\/p>\n","protected":false},"author":41,"featured_media":2209,"comment_status":"open","ping_status":"open","sticky":true,"template":"","format":"standard","meta":{"_acf_changed":false,"footnotes":""},"categories":[1],"tags":[],"class_list":["post-2216","post","type-post","status-publish","format-standard","hentry","category-cykelcross"],"acf":[],"_links":{"self":[{"href":"https:\/\/scf.se\/cykelcross\/wp-json\/wp\/v2\/posts\/2216","targetHints":{"allow":["GET"]}}],"collection":[{"href":"https:\/\/scf.se\/cykelcross\/wp-json\/wp\/v2\/posts"}],"about":[{"href":"https:\/\/scf.se\/cykelcross\/wp-json\/wp\/v2\/types\/post"}],"author":[{"embeddable":true,"href":"https:\/\/scf.se\/cykelcross\/wp-json\/wp\/v2\/users\/41"}],"replies":[{"embeddable":true,"href":"https:\/\/scf.se\/cykelcross\/wp-json\/wp\/v2\/comments?post=2216"}],"version-history":[{"count":12,"href":"https:\/\/scf.se\/cykelcross\/wp-json\/wp\/v2\/posts\/2216\/revisions"}],"predecessor-version":[{"id":2230,"href":"https:\/\/scf.se\/cykelcross\/wp-json\/wp\/v2\/posts\/2216\/revisions\/2230"}],"wp:featuredmedia":[{"embeddable":true,"href":"https:\/\/scf.se\/cykelcross\/wp-json\/wp\/v2\/media\/2209"}],"wp:attachment":[{"href":"https:\/\/scf.se\/cykelcross\/wp-json\/wp\/v2\/media?parent=2216"}],"wp:term":[{"taxonomy":"category","embeddable":true,"href":"https:\/\/scf.se\/cykelcross\/wp-json\/wp\/v2\/categories?post=2216"},{"taxonomy":"post_tag","embeddable":true,"href":"https:\/\/scf.se\/cykelcross\/wp-json\/wp\/v2\/tags?post=2216"}],"curies":[{"name":"wp","href":"https:\/\/api.w.org\/{rel}","templated":true}]}}