
{"id":2156,"date":"2025-10-17T10:59:10","date_gmt":"2025-10-17T08:59:10","guid":{"rendered":"https:\/\/scf.se\/cykelcross\/?p=2156"},"modified":"2025-10-20T14:09:51","modified_gmt":"2025-10-20T12:09:51","slug":"hog-internationell-niva-pa-vacker-uci-tavling-och-swe-cup-i-varberg","status":"publish","type":"post","link":"https:\/\/scf.se\/cykelcross\/hog-internationell-niva-pa-vacker-uci-tavling-och-swe-cup-i-varberg\/","title":{"rendered":"H\u00f6g internationell niv\u00e5 p\u00e5 vacker UCI-t\u00e4vling och SWE Cup i Varberg"},"content":{"rendered":"<p><strong>I helgen 18\u201319 oktober \u00e4r det \u00e5ter dags f\u00f6r den s\u00e5 vackra Varbergs Cyclocross, som b\u00e5de \u00e4r UCI-t\u00e4vling som ger internationella rankingpo\u00e4ng i junior och seniorelit samt SWE Cup #3 och #4. I startf\u00e4ltet finns elit- och juniorcyklister fr\u00e5n de ledande cykelcrossnationerna Belgien, Nederl\u00e4nderna, Storbritannien, Tyskland och Frankrike \u2013 varav flera \u00e4r rej\u00e4lt formstarka s\u00e5 h\u00e4r tidigt p\u00e5 CX-s\u00e4songen. D\u00e4rmed f\u00e5r v\u00e5ra svenskar samt\u00a0 cyklister fr\u00e5n \u00f6vriga Norden och Baltikum j\u00e4ttebra sparring.<\/strong><\/p>\n<a href=\"https:\/\/scf.se\/cykelcross\/wp-content\/uploads\/sites\/4\/2024\/10\/CXsondag3.jpg\"><img loading=\"lazy\" decoding=\"async\" class=\"alignnone size-full wp-image-1672\" src=\"https:\/\/scf.se\/cykelcross\/wp-content\/uploads\/sites\/4\/2024\/10\/CXsondag3.jpg\" alt=\"\" width=\"1170\" height=\"1125\" srcset=\"https:\/\/scf.se\/cykelcross\/wp-content\/uploads\/sites\/4\/2024\/10\/CXsondag3.jpg 1170w, https:\/\/scf.se\/cykelcross\/wp-content\/uploads\/sites\/4\/2024\/10\/CXsondag3-300x288.jpg 300w, https:\/\/scf.se\/cykelcross\/wp-content\/uploads\/sites\/4\/2024\/10\/CXsondag3-1024x985.jpg 1024w, https:\/\/scf.se\/cykelcross\/wp-content\/uploads\/sites\/4\/2024\/10\/CXsondag3-768x738.jpg 768w\" sizes=\"auto, (max-width: 1170px) 100vw, 1170px\" \/><\/a>\n<a href=\"https:\/\/scf.se\/cykelcross\/wp-content\/uploads\/sites\/4\/2024\/10\/CX-lordagenb7.jpg\"><img loading=\"lazy\" decoding=\"async\" class=\"alignnone size-full wp-image-1681\" src=\"https:\/\/scf.se\/cykelcross\/wp-content\/uploads\/sites\/4\/2024\/10\/CX-lordagenb7.jpg\" alt=\"\" width=\"960\" height=\"1280\" srcset=\"https:\/\/scf.se\/cykelcross\/wp-content\/uploads\/sites\/4\/2024\/10\/CX-lordagenb7.jpg 960w, https:\/\/scf.se\/cykelcross\/wp-content\/uploads\/sites\/4\/2024\/10\/CX-lordagenb7-225x300.jpg 225w, https:\/\/scf.se\/cykelcross\/wp-content\/uploads\/sites\/4\/2024\/10\/CX-lordagenb7-768x1024.jpg 768w\" sizes=\"auto, (max-width: 960px) 100vw, 960px\" \/><\/a>\n<p>Banan \u00e4r en av de mest uppskattade p\u00e5 den internationella touren, med skr\u00e5k\u00f6rning runt slottet, tekniskt strandparti i sanden och den uppskattade \u201dErlandsbacke\u201d i det gamla stenbrottet. I \u00e5r blir dessutom backen \u00e4nnu mer utmanande!<\/p>\n<a href=\"https:\/\/scf.se\/cykelcross\/wp-content\/uploads\/sites\/4\/2025\/10\/54850301953_a450d904b1_b.jpg\"><img loading=\"lazy\" decoding=\"async\" class=\"alignnone size-full wp-image-2169\" src=\"https:\/\/scf.se\/cykelcross\/wp-content\/uploads\/sites\/4\/2025\/10\/54850301953_a450d904b1_b.jpg\" alt=\"\" width=\"687\" height=\"1023\" srcset=\"https:\/\/scf.se\/cykelcross\/wp-content\/uploads\/sites\/4\/2025\/10\/54850301953_a450d904b1_b.jpg 687w, https:\/\/scf.se\/cykelcross\/wp-content\/uploads\/sites\/4\/2025\/10\/54850301953_a450d904b1_b-201x300.jpg 201w\" sizes=\"auto, (max-width: 687px) 100vw, 687px\" \/><\/a>\n<p>I damer elit \u00e4r brittiska m\u00e4starinnan Xan Crees lite av favorit efter f\u00f6rra helgens tv\u00e5 andraplatser p\u00e5 T\u00e4by Park. Hon utmanas av f\u00f6rra danska m\u00e4starinna Ann-Dorthe Lisbygd och den lovande unga\u00a0 Mille Foldager Nielsen, \u00f6sterrikiska U23 m\u00e4starinnan Nora Fischer, fransyskan Ad\u00e8le Hurteloup som inlett s\u00e4songen starkt, tyskan Kaija Budde som jagar s\u00e4songens f\u00f6rsta pallplats efter att i de tre senaste t\u00e4vlingar varit n\u00e4ra. Dessutom g\u00f6r polskan Rozalia Dutczak en intressant start. 2023 vare hon tv\u00e5a h\u00e4r i juniorklassen.<\/p>\n<a href=\"https:\/\/scf.se\/cykelcross\/wp-content\/uploads\/sites\/4\/2025\/10\/54850299248_a4d3599262_b.jpg\"><img loading=\"lazy\" decoding=\"async\" class=\"alignnone size-full wp-image-2170\" src=\"https:\/\/scf.se\/cykelcross\/wp-content\/uploads\/sites\/4\/2025\/10\/54850299248_a4d3599262_b.jpg\" alt=\"\" width=\"687\" height=\"1023\" srcset=\"https:\/\/scf.se\/cykelcross\/wp-content\/uploads\/sites\/4\/2025\/10\/54850299248_a4d3599262_b.jpg 687w, https:\/\/scf.se\/cykelcross\/wp-content\/uploads\/sites\/4\/2025\/10\/54850299248_a4d3599262_b-201x300.jpg 201w\" sizes=\"auto, (max-width: 687px) 100vw, 687px\" \/><\/a>\n<p>Vi har fem svenskor i startf\u00e4ltet. 18-\u00e5riga Thea Persson k\u00f6rde grymt bra f\u00f6rra helgen och tog karri\u00e4rens f\u00f6rsta UCI-po\u00e4ng i elitklass! Svenska juniorm\u00e4starinnan i landsv\u00e4g, Alva Felldin \u00a0och de starka unga MTB-\u00e5karna Clara Widell och Saga Elf Boberg utmanar CX-specialisten. Hemmahoppet \u00c5sa Erlandsson och Staffanstorps Anna Persson har en bra MTB-s\u00e4song bakom sig och g\u00f6r ofta starka CX-resultat.<\/p>\n<p>Herrar elit \u00e4r ett riktigt getingbo. Belgaren Cl\u00e9ment Horny har inlett s\u00e4songen urstarkt. Han har setts ladda upp genom att cykla de vackra grusv\u00e4gar som Varberg erbjuder. Han utmanas av landsmannen Stan Van Grieken som kom trea i helgen. Vi har hela sex danskar till start d\u00e4r meriterade Daniel Weis Nielsen, Bailey Justin Groenendaal och Jonas Posselt Gamborg kan utmana om pallplatserna.<\/p>\n<a href=\"https:\/\/scf.se\/cykelcross\/wp-content\/uploads\/sites\/4\/2025\/10\/54850353375_ea96971188_b.jpg\"><img loading=\"lazy\" decoding=\"async\" class=\"alignnone size-full wp-image-2171\" src=\"https:\/\/scf.se\/cykelcross\/wp-content\/uploads\/sites\/4\/2025\/10\/54850353375_ea96971188_b.jpg\" alt=\"\" width=\"687\" height=\"1023\" srcset=\"https:\/\/scf.se\/cykelcross\/wp-content\/uploads\/sites\/4\/2025\/10\/54850353375_ea96971188_b.jpg 687w, https:\/\/scf.se\/cykelcross\/wp-content\/uploads\/sites\/4\/2025\/10\/54850353375_ea96971188_b-201x300.jpg 201w\" sizes=\"auto, (max-width: 687px) 100vw, 687px\" \/><\/a>\n<p>Nederl\u00e4ndaren Max Rijvers kom femma h\u00e4r i fjol och de fyra tyskarna ledda av Max Oertzen och Lukas Herrmann \u00e4r ocks\u00e5 pallkandidater. Av de tv\u00e5 norrm\u00e4nnen k\u00f6rde Kevin Andre Sandli Messel starkas i helgen och \u00e4ven britten Dan Clark k\u00f6rde bra. De f\u00f6rra svenska m\u00e4starna i CX, David Risberg och Paul Greijus, k\u00f6rde riktigt bra i helgen och kan\u00a0 utmana om en pallplats med ett perfekt lopp. De jagas av ytterligare \u00e5tta hungriga svenskar ledda av Vilmer Ekman, Dexter Kock, Vilmar Aastrup och Anton Karlsson.<\/p>\n<p>\u00c4ven i juniorklasserna \u00e4r starkt internationellt deltagande. Fr\u00e4mst att bevaka bland herrjuniorerna \u00e4r f\u00f6rra helgens vinnare Sebastian Suppi (Estland) och dansken Villads Nyegaard. De utmanas av \u00e5tta svenskar ledda av f\u00f6rra veckans tv\u00e5a Melvin P\u00e5lsson Gustafsson och Oscar Lorentsson. S\u00e5 h\u00e4r s\u00e5g det ut fr\u00e5n Christian Thells kamera:<\/p>\n<a href=\"https:\/\/scf.se\/cykelcross\/wp-content\/uploads\/sites\/4\/2025\/10\/54850047746_180541367f_b.jpg\"><img loading=\"lazy\" decoding=\"async\" class=\"alignnone size-full wp-image-2167\" src=\"https:\/\/scf.se\/cykelcross\/wp-content\/uploads\/sites\/4\/2025\/10\/54850047746_180541367f_b.jpg\" alt=\"\" width=\"1023\" height=\"687\" srcset=\"https:\/\/scf.se\/cykelcross\/wp-content\/uploads\/sites\/4\/2025\/10\/54850047746_180541367f_b.jpg 1023w, https:\/\/scf.se\/cykelcross\/wp-content\/uploads\/sites\/4\/2025\/10\/54850047746_180541367f_b-300x201.jpg 300w, https:\/\/scf.se\/cykelcross\/wp-content\/uploads\/sites\/4\/2025\/10\/54850047746_180541367f_b-768x516.jpg 768w\" sizes=\"auto, (max-width: 1023px) 100vw, 1023px\" \/><\/a>\n<a href=\"https:\/\/scf.se\/cykelcross\/wp-content\/uploads\/sites\/4\/2025\/10\/54850286584_dd2c306f90_b.jpg\"><img loading=\"lazy\" decoding=\"async\" class=\"alignnone size-full wp-image-2166\" src=\"https:\/\/scf.se\/cykelcross\/wp-content\/uploads\/sites\/4\/2025\/10\/54850286584_dd2c306f90_b.jpg\" alt=\"\" width=\"1023\" height=\"687\" srcset=\"https:\/\/scf.se\/cykelcross\/wp-content\/uploads\/sites\/4\/2025\/10\/54850286584_dd2c306f90_b.jpg 1023w, https:\/\/scf.se\/cykelcross\/wp-content\/uploads\/sites\/4\/2025\/10\/54850286584_dd2c306f90_b-300x201.jpg 300w, https:\/\/scf.se\/cykelcross\/wp-content\/uploads\/sites\/4\/2025\/10\/54850286584_dd2c306f90_b-768x516.jpg 768w\" sizes=\"auto, (max-width: 1023px) 100vw, 1023px\" \/><\/a>\n<a href=\"https:\/\/scf.se\/cykelcross\/wp-content\/uploads\/sites\/4\/2025\/10\/54850354255_2fbd3a7c05_b.jpg\"><img loading=\"lazy\" decoding=\"async\" class=\"alignnone size-full wp-image-2168\" src=\"https:\/\/scf.se\/cykelcross\/wp-content\/uploads\/sites\/4\/2025\/10\/54850354255_2fbd3a7c05_b.jpg\" alt=\"\" width=\"687\" height=\"1023\" srcset=\"https:\/\/scf.se\/cykelcross\/wp-content\/uploads\/sites\/4\/2025\/10\/54850354255_2fbd3a7c05_b.jpg 687w, https:\/\/scf.se\/cykelcross\/wp-content\/uploads\/sites\/4\/2025\/10\/54850354255_2fbd3a7c05_b-201x300.jpg 201w\" sizes=\"auto, (max-width: 687px) 100vw, 687px\" \/><\/a>\n<p>I damjuniorer \u00e4r det svenskt bland favoriterna i form av Greta Andersson som vann dubbelt i helgen. Hon utmanas av dubbla tv\u00e5an fr\u00e5n helgen, belgiskan Melanie Lemmens och estniskan Loore Lemloch och Elsa Elf Boberg. Dessutom \u00e4r tyskan och lillasyster Budde Med ytterligare \u00e5kare fr\u00e5n Sverige, Ungern och Frankrike kommer det bli supersp\u00e4nnande UCI-t\u00e4vlingar i Varberg.<\/p>\n<a href=\"https:\/\/scf.se\/cykelcross\/wp-content\/uploads\/sites\/4\/2025\/10\/54850020143_02d6a1775b_b.jpg\"><img loading=\"lazy\" decoding=\"async\" class=\"alignnone size-full wp-image-2174\" src=\"https:\/\/scf.se\/cykelcross\/wp-content\/uploads\/sites\/4\/2025\/10\/54850020143_02d6a1775b_b.jpg\" alt=\"\" width=\"1023\" height=\"687\" srcset=\"https:\/\/scf.se\/cykelcross\/wp-content\/uploads\/sites\/4\/2025\/10\/54850020143_02d6a1775b_b.jpg 1023w, https:\/\/scf.se\/cykelcross\/wp-content\/uploads\/sites\/4\/2025\/10\/54850020143_02d6a1775b_b-300x201.jpg 300w, https:\/\/scf.se\/cykelcross\/wp-content\/uploads\/sites\/4\/2025\/10\/54850020143_02d6a1775b_b-768x516.jpg 768w\" sizes=\"auto, (max-width: 1023px) 100vw, 1023px\" \/><\/a>\n<a href=\"https:\/\/scf.se\/cykelcross\/wp-content\/uploads\/sites\/4\/2025\/10\/54848903497_398a9b4f2d_b.jpg\"><img loading=\"lazy\" decoding=\"async\" class=\"alignnone size-full wp-image-2175\" src=\"https:\/\/scf.se\/cykelcross\/wp-content\/uploads\/sites\/4\/2025\/10\/54848903497_398a9b4f2d_b.jpg\" alt=\"\" width=\"1023\" height=\"687\" srcset=\"https:\/\/scf.se\/cykelcross\/wp-content\/uploads\/sites\/4\/2025\/10\/54848903497_398a9b4f2d_b.jpg 1023w, https:\/\/scf.se\/cykelcross\/wp-content\/uploads\/sites\/4\/2025\/10\/54848903497_398a9b4f2d_b-300x201.jpg 300w, https:\/\/scf.se\/cykelcross\/wp-content\/uploads\/sites\/4\/2025\/10\/54848903497_398a9b4f2d_b-768x516.jpg 768w\" sizes=\"auto, (max-width: 1023px) 100vw, 1023px\" \/><\/a>\n<p>V\u00e4derprognoserna pekar p\u00e5 sol och n\u00e4ra tio plusgrader i helgen, s\u00e5 det blir riktigt fina f\u00f6rh\u00e5llanden f\u00f6r publiken \u00e4ven om riktigt CX-v\u00e4der \u00e4r bl\u00f6tare. Natten till l\u00f6rdag kan i och f\u00f6r sig inneh\u00e5lla n\u00e5gra minusgrader, vilket givetvis p\u00e5verkar underlaget p\u00e5 f\u00f6rmiddagen i s\u00e5 fall.<\/p>\n<p>Peter Larsson, t\u00e4vlingsledare f\u00f6r Varberg Cyclocross ser fram emot helgen:<\/p>\n<blockquote><p>\u201cVi \u00e4r otroligt stolta \u00f6ver att \u00e5ter v\u00e4lkomna b\u00e5de internationell elit och v\u00e5ra svenska toppcyklister till Varberg. Det \u00e4r fantastiskt att se hur v\u00e5r bana \u00e5r efter \u00e5r lockar n\u00e5gra av de b\u00e4sta \u00e5karna i v\u00e4rlden. Dessutom bjuder vi p\u00e5 nya utmaningar i Erlandsbacke. Publiken kan se fram emot intensiv racing, dramatik i sanden och klassisk crosst\u00e4mning runt f\u00e4stningen.\u201d<\/p><\/blockquote>\n<p>Varberg Cyclocross har \u00e4ven adderat ett samh\u00e4llsengagemang i sitt arrangemang.<\/p>\n<blockquote><p>&#8221;I \u00e5r \u00e4r Varberg Cyclocross i samarbete med FN:s hj\u00e4lporganisation UN World Food Programme och st\u00f6djer deras viktiga och h\u00f6gst aktuella arbete f\u00f6r en v\u00e4rld utan hunger&#8221;, s\u00e4ger Peter Larsson.<\/p><\/blockquote>\n<p>Han h\u00e4lsar till sist all media v\u00e4lkommen att bevaka Varberg Cyclocross \u2013 h\u00f6sten n\u00e4r den \u00e4r som b\u00e4st.<\/p>\n<ul>\n<li><strong>Kontakt media:<\/strong> <strong>Peter Larsson, Varberg Cyclocross: +46 730 66 67 61,<\/strong> <em><strong><a href=\"mailto:peter.larsson@cancano.se\">peter.larsson@cancano.se<\/a><\/strong><\/em><\/li>\n<li><a href=\"https:\/\/www.sportstiming.se\/event\/16826\"><em><strong>L\u00e4s mer och registrera efteranm\u00e4lan \u00e4nda till 18 oktober klockan 09.00.<\/strong><\/em><\/a><\/li>\n<li><a href=\"https:\/\/scf.se\/cykelcross\/hog-klass-pa-uci-lopp-och-swe-cup-i-taby-med-flera-juniorer-pa-podiet\/\"><em><strong>S\u00e5 gick det under premi\u00e4rhelgen i T\u00e4by: H\u00f6g klass p\u00e5 UCI-lopp och SWE Cup i T\u00e4by \u2013 med flera juniorer p\u00e5 podiet.<\/strong><\/em><\/a><\/li>\n<\/ul>\n<h2>SWE Cup och SM i CX 2025<\/h2>\n<ul>\n<li><strong>T\u00e4by<\/strong> <strong>11\u201312 oktober:<\/strong> SWE Cup #1 och #2 (\u00e4ven UCI-status f\u00f6r junior och seniorelit).<br \/>\n<a href=\"https:\/\/www.sportstiming.se\/event\/16682\/results\"><em><strong>Resultat dag 1, SWE Cup #1.<\/strong><\/em><\/a><br \/>\n<a href=\"https:\/\/www.sportstiming.se\/event\/16683\/results\"><em><strong>Resultat dag 2, SWE Cup #2.<\/strong><\/em><\/a><\/li>\n<li><strong>Varberg<\/strong> <strong>18\u201319 oktober:<\/strong> SWE Cup #3 och #4 (\u00e4ven UCI-status f\u00f6r junior och seniorelit).<br \/>\n<a href=\"https:\/\/www.sportstiming.se\/event\/16826\"><em><strong>Mera info dag 1, SWE Cup #3.<\/strong><\/em><\/a><br \/>\n<a href=\"https:\/\/www.sportstiming.se\/event\/16827\"><em><strong>Mera info dag 2, SWE Cup #4.<\/strong><\/em><\/a><\/li>\n<li><strong>Malm\u00f6<\/strong> <strong>15\u201316 november:<\/strong> SWE Cup #5 och #6 (nationell t\u00e4vling och SM-genrep).<br \/>\n<em><strong><a href=\"https:\/\/www.sportstiming.se\/event\/16837\">Anm\u00e4lan och mera info dag 1, SWE Cup #5.<\/a><br \/>\n<a href=\"https:\/\/www.sportstiming.se\/event\/16838\">Anm\u00e4lan och mera info dag 2, SWE Cup #6.<\/a><br \/>\n<\/strong><\/em><\/li>\n<li><strong>Malm\u00f6<\/strong> <strong>10\u201311 januari:<\/strong> Svenska M\u00e4sterskapen i cykelcross .<\/li>\n<\/ul>\n<p><em>Text: Pressmeddelande och SCF<br \/>\nFoto: Jerker Moodysson (fr\u00e5n f\u00f6rra \u00e5rets t\u00e4vling i Varberg), Christian Thell (fr\u00e5n f\u00f6rra helgens t\u00e4vlingar i T\u00e4by)<\/em><\/p>\n<hr \/>\n<a href=\"https:\/\/scf.se\/forbundet\/wp-content\/uploads\/sites\/9\/2025\/10\/wfp-logo-extended-blue-en.png\"><img loading=\"lazy\" decoding=\"async\" class=\"alignnone size-full wp-image-11074\" src=\"https:\/\/scf.se\/forbundet\/wp-content\/uploads\/sites\/9\/2025\/10\/wfp-logo-extended-blue-en.png\" alt=\"\" width=\"223\" height=\"58\" \/><\/a>\n","protected":false},"excerpt":{"rendered":"<p>I helgen 18\u201319 oktober \u00e4r det \u00e5ter dags f\u00f6r den s\u00e5 vackra Varbergs Cyclocross, som b\u00e5de \u00e4r UCI-t\u00e4vling som ger internationella rankingpo\u00e4ng i junior och seniorelit samt SWE Cup #3 och #4. I startf\u00e4ltet finns elit- och juniorcyklister fr\u00e5n de ledande cykelcrossnationerna Belgien, Nederl\u00e4nderna, Storbritannien, Tyskland och Frankrike \u2013 varav flera \u00e4r rej\u00e4lt formstarka<a href=\"https:\/\/scf.se\/cykelcross\/hog-internationell-niva-pa-vacker-uci-tavling-och-swe-cup-i-varberg\/\" class=\"news-card__more\"> &#8230;<\/a><\/p>\n","protected":false},"author":41,"featured_media":2162,"comment_status":"open","ping_status":"open","sticky":false,"template":"","format":"standard","meta":{"_acf_changed":false,"footnotes":""},"categories":[1],"tags":[],"class_list":["post-2156","post","type-post","status-publish","format-standard","hentry","category-cykelcross"],"acf":[],"_links":{"self":[{"href":"https:\/\/scf.se\/cykelcross\/wp-json\/wp\/v2\/posts\/2156","targetHints":{"allow":["GET"]}}],"collection":[{"href":"https:\/\/scf.se\/cykelcross\/wp-json\/wp\/v2\/posts"}],"about":[{"href":"https:\/\/scf.se\/cykelcross\/wp-json\/wp\/v2\/types\/post"}],"author":[{"embeddable":true,"href":"https:\/\/scf.se\/cykelcross\/wp-json\/wp\/v2\/users\/41"}],"replies":[{"embeddable":true,"href":"https:\/\/scf.se\/cykelcross\/wp-json\/wp\/v2\/comments?post=2156"}],"version-history":[{"count":9,"href":"https:\/\/scf.se\/cykelcross\/wp-json\/wp\/v2\/posts\/2156\/revisions"}],"predecessor-version":[{"id":2179,"href":"https:\/\/scf.se\/cykelcross\/wp-json\/wp\/v2\/posts\/2156\/revisions\/2179"}],"wp:featuredmedia":[{"embeddable":true,"href":"https:\/\/scf.se\/cykelcross\/wp-json\/wp\/v2\/media\/2162"}],"wp:attachment":[{"href":"https:\/\/scf.se\/cykelcross\/wp-json\/wp\/v2\/media?parent=2156"}],"wp:term":[{"taxonomy":"category","embeddable":true,"href":"https:\/\/scf.se\/cykelcross\/wp-json\/wp\/v2\/categories?post=2156"},{"taxonomy":"post_tag","embeddable":true,"href":"https:\/\/scf.se\/cykelcross\/wp-json\/wp\/v2\/tags?post=2156"}],"curies":[{"name":"wp","href":"https:\/\/api.w.org\/{rel}","templated":true}]}}