
{"id":2048,"date":"2025-03-05T15:27:38","date_gmt":"2025-03-05T14:27:38","guid":{"rendered":"https:\/\/scf.se\/cykelcross\/?p=2048"},"modified":"2025-03-05T15:29:46","modified_gmt":"2025-03-05T14:29:46","slug":"malmo-cykelcrossklubb-arrangerar-sm-pa-ordinarie-datum-i-januari","status":"publish","type":"post","link":"https:\/\/scf.se\/cykelcross\/malmo-cykelcrossklubb-arrangerar-sm-pa-ordinarie-datum-i-januari\/","title":{"rendered":"Malm\u00f6 Cykelcrossklubb arrangerar SM p\u00e5 ordinarie datum januari 2026"},"content":{"rendered":"<p><strong>Malm\u00f6 Cykelcrossklubb (MCX) h\u00e4lsar alla v\u00e4lkomna till den tekniska och publikv\u00e4nliga banan &#8221;Ovalen&#8221; 10\u201311 januari 2026. Malm\u00f6 arrangerar n\u00e4sta cykelcross-SM \u2013 p\u00e5 UCI:s ordinarie datum i januari i st\u00e4llet f\u00f6r som tidigare i slutet av november.<\/strong><\/p>\n<p>Svensk cykelcross har p\u00e5 grund av klimatet f\u00e5tt dispens fr\u00e5n UCI:s regelverk d\u00e4r de nationella CX-m\u00e4sterskapen ska avg\u00f6ras runt andra helgen i januari.<\/p>\n<p>Nu v\u00e4ljer Svenska Cykelf\u00f6rbundet att sj\u00e4lvmant byta tillbaka till januari och testa ett SM 10\u201311 januari. Det passar extra bra d\u00e5 det fanns en sydligt bel\u00e4gen arrang\u00f6rskandidat.<\/p>\n<a href=\"https:\/\/scf.se\/cykelcross\/wp-content\/uploads\/sites\/4\/2025\/03\/P-15-16-H30-60-1-2048x1365-1.jpg\"><img loading=\"lazy\" decoding=\"async\" class=\"alignnone size-full wp-image-2053\" src=\"https:\/\/scf.se\/cykelcross\/wp-content\/uploads\/sites\/4\/2025\/03\/P-15-16-H30-60-1-2048x1365-1.jpg\" alt=\"\" width=\"2048\" height=\"1365\" srcset=\"https:\/\/scf.se\/cykelcross\/wp-content\/uploads\/sites\/4\/2025\/03\/P-15-16-H30-60-1-2048x1365-1.jpg 2048w, https:\/\/scf.se\/cykelcross\/wp-content\/uploads\/sites\/4\/2025\/03\/P-15-16-H30-60-1-2048x1365-1-300x200.jpg 300w, https:\/\/scf.se\/cykelcross\/wp-content\/uploads\/sites\/4\/2025\/03\/P-15-16-H30-60-1-2048x1365-1-1024x683.jpg 1024w, https:\/\/scf.se\/cykelcross\/wp-content\/uploads\/sites\/4\/2025\/03\/P-15-16-H30-60-1-2048x1365-1-768x512.jpg 768w, https:\/\/scf.se\/cykelcross\/wp-content\/uploads\/sites\/4\/2025\/03\/P-15-16-H30-60-1-2048x1365-1-1536x1024.jpg 1536w\" sizes=\"auto, (max-width: 2048px) 100vw, 2048px\" \/><\/a>\n<blockquote><p>&#8221;Malm\u00f6s cykelcrossbana, &#8221;Ovalen\u201d, kommer att erbjuda tekniska sv\u00e5righeter, f\u00f6rhoppningsvis sk\u00e5nskt crossv\u00e4der \u2013 och en crossfest ut\u00f6ver det vanliga&#8221;, s\u00e4ger Bj\u00f6rn Stoltz, ordf\u00f6rande i MCX.<\/p><\/blockquote>\n<a href=\"https:\/\/scf.se\/cykelcross\/wp-content\/uploads\/sites\/4\/2025\/03\/F15-16-Dam-klasser-2-scaled-1.jpg\"><img loading=\"lazy\" decoding=\"async\" class=\"alignnone size-full wp-image-2057\" src=\"https:\/\/scf.se\/cykelcross\/wp-content\/uploads\/sites\/4\/2025\/03\/F15-16-Dam-klasser-2-scaled-1.jpg\" alt=\"\" width=\"1707\" height=\"2560\" srcset=\"https:\/\/scf.se\/cykelcross\/wp-content\/uploads\/sites\/4\/2025\/03\/F15-16-Dam-klasser-2-scaled-1.jpg 1707w, https:\/\/scf.se\/cykelcross\/wp-content\/uploads\/sites\/4\/2025\/03\/F15-16-Dam-klasser-2-scaled-1-200x300.jpg 200w, https:\/\/scf.se\/cykelcross\/wp-content\/uploads\/sites\/4\/2025\/03\/F15-16-Dam-klasser-2-scaled-1-683x1024.jpg 683w, https:\/\/scf.se\/cykelcross\/wp-content\/uploads\/sites\/4\/2025\/03\/F15-16-Dam-klasser-2-scaled-1-768x1152.jpg 768w, https:\/\/scf.se\/cykelcross\/wp-content\/uploads\/sites\/4\/2025\/03\/F15-16-Dam-klasser-2-scaled-1-1024x1536.jpg 1024w, https:\/\/scf.se\/cykelcross\/wp-content\/uploads\/sites\/4\/2025\/03\/F15-16-Dam-klasser-2-scaled-1-1366x2048.jpg 1366w\" sizes=\"auto, (max-width: 1707px) 100vw, 1707px\" \/><\/a>\n<p>Arrang\u00f6ren MCX utlovar en utslagsgivande bana som \u00e4r rolig b\u00e5de f\u00f6r cyklisterna och publiken:<\/p>\n<blockquote><p>\u201dJag vill nog p\u00e5st\u00e5 att Ovalen \u00e4r Sveriges mest tekniska bana\u201d, s\u00e4ger Bj\u00f6rn Stoltz.<\/p><\/blockquote>\n<div id=\"attachment_2051\" class=\"wp-caption alignnone\" ><a href=\"https:\/\/scf.se\/cykelcross\/wp-content\/uploads\/sites\/4\/2025\/03\/CXB.jpg\"><img loading=\"lazy\" decoding=\"async\" class=\"size-full wp-image-2051\" src=\"https:\/\/scf.se\/cykelcross\/wp-content\/uploads\/sites\/4\/2025\/03\/CXB.jpg\" alt=\"\" width=\"1536\" height=\"1517\" srcset=\"https:\/\/scf.se\/cykelcross\/wp-content\/uploads\/sites\/4\/2025\/03\/CXB.jpg 1536w, https:\/\/scf.se\/cykelcross\/wp-content\/uploads\/sites\/4\/2025\/03\/CXB-300x296.jpg 300w, https:\/\/scf.se\/cykelcross\/wp-content\/uploads\/sites\/4\/2025\/03\/CXB-1024x1011.jpg 1024w, https:\/\/scf.se\/cykelcross\/wp-content\/uploads\/sites\/4\/2025\/03\/CXB-768x759.jpg 768w\" sizes=\"auto, (max-width: 1536px) 100vw, 1536px\" \/><\/a><p class=\"wp-caption-text\"><em>Malm\u00f6 \u00e4r p\u00e5 v\u00e4g upp\u00e5t med sin cykelcross&#8230; Foto: Jonas Haglund\/SC<\/em><\/p><\/div>\n<a href=\"https:\/\/scf.se\/cykelcross\/wp-content\/uploads\/sites\/4\/2025\/03\/H-junior-4-2048x1365-1.jpg\"><img loading=\"lazy\" decoding=\"async\" class=\"alignnone size-full wp-image-2056\" src=\"https:\/\/scf.se\/cykelcross\/wp-content\/uploads\/sites\/4\/2025\/03\/H-junior-4-2048x1365-1.jpg\" alt=\"\" width=\"2048\" height=\"1365\" srcset=\"https:\/\/scf.se\/cykelcross\/wp-content\/uploads\/sites\/4\/2025\/03\/H-junior-4-2048x1365-1.jpg 2048w, https:\/\/scf.se\/cykelcross\/wp-content\/uploads\/sites\/4\/2025\/03\/H-junior-4-2048x1365-1-300x200.jpg 300w, https:\/\/scf.se\/cykelcross\/wp-content\/uploads\/sites\/4\/2025\/03\/H-junior-4-2048x1365-1-1024x683.jpg 1024w, https:\/\/scf.se\/cykelcross\/wp-content\/uploads\/sites\/4\/2025\/03\/H-junior-4-2048x1365-1-768x512.jpg 768w, https:\/\/scf.se\/cykelcross\/wp-content\/uploads\/sites\/4\/2025\/03\/H-junior-4-2048x1365-1-1536x1024.jpg 1536w\" sizes=\"auto, (max-width: 2048px) 100vw, 2048px\" \/><\/a> <a href=\"https:\/\/scf.se\/cykelcross\/wp-content\/uploads\/sites\/4\/2025\/03\/H-junior-1-scaled-1.jpg\"><img loading=\"lazy\" decoding=\"async\" class=\"alignnone size-full wp-image-2054\" src=\"https:\/\/scf.se\/cykelcross\/wp-content\/uploads\/sites\/4\/2025\/03\/H-junior-1-scaled-1.jpg\" alt=\"\" width=\"2560\" height=\"1707\" srcset=\"https:\/\/scf.se\/cykelcross\/wp-content\/uploads\/sites\/4\/2025\/03\/H-junior-1-scaled-1.jpg 2560w, https:\/\/scf.se\/cykelcross\/wp-content\/uploads\/sites\/4\/2025\/03\/H-junior-1-scaled-1-300x200.jpg 300w, https:\/\/scf.se\/cykelcross\/wp-content\/uploads\/sites\/4\/2025\/03\/H-junior-1-scaled-1-1024x683.jpg 1024w, https:\/\/scf.se\/cykelcross\/wp-content\/uploads\/sites\/4\/2025\/03\/H-junior-1-scaled-1-768x512.jpg 768w, https:\/\/scf.se\/cykelcross\/wp-content\/uploads\/sites\/4\/2025\/03\/H-junior-1-scaled-1-1536x1024.jpg 1536w, https:\/\/scf.se\/cykelcross\/wp-content\/uploads\/sites\/4\/2025\/03\/H-junior-1-scaled-1-2048x1366.jpg 2048w\" sizes=\"auto, (max-width: 2560px) 100vw, 2560px\" \/><\/a>\n<p>Malm\u00f6 Cykelcrossklubb har riktigt bra drag i verksamheten, b\u00e5de p\u00e5 bredden och med m\u00e5nga vassa cyklister \u00e4nda ner i unga \u00e5ldrar. Det m\u00e4rktes verkligen p\u00e5 SM i Ullared i h\u00f6stas.<\/p>\n<p>SCF:s t\u00e4vlingsansvarige, Jonas Haglund, bes\u00f6kte Malm\u00f6klubbens SWE Cup-avslutning i h\u00f6stas. Lovorden fr\u00e5n b\u00e5de SCF och m\u00e5nga cyklister efter\u00e5t gav klubben mersmak att ytterligare h\u00f6ja ribban inf\u00f6r 2026.<\/p>\n<blockquote><p>&#8221;Om cyklisterna har koll p\u00e5 sin crossteknik kommer de och publiken att f\u00e5 uppleva en sp\u00e4nnande t\u00e4vling som inte kommer att utel\u00e4mna vare sig dramatik, sv\u00e5righeter eller sp\u00e4nning. Inte minst \u00e4r det Nordens kanske mest publikv\u00e4nliga bana d\u00e5 publiken kan uppleva hela racet med en kopp kaffe i handen och musik i \u00f6ronen&#8230;&#8221;<\/p><\/blockquote>\n<p><em>Text: SCF<\/em><br \/>\n<em>Foto: Karl Edstr\u00f6m, d\u00e4r ej annat anges<\/em><\/p>\n<hr \/>\n<a href=\"https:\/\/scf.se\/cykelcross\/wp-content\/uploads\/sites\/4\/2025\/03\/SM4.jpg\"><img loading=\"lazy\" decoding=\"async\" class=\"alignnone size-full wp-image-2049\" src=\"https:\/\/scf.se\/cykelcross\/wp-content\/uploads\/sites\/4\/2025\/03\/SM4.jpg\" alt=\"\" width=\"1258\" height=\"728\" srcset=\"https:\/\/scf.se\/cykelcross\/wp-content\/uploads\/sites\/4\/2025\/03\/SM4.jpg 1258w, https:\/\/scf.se\/cykelcross\/wp-content\/uploads\/sites\/4\/2025\/03\/SM4-300x174.jpg 300w, https:\/\/scf.se\/cykelcross\/wp-content\/uploads\/sites\/4\/2025\/03\/SM4-1024x593.jpg 1024w, https:\/\/scf.se\/cykelcross\/wp-content\/uploads\/sites\/4\/2025\/03\/SM4-768x444.jpg 768w\" sizes=\"auto, (max-width: 1258px) 100vw, 1258px\" \/><\/a>\n","protected":false},"excerpt":{"rendered":"<p>Malm\u00f6 Cykelcrossklubb (MCX) h\u00e4lsar alla v\u00e4lkomna till den tekniska och publikv\u00e4nliga banan &#8221;Ovalen&#8221; 10\u201311 januari 2026. Malm\u00f6 arrangerar n\u00e4sta cykelcross-SM \u2013 p\u00e5 UCI:s ordinarie datum i januari i st\u00e4llet f\u00f6r som tidigare i slutet av november. Svensk cykelcross har p\u00e5 grund av klimatet f\u00e5tt dispens fr\u00e5n UCI:s regelverk d\u00e4r de nationella CX-m\u00e4sterskapen ska avg\u00f6ras<a href=\"https:\/\/scf.se\/cykelcross\/malmo-cykelcrossklubb-arrangerar-sm-pa-ordinarie-datum-i-januari\/\" class=\"news-card__more\"> &#8230;<\/a><\/p>\n","protected":false},"author":41,"featured_media":2058,"comment_status":"open","ping_status":"open","sticky":false,"template":"","format":"standard","meta":{"_acf_changed":false,"footnotes":""},"categories":[1],"tags":[],"class_list":["post-2048","post","type-post","status-publish","format-standard","hentry","category-cykelcross"],"acf":[],"_links":{"self":[{"href":"https:\/\/scf.se\/cykelcross\/wp-json\/wp\/v2\/posts\/2048","targetHints":{"allow":["GET"]}}],"collection":[{"href":"https:\/\/scf.se\/cykelcross\/wp-json\/wp\/v2\/posts"}],"about":[{"href":"https:\/\/scf.se\/cykelcross\/wp-json\/wp\/v2\/types\/post"}],"author":[{"embeddable":true,"href":"https:\/\/scf.se\/cykelcross\/wp-json\/wp\/v2\/users\/41"}],"replies":[{"embeddable":true,"href":"https:\/\/scf.se\/cykelcross\/wp-json\/wp\/v2\/comments?post=2048"}],"version-history":[{"count":2,"href":"https:\/\/scf.se\/cykelcross\/wp-json\/wp\/v2\/posts\/2048\/revisions"}],"predecessor-version":[{"id":2060,"href":"https:\/\/scf.se\/cykelcross\/wp-json\/wp\/v2\/posts\/2048\/revisions\/2060"}],"wp:featuredmedia":[{"embeddable":true,"href":"https:\/\/scf.se\/cykelcross\/wp-json\/wp\/v2\/media\/2058"}],"wp:attachment":[{"href":"https:\/\/scf.se\/cykelcross\/wp-json\/wp\/v2\/media?parent=2048"}],"wp:term":[{"taxonomy":"category","embeddable":true,"href":"https:\/\/scf.se\/cykelcross\/wp-json\/wp\/v2\/categories?post=2048"},{"taxonomy":"post_tag","embeddable":true,"href":"https:\/\/scf.se\/cykelcross\/wp-json\/wp\/v2\/tags?post=2048"}],"curies":[{"name":"wp","href":"https:\/\/api.w.org\/{rel}","templated":true}]}}