
{"id":2024,"date":"2025-02-03T12:34:46","date_gmt":"2025-02-03T11:34:46","guid":{"rendered":"https:\/\/scf.se\/cykelcross\/?p=2024"},"modified":"2025-02-03T13:01:47","modified_gmt":"2025-02-03T12:01:47","slug":"svenskarna-noterade-dnf-i-svara-forhallanden-pa-cx-vm-i-frankrike","status":"publish","type":"post","link":"https:\/\/scf.se\/cykelcross\/svenskarna-noterade-dnf-i-svara-forhallanden-pa-cx-vm-i-frankrike\/","title":{"rendered":"Tungt cykelcross-VM f\u00f6r svenskt lag \u2013 med sv\u00e5ra f\u00f6rh\u00e5llanden i Frankrike"},"content":{"rendered":"<p><strong>Det fanns potential i det svenska laget som k\u00f6rde cykelcross-VM i franska Li\u00e9vin. Men p\u00e5 l\u00f6rdagen fick Paul Greijus bryta U23-loppet. P\u00e5 s\u00f6ndagen noterade \u00e4ven f\u00f6rst Vilmar Aastrup efter i en ot\u00e4ck startkrasch och till sist \u00e4ven Vilmer Ekman, som har en stark internationell CX-s\u00e4song bakom sig, tyv\u00e4rr ocks\u00e5 DNF i herrjuniorloppet.<\/strong><\/p>\n<a href=\"https:\/\/scf.se\/cykelcross\/wp-content\/uploads\/sites\/4\/2025\/02\/Greijus2.jpg\"><img loading=\"lazy\" decoding=\"async\" class=\"alignnone size-full wp-image-2032\" src=\"https:\/\/scf.se\/cykelcross\/wp-content\/uploads\/sites\/4\/2025\/02\/Greijus2.jpg\" alt=\"\" width=\"908\" height=\"1280\" srcset=\"https:\/\/scf.se\/cykelcross\/wp-content\/uploads\/sites\/4\/2025\/02\/Greijus2.jpg 908w, https:\/\/scf.se\/cykelcross\/wp-content\/uploads\/sites\/4\/2025\/02\/Greijus2-213x300.jpg 213w, https:\/\/scf.se\/cykelcross\/wp-content\/uploads\/sites\/4\/2025\/02\/Greijus2-726x1024.jpg 726w, https:\/\/scf.se\/cykelcross\/wp-content\/uploads\/sites\/4\/2025\/02\/Greijus2-768x1083.jpg 768w\" sizes=\"auto, (max-width: 908px) 100vw, 908px\" \/><\/a>\n<p>Det var riktigt sv\u00e5ra f\u00f6rh\u00e5llanden, samtliga hade tr\u00e4nat p\u00e5 en riktigt lerig bana. \u00c4ven om Paul Greijus br\u00f6t l\u00f6rdagens lopp i de sv\u00e5ra f\u00f6rh\u00e5llandena fanns det hopp i svenskl\u00e4gret om att kunna g\u00f6ra n\u00e5gonting bra p\u00e5 s\u00f6ndagen.<\/p>\n<a href=\"https:\/\/scf.se\/cykelcross\/wp-content\/uploads\/sites\/4\/2025\/02\/Ekman1.jpg\"><img loading=\"lazy\" decoding=\"async\" class=\"alignnone size-full wp-image-2034\" src=\"https:\/\/scf.se\/cykelcross\/wp-content\/uploads\/sites\/4\/2025\/02\/Ekman1.jpg\" alt=\"\" width=\"1163\" height=\"828\" srcset=\"https:\/\/scf.se\/cykelcross\/wp-content\/uploads\/sites\/4\/2025\/02\/Ekman1.jpg 1163w, https:\/\/scf.se\/cykelcross\/wp-content\/uploads\/sites\/4\/2025\/02\/Ekman1-300x214.jpg 300w, https:\/\/scf.se\/cykelcross\/wp-content\/uploads\/sites\/4\/2025\/02\/Ekman1-1024x729.jpg 1024w, https:\/\/scf.se\/cykelcross\/wp-content\/uploads\/sites\/4\/2025\/02\/Ekman1-768x547.jpg 768w\" sizes=\"auto, (max-width: 1163px) 100vw, 1163px\" \/><\/a>\n<p>&nbsp;<\/p>\n<p>Vilmer Ekman var s\u00e5 bra som trea i den sista t\u00e4vlingen uppeh\u00e5llet f\u00f6r de flesta nationers nationella m\u00e4sterskap, med en riktigt namnkunnig pall. I genrepet i samband med v\u00e4rldscupen i Hoogerheide var Ekman 22:a och Aastrup 47:a.<\/p>\n<p>Det gick ett oroat sus genom den stora publiken runt herrjuniorernas start n\u00e4r det small direkt i en riktigt stor h\u00f6gfartskrasch i inledningen av den f\u00f6rsta b\u00f6jen efter startrakan, se starten p\u00e5 SWE Cyclings Instagramkonto.<\/p>\n<a href=\"https:\/\/scf.se\/cykelcross\/wp-content\/uploads\/sites\/4\/2025\/02\/CX-VM-bildspel3.jpg\"><img loading=\"lazy\" decoding=\"async\" class=\"alignnone size-full wp-image-2030\" src=\"https:\/\/scf.se\/cykelcross\/wp-content\/uploads\/sites\/4\/2025\/02\/CX-VM-bildspel3.jpg\" alt=\"\" width=\"1512\" height=\"2000\" srcset=\"https:\/\/scf.se\/cykelcross\/wp-content\/uploads\/sites\/4\/2025\/02\/CX-VM-bildspel3.jpg 1512w, https:\/\/scf.se\/cykelcross\/wp-content\/uploads\/sites\/4\/2025\/02\/CX-VM-bildspel3-227x300.jpg 227w, https:\/\/scf.se\/cykelcross\/wp-content\/uploads\/sites\/4\/2025\/02\/CX-VM-bildspel3-774x1024.jpg 774w, https:\/\/scf.se\/cykelcross\/wp-content\/uploads\/sites\/4\/2025\/02\/CX-VM-bildspel3-768x1016.jpg 768w, https:\/\/scf.se\/cykelcross\/wp-content\/uploads\/sites\/4\/2025\/02\/CX-VM-bildspel3-1161x1536.jpg 1161w\" sizes=\"auto, (max-width: 1512px) 100vw, 1512px\" \/><\/a>\n<p>Vilmar Aastrup, som var tv\u00e5a p\u00e5 SM i Ullared, s\u00e5g ut att komma iv\u00e4g bra men det fanns helt enkelt inte plats f\u00f6r alla juniorer som inte slog av.<\/p>\n<blockquote><p>&#8221;Vilmar fick \u00e5ka ambulans till sjukhuset. Han m\u00e5r bra trots omst\u00e4ndigheterna, bl\u00e5slagen och skrapad&#8221;, rapporterar f\u00f6rbundskaptenen Peter Vingstedt.<\/p><\/blockquote>\n<p>Senare var \u00e4ven svenska juniorm\u00e4staren Vilmer i marken.<\/p>\n<blockquote><p>&#8221;\u00c4ven Vilmer fick till slut bryta d\u00e5 han fick s\u00e5 pass ont. Efter\u00e5t var f\u00f6rst\u00e5s alla lite uppgivna och besvikna d\u00e5 alla cyklisterna ville mer. Men det var ocks\u00e5 riktigt sv\u00e5ra f\u00f6rh\u00e5llanden. I dag n\u00e4r de k\u00f6rde s\u00e5 hade termometern precis lagt sig p\u00e5 0 grader s\u00e5 hela banan var frusen inledningsvis. Samtliga hade samma f\u00f6ruts\u00e4ttningar, d\u00e4r sm\u00e5 misstag blev helt avg\u00f6rande. \u00c4ven stora favoriter, ta en s\u00e5n som Valentin Hofer, kraschade och fick bryta&#8221;, sammanfattar Peter Vingstedt.<\/p><\/blockquote>\n<a href=\"https:\/\/scf.se\/cykelcross\/wp-content\/uploads\/sites\/4\/2025\/02\/CX-VM-bildspel1.jpg\"><img loading=\"lazy\" decoding=\"async\" class=\"alignnone size-full wp-image-2028\" src=\"https:\/\/scf.se\/cykelcross\/wp-content\/uploads\/sites\/4\/2025\/02\/CX-VM-bildspel1.jpg\" alt=\"\" width=\"2000\" height=\"1324\" srcset=\"https:\/\/scf.se\/cykelcross\/wp-content\/uploads\/sites\/4\/2025\/02\/CX-VM-bildspel1.jpg 2000w, https:\/\/scf.se\/cykelcross\/wp-content\/uploads\/sites\/4\/2025\/02\/CX-VM-bildspel1-300x199.jpg 300w, https:\/\/scf.se\/cykelcross\/wp-content\/uploads\/sites\/4\/2025\/02\/CX-VM-bildspel1-1024x678.jpg 1024w, https:\/\/scf.se\/cykelcross\/wp-content\/uploads\/sites\/4\/2025\/02\/CX-VM-bildspel1-768x508.jpg 768w, https:\/\/scf.se\/cykelcross\/wp-content\/uploads\/sites\/4\/2025\/02\/CX-VM-bildspel1-1536x1017.jpg 1536w\" sizes=\"auto, (max-width: 2000px) 100vw, 2000px\" \/><\/a>\n<h3>VM cykelcross U23 herrar<\/h3>\n<ul>\n<li>1 <strong>Tibor del Grosso<\/strong>, Nederl\u00e4nderna<\/li>\n<li>2 <strong>Kay de Bruycker<\/strong>e, Belgien +0.56<\/li>\n<li>3<strong> Jente Michels<\/strong>, Belgien +1.05<\/li>\n<li>DNF <strong>Paul Greijus<\/strong>, Sverige<\/li>\n<\/ul>\n<a href=\"https:\/\/scf.se\/cykelcross\/wp-content\/uploads\/sites\/4\/2025\/02\/CX-VM-bildspel2.jpg\"><img loading=\"lazy\" decoding=\"async\" class=\"alignnone size-full wp-image-2029\" src=\"https:\/\/scf.se\/cykelcross\/wp-content\/uploads\/sites\/4\/2025\/02\/CX-VM-bildspel2.jpg\" alt=\"\" width=\"2000\" height=\"1455\" srcset=\"https:\/\/scf.se\/cykelcross\/wp-content\/uploads\/sites\/4\/2025\/02\/CX-VM-bildspel2.jpg 2000w, https:\/\/scf.se\/cykelcross\/wp-content\/uploads\/sites\/4\/2025\/02\/CX-VM-bildspel2-300x218.jpg 300w, https:\/\/scf.se\/cykelcross\/wp-content\/uploads\/sites\/4\/2025\/02\/CX-VM-bildspel2-1024x745.jpg 1024w, https:\/\/scf.se\/cykelcross\/wp-content\/uploads\/sites\/4\/2025\/02\/CX-VM-bildspel2-768x559.jpg 768w, https:\/\/scf.se\/cykelcross\/wp-content\/uploads\/sites\/4\/2025\/02\/CX-VM-bildspel2-1536x1117.jpg 1536w\" sizes=\"auto, (max-width: 2000px) 100vw, 2000px\" \/><\/a>\n<h3>VM cykelcross junior herrar<\/h3>\n<ul>\n<li>1 <strong>Mattia Agostinacchio<\/strong>, Italien 45.47<\/li>\n<li>2 <strong>Soren Bruy\u00e8re Joumard<\/strong>, Frankrike +0.12<\/li>\n<li>3 <strong>Filippo Grigolini<\/strong>, Italien +0.30<\/li>\n<li>DNF <strong>Vilmer Ekman<\/strong>, Sverige<\/li>\n<li>DNF <strong>Vilmar Aastrup<\/strong>, Sverige<\/li>\n<\/ul>\n<p>Lite svenskjubel blev det \u00e4nd\u00e5 f\u00f6r svensk del under s\u00f6ndagen d\u00e5 svenskbrittiskan Zoe B\u00e4ckstedt, som t\u00e4vlar f\u00f6r Storbritannien, segrade i damernas U23-klass.<\/p>\n<p>I herrsenior blev det en giganternas kamp d\u00e5 Nederl\u00e4ndernas Mathieu van der Poel\u00a0 segrade f\u00f6re belgaren Wout van Aert. \u00c4ven p\u00e5 l\u00f6rdagen blev det nederl\u00e4ndsk seger i seniorelit d\u00e5\u00a0Fem van Empel segrade i damklassen.<\/p>\n<p><em>Text och foto: SCF<\/em><\/p>\n","protected":false},"excerpt":{"rendered":"<p>Det fanns potential i det svenska laget som k\u00f6rde cykelcross-VM i franska Li\u00e9vin. Men p\u00e5 l\u00f6rdagen fick Paul Greijus bryta U23-loppet. P\u00e5 s\u00f6ndagen noterade \u00e4ven f\u00f6rst Vilmar Aastrup efter i en ot\u00e4ck startkrasch och till sist \u00e4ven Vilmer Ekman, som har en stark internationell CX-s\u00e4song bakom sig, tyv\u00e4rr ocks\u00e5 DNF i herrjuniorloppet. Det var<a href=\"https:\/\/scf.se\/cykelcross\/svenskarna-noterade-dnf-i-svara-forhallanden-pa-cx-vm-i-frankrike\/\" class=\"news-card__more\"> &#8230;<\/a><\/p>\n","protected":false},"author":41,"featured_media":2036,"comment_status":"open","ping_status":"open","sticky":false,"template":"","format":"standard","meta":{"_acf_changed":false,"footnotes":""},"categories":[1],"tags":[],"class_list":["post-2024","post","type-post","status-publish","format-standard","hentry","category-cykelcross"],"acf":[],"_links":{"self":[{"href":"https:\/\/scf.se\/cykelcross\/wp-json\/wp\/v2\/posts\/2024","targetHints":{"allow":["GET"]}}],"collection":[{"href":"https:\/\/scf.se\/cykelcross\/wp-json\/wp\/v2\/posts"}],"about":[{"href":"https:\/\/scf.se\/cykelcross\/wp-json\/wp\/v2\/types\/post"}],"author":[{"embeddable":true,"href":"https:\/\/scf.se\/cykelcross\/wp-json\/wp\/v2\/users\/41"}],"replies":[{"embeddable":true,"href":"https:\/\/scf.se\/cykelcross\/wp-json\/wp\/v2\/comments?post=2024"}],"version-history":[{"count":12,"href":"https:\/\/scf.se\/cykelcross\/wp-json\/wp\/v2\/posts\/2024\/revisions"}],"predecessor-version":[{"id":2044,"href":"https:\/\/scf.se\/cykelcross\/wp-json\/wp\/v2\/posts\/2024\/revisions\/2044"}],"wp:featuredmedia":[{"embeddable":true,"href":"https:\/\/scf.se\/cykelcross\/wp-json\/wp\/v2\/media\/2036"}],"wp:attachment":[{"href":"https:\/\/scf.se\/cykelcross\/wp-json\/wp\/v2\/media?parent=2024"}],"wp:term":[{"taxonomy":"category","embeddable":true,"href":"https:\/\/scf.se\/cykelcross\/wp-json\/wp\/v2\/categories?post=2024"},{"taxonomy":"post_tag","embeddable":true,"href":"https:\/\/scf.se\/cykelcross\/wp-json\/wp\/v2\/tags?post=2024"}],"curies":[{"name":"wp","href":"https:\/\/api.w.org\/{rel}","templated":true}]}}