
{"id":2012,"date":"2025-01-20T11:08:45","date_gmt":"2025-01-20T10:08:45","guid":{"rendered":"https:\/\/scf.se\/cykelcross\/?p=2012"},"modified":"2025-01-20T11:14:49","modified_gmt":"2025-01-20T10:14:49","slug":"greijus-ekman-och-aastrup-kor-cykelcross-vm-i-franska-lievin","status":"publish","type":"post","link":"https:\/\/scf.se\/cykelcross\/greijus-ekman-och-aastrup-kor-cykelcross-vm-i-franska-lievin\/","title":{"rendered":"Greijus, Ekman och Aastrup \u00e4r klara f\u00f6r cykelcross-VM i franska Li\u00e9vin"},"content":{"rendered":"<p><strong>Det blir tre svenska cyklister som k\u00f6r cykelcross-VM i franska Li\u00e9vin 1\u20132 februari. De cyklister som har tagits ut \u00e4r Paul Greijus, Vilmer Ekman och Vilmar Aastrup.<\/strong><\/p>\n<h2>S\u00e5 h\u00e4r k\u00f6r svenskarna i cykelcross-VM<\/h2>\n<a href=\"https:\/\/scf.se\/cykelcross\/wp-content\/uploads\/sites\/4\/2024\/11\/CXsondag991-1.jpeg\"><img loading=\"lazy\" decoding=\"async\" class=\"alignnone size-full wp-image-1930\" src=\"https:\/\/scf.se\/cykelcross\/wp-content\/uploads\/sites\/4\/2024\/11\/CXsondag991-1.jpeg\" alt=\"\" width=\"1280\" height=\"911\" srcset=\"https:\/\/scf.se\/cykelcross\/wp-content\/uploads\/sites\/4\/2024\/11\/CXsondag991-1.jpeg 1280w, https:\/\/scf.se\/cykelcross\/wp-content\/uploads\/sites\/4\/2024\/11\/CXsondag991-1-300x214.jpeg 300w, https:\/\/scf.se\/cykelcross\/wp-content\/uploads\/sites\/4\/2024\/11\/CXsondag991-1-1024x729.jpeg 1024w, https:\/\/scf.se\/cykelcross\/wp-content\/uploads\/sites\/4\/2024\/11\/CXsondag991-1-768x547.jpeg 768w\" sizes=\"auto, (max-width: 1280px) 100vw, 1280px\" \/><\/a>\n<h3>Herrar U23<\/h3>\n<ul>\n<li><strong>Paul Greijus<\/strong>, Bauhaus Sportklubb<br \/>\n<em>L\u00f6rdag 1 februari 13.05.<\/em><\/li>\n<\/ul>\n<a href=\"https:\/\/scf.se\/cykelcross\/wp-content\/uploads\/sites\/4\/2024\/11\/CXsondag7-1.jpeg\"><img loading=\"lazy\" decoding=\"async\" class=\"alignnone size-full wp-image-1920\" src=\"https:\/\/scf.se\/cykelcross\/wp-content\/uploads\/sites\/4\/2024\/11\/CXsondag7-1.jpeg\" alt=\"\" width=\"1280\" height=\"1205\" srcset=\"https:\/\/scf.se\/cykelcross\/wp-content\/uploads\/sites\/4\/2024\/11\/CXsondag7-1.jpeg 1280w, https:\/\/scf.se\/cykelcross\/wp-content\/uploads\/sites\/4\/2024\/11\/CXsondag7-1-300x282.jpeg 300w, https:\/\/scf.se\/cykelcross\/wp-content\/uploads\/sites\/4\/2024\/11\/CXsondag7-1-1024x964.jpeg 1024w, https:\/\/scf.se\/cykelcross\/wp-content\/uploads\/sites\/4\/2024\/11\/CXsondag7-1-768x723.jpeg 768w\" sizes=\"auto, (max-width: 1280px) 100vw, 1280px\" \/><\/a>\n<h3>Herrjunior<\/h3>\n<ul>\n<li><strong>Vilmer Ekman<\/strong>, Bauhaus Sportklubb<\/li>\n<li><strong>Vilmar Aastrup<\/strong>, Bauhaus Sportklubb<br \/>\n<em>S\u00f6ndag 2 februari 11.05.<\/em><\/li>\n<\/ul>\n<a href=\"https:\/\/scf.se\/cykelcross\/wp-content\/uploads\/sites\/4\/2025\/01\/CX3-scaled.jpg\"><img loading=\"lazy\" decoding=\"async\" class=\"alignnone size-full wp-image-2016\" src=\"https:\/\/scf.se\/cykelcross\/wp-content\/uploads\/sites\/4\/2025\/01\/CX3-scaled.jpg\" alt=\"\" width=\"1538\" height=\"2560\" srcset=\"https:\/\/scf.se\/cykelcross\/wp-content\/uploads\/sites\/4\/2025\/01\/CX3-scaled.jpg 1538w, https:\/\/scf.se\/cykelcross\/wp-content\/uploads\/sites\/4\/2025\/01\/CX3-180x300.jpg 180w, https:\/\/scf.se\/cykelcross\/wp-content\/uploads\/sites\/4\/2025\/01\/CX3-615x1024.jpg 615w, https:\/\/scf.se\/cykelcross\/wp-content\/uploads\/sites\/4\/2025\/01\/CX3-768x1279.jpg 768w, https:\/\/scf.se\/cykelcross\/wp-content\/uploads\/sites\/4\/2025\/01\/CX3-923x1536.jpg 923w, https:\/\/scf.se\/cykelcross\/wp-content\/uploads\/sites\/4\/2025\/01\/CX3-1230x2048.jpg 1230w\" sizes=\"auto, (max-width: 1538px) 100vw, 1538px\" \/><\/a>\n<p>VM-t\u00e4vlingarna kommer att h\u00e5llas p\u00e5 den kr\u00e4vande banan vid Val de Souchez, som tidigare har st\u00e5tt v\u00e4rd f\u00f6r EM. Den varierande banan \u00e4r k\u00e4nd f\u00f6r sin tekniska sv\u00e5righet och spektakul\u00e4ra utformning. Kan med andra ord bli sp\u00e4nnande att titta p\u00e5.<\/p>\n<blockquote><p>&#8221;Vi har haft planeringsm\u00f6te tv\u00e5 kv\u00e4llar och samtliga k\u00e4nns riktigt peppade p\u00e5 att k\u00f6ra&#8221;, s\u00e4ger f\u00f6rbundskaptenen Peter Vingstedt.<\/p><\/blockquote>\n<h3><a href=\"https:\/\/www.lievin2025.com\/\"><em>L\u00e4s mera om CX-VM i Li\u00e9vin h\u00e4r!<\/em><\/a><\/h3>\n<p>Vilmer Ekman och Vilmar Aastrup kommer att k\u00f6ra Sista v\u00e4rldscupen i Hoogerheide i Nederl\u00e4nderna helgen innan som uppladdning, n\u00e4rmare best\u00e4mt 26 januari. Ekman \u00e4r den som har t\u00e4vlat allra flitigast kring jul och ny\u00e5r i mestadels Belgien och han avslutade turn\u00e9n med en vass tredjeplats i Dendermonde.<\/p>\n<p>N\u00e4r det g\u00e4ller CX-v\u00e4rldscupen ska vi \u00e4ven notera att Caroline Andersson, World Tour-cyklist i Liv AlUla Jayco och regerande svensk m\u00e4stare i CX, k\u00f6rde v\u00e4rldscupst\u00e4vlingen i spanska Benidorm i g\u00e5r s\u00f6ndag. Caroline blev 46:a, fem minuter efter segrande Fem van Empel fr\u00e5n Nederl\u00e4nderna.<\/p>\n<p><em>Text och foto: SCF<\/em><\/p>\n<hr \/>\n<a href=\"https:\/\/scf.se\/forbundet\/hjalp-oss-sprida-ny-digital-broschyr-om-motionslicensens-fordelar\/\"><img loading=\"lazy\" decoding=\"async\" class=\"alignnone size-full wp-image-7197\" src=\"https:\/\/scf.se\/forbundet\/wp-content\/uploads\/sites\/9\/2024\/03\/Kop-licens-cykelmagasinet4.jpg\" alt=\"\" width=\"2000\" height=\"655\" \/><\/a>\n","protected":false},"excerpt":{"rendered":"<p>Det blir tre svenska cyklister som k\u00f6r cykelcross-VM i franska Li\u00e9vin 1\u20132 februari. De cyklister som har tagits ut \u00e4r Paul Greijus, Vilmer Ekman och Vilmar Aastrup. S\u00e5 h\u00e4r k\u00f6r svenskarna i cykelcross-VM Herrar U23 Paul Greijus, Bauhaus Sportklubb L\u00f6rdag 1 februari 13.05. Herrjunior Vilmer Ekman, Bauhaus Sportklubb Vilmar Aastrup, Bauhaus Sportklubb S\u00f6ndag 2<a href=\"https:\/\/scf.se\/cykelcross\/greijus-ekman-och-aastrup-kor-cykelcross-vm-i-franska-lievin\/\" class=\"news-card__more\"> &#8230;<\/a><\/p>\n","protected":false},"author":41,"featured_media":1709,"comment_status":"open","ping_status":"open","sticky":false,"template":"","format":"standard","meta":{"_acf_changed":false,"footnotes":""},"categories":[1],"tags":[],"class_list":["post-2012","post","type-post","status-publish","format-standard","hentry","category-cykelcross"],"acf":[],"_links":{"self":[{"href":"https:\/\/scf.se\/cykelcross\/wp-json\/wp\/v2\/posts\/2012","targetHints":{"allow":["GET"]}}],"collection":[{"href":"https:\/\/scf.se\/cykelcross\/wp-json\/wp\/v2\/posts"}],"about":[{"href":"https:\/\/scf.se\/cykelcross\/wp-json\/wp\/v2\/types\/post"}],"author":[{"embeddable":true,"href":"https:\/\/scf.se\/cykelcross\/wp-json\/wp\/v2\/users\/41"}],"replies":[{"embeddable":true,"href":"https:\/\/scf.se\/cykelcross\/wp-json\/wp\/v2\/comments?post=2012"}],"version-history":[{"count":9,"href":"https:\/\/scf.se\/cykelcross\/wp-json\/wp\/v2\/posts\/2012\/revisions"}],"predecessor-version":[{"id":2022,"href":"https:\/\/scf.se\/cykelcross\/wp-json\/wp\/v2\/posts\/2012\/revisions\/2022"}],"wp:featuredmedia":[{"embeddable":true,"href":"https:\/\/scf.se\/cykelcross\/wp-json\/wp\/v2\/media\/1709"}],"wp:attachment":[{"href":"https:\/\/scf.se\/cykelcross\/wp-json\/wp\/v2\/media?parent=2012"}],"wp:term":[{"taxonomy":"category","embeddable":true,"href":"https:\/\/scf.se\/cykelcross\/wp-json\/wp\/v2\/categories?post=2012"},{"taxonomy":"post_tag","embeddable":true,"href":"https:\/\/scf.se\/cykelcross\/wp-json\/wp\/v2\/tags?post=2012"}],"curies":[{"name":"wp","href":"https:\/\/api.w.org\/{rel}","templated":true}]}}