
{"id":1996,"date":"2025-01-09T14:29:11","date_gmt":"2025-01-09T13:29:11","guid":{"rendered":"https:\/\/scf.se\/cykelcross\/?p=1996"},"modified":"2025-01-10T10:47:05","modified_gmt":"2025-01-10T09:47:05","slug":"ekman-kronte-stabila-cx-veckor-med-en-pallplats-i-dendermonde","status":"publish","type":"post","link":"https:\/\/scf.se\/cykelcross\/ekman-kronte-stabila-cx-veckor-med-en-pallplats-i-dendermonde\/","title":{"rendered":"Vilmer Ekman kr\u00f6nte fin CX-turn\u00e9 med en pallplats i Dendermonde"},"content":{"rendered":"<p><strong>Svenska juniorm\u00e4staren Vilmer Ekman avslutade CX-turn\u00e9n riktigt starkt. Han trivs i bl\u00f6ta och leriga f\u00f6rh\u00e5llanden, vilket han visade i Dendermonde d\u00e4r han tog en fin tredjeplats. Ut\u00f6ver pallplatsen blev det tv\u00e5 sj\u00e4tteplaceringar och flera resultat kring topp tio i de belgiska t\u00e4vlingarna. <\/strong>(Uppdaterad version med fler seniorresultat.)<\/p>\n<p>Ekman fick till det bra p\u00e5 de flesta racen d\u00e4r de flesta var klassiska t\u00e4vlingar i Belgien men med en avstickare till Nederl\u00e4nderna respektive Frankrike.<\/p>\n<p>Han var sj\u00e4lv lite besviken \u00f6ver prestationerna p\u00e5 loppen som ingick i juniorernas v\u00e4rldscup. D\u00e4r g\u00e5r ocks\u00e5 VC-po\u00e4ngen f\u00f6re\u00a0 UCI-rankingen vilket gav v\u00e4ldigt mycket tuffare startpositioner.<\/p>\n<p>Men det var \u00e5 andra sidan en m\u00e4ktig k\u00e4nsla att f\u00e5 kliva upp p\u00e5 pallen i bredvid tyske m\u00e4staren Benedikt Benz och med superitalienaren Mattia Prioietti Gagliardoni p\u00e5 andraplatsen.<\/p>\n<a href=\"https:\/\/scf.se\/cykelcross\/wp-content\/uploads\/sites\/4\/2025\/01\/Vilmer-akbild-1.jpg\"><img loading=\"lazy\" decoding=\"async\" class=\"alignnone size-full wp-image-1999\" src=\"https:\/\/scf.se\/cykelcross\/wp-content\/uploads\/sites\/4\/2025\/01\/Vilmer-akbild-1.jpg\" alt=\"\" width=\"912\" height=\"858\" srcset=\"https:\/\/scf.se\/cykelcross\/wp-content\/uploads\/sites\/4\/2025\/01\/Vilmer-akbild-1.jpg 912w, https:\/\/scf.se\/cykelcross\/wp-content\/uploads\/sites\/4\/2025\/01\/Vilmer-akbild-1-300x282.jpg 300w, https:\/\/scf.se\/cykelcross\/wp-content\/uploads\/sites\/4\/2025\/01\/Vilmer-akbild-1-768x723.jpg 768w\" sizes=\"auto, (max-width: 912px) 100vw, 912px\" \/><\/a>\n<h3>Vilmer Ekmans resultatrad<\/h3>\n<ul>\n<li><strong>14 december<\/strong>: Herentals, 11.<\/li>\n<li><strong>15 december<\/strong>: Namur, 11.<\/li>\n<li><strong>21 december<\/strong>: Hulst, 28.<\/li>\n<li><strong>22 december<\/strong>: Zonhoven, 35.<\/li>\n<li><strong>23 december<\/strong>: Mol, 6.<\/li>\n<li><strong>27 december<\/strong>: Loenhout, 11.<\/li>\n<li><strong>29 december<\/strong>: Besan\u00e7on, 46.<\/li>\n<li><strong>30 december<\/strong>: Diegem, 18.<\/li>\n<li><strong>1 januari<\/strong>: Baal, 6.<\/li>\n<li><strong>3 januari<\/strong>: Koksijde, 18.<\/li>\n<li>4<strong> januari<\/strong>: Gullegem 10<\/li>\n<li><strong>5 januari<\/strong>: Dendermonde, 3.<\/li>\n<\/ul>\n<p>P\u00e5 seniorsidan noterade svenska m\u00e4staren i CX och OS-cyklisten p\u00e5 landsv\u00e4g, Caroline Andersson, en. 39:e plats Loenhout och hon var 53:a Diegem, trots en v\u00e5dlig masskrasch i starten, som gav en fraktur i svanskotan.<\/p>\n<p>Nu \u00e4r det segt virke i Caroline som just nu \u00e4r p\u00e5 tr\u00e4ningsl\u00e4ger med sitt landsv\u00e4gsteam och \u00e4ven tar sikte p\u00e5 ytterligare en v\u00e4rldscup i CX, den i Bendidorm. Hon sa i segerintrevjun efter SM att cykelcrossen \u00e4r bra f\u00f6r b\u00e5de h\u00e5rdheten och inte minst tekniken p\u00e5 cykeln.<\/p>\n<p>Paul Greijus, som g\u00f6r sitt andra \u00e5r som senior-\/U23-cyklist, t\u00e4vlade fram till innan ny\u00e5r. Han noterade ett par-tre placeringar kring 40 i rej\u00e4lt tuffa startf\u00e4lt.<\/p>\n<p>\u00c4ven Filip Stark och Ida Ullstrand har varit nere och k\u00f6rt mycket i seniorelit. Senast var det v\u00e4rldscupstatus i Dendermonde d\u00e5 Stark var p\u00e5 plats 66. Ullstrand var 39:a p\u00e5 Superprestige Gullegem.<\/p>\n<p>Junioren Vilmar Aastrup, som \u00e4r teamkompis med Ekman i Bauhaus Sportklubb och var tv\u00e5a p\u00e5 JSM i Ullared, har k\u00f6rt stabilt och samlat p\u00e5 sig internationell erfarenhet. Han var 25:a i Namur innan jul och 37:a i Loenhout i mellandagarna, men fick bryta t\u00e4vlingen i Baal p\u00e5 ny\u00e5rsdagen med ett \u00f6mmande kn\u00e4 efter en krasch p\u00e5 tr\u00e4ningen i Diegem \u2013 och blev sedan sjuk.<\/p>\n<p>Thea Persson var nere och k\u00f6rde n\u00e5gra race efter ny\u00e5r, var p\u00e5 en stabil 23:e plats i Superprestige Gullegem och startade \u00e4ven i v\u00e4rldscupen i seniorelit. Snacka om m\u00e5nga nya erfarenheter in p\u00e5 kontot.<\/p>\n<p>Melvin P\u00e5hlsson och Aron Dahlberg har ocks\u00e5 funnits med och samlat erfarenheter p\u00e5 den internationella CX-s\u00e4songen.<\/p>\n<p><em>Text: SCF<\/em><br \/>\n<em>Foto: TFoto och Bram van Lent<\/em><\/p>\n","protected":false},"excerpt":{"rendered":"<p>Svenska juniorm\u00e4staren Vilmer Ekman avslutade CX-turn\u00e9n riktigt starkt. Han trivs i bl\u00f6ta och leriga f\u00f6rh\u00e5llanden, vilket han visade i Dendermonde d\u00e4r han tog en fin tredjeplats. Ut\u00f6ver pallplatsen blev det tv\u00e5 sj\u00e4tteplaceringar och flera resultat kring topp tio i de belgiska t\u00e4vlingarna. (Uppdaterad version med fler seniorresultat.) Ekman fick till det bra p\u00e5 de<a href=\"https:\/\/scf.se\/cykelcross\/ekman-kronte-stabila-cx-veckor-med-en-pallplats-i-dendermonde\/\" class=\"news-card__more\"> &#8230;<\/a><\/p>\n","protected":false},"author":41,"featured_media":1997,"comment_status":"open","ping_status":"open","sticky":false,"template":"","format":"standard","meta":{"_acf_changed":false,"footnotes":""},"categories":[1],"tags":[],"class_list":["post-1996","post","type-post","status-publish","format-standard","hentry","category-cykelcross"],"acf":[],"_links":{"self":[{"href":"https:\/\/scf.se\/cykelcross\/wp-json\/wp\/v2\/posts\/1996","targetHints":{"allow":["GET"]}}],"collection":[{"href":"https:\/\/scf.se\/cykelcross\/wp-json\/wp\/v2\/posts"}],"about":[{"href":"https:\/\/scf.se\/cykelcross\/wp-json\/wp\/v2\/types\/post"}],"author":[{"embeddable":true,"href":"https:\/\/scf.se\/cykelcross\/wp-json\/wp\/v2\/users\/41"}],"replies":[{"embeddable":true,"href":"https:\/\/scf.se\/cykelcross\/wp-json\/wp\/v2\/comments?post=1996"}],"version-history":[{"count":10,"href":"https:\/\/scf.se\/cykelcross\/wp-json\/wp\/v2\/posts\/1996\/revisions"}],"predecessor-version":[{"id":2010,"href":"https:\/\/scf.se\/cykelcross\/wp-json\/wp\/v2\/posts\/1996\/revisions\/2010"}],"wp:featuredmedia":[{"embeddable":true,"href":"https:\/\/scf.se\/cykelcross\/wp-json\/wp\/v2\/media\/1997"}],"wp:attachment":[{"href":"https:\/\/scf.se\/cykelcross\/wp-json\/wp\/v2\/media?parent=1996"}],"wp:term":[{"taxonomy":"category","embeddable":true,"href":"https:\/\/scf.se\/cykelcross\/wp-json\/wp\/v2\/categories?post=1996"},{"taxonomy":"post_tag","embeddable":true,"href":"https:\/\/scf.se\/cykelcross\/wp-json\/wp\/v2\/tags?post=1996"}],"curies":[{"name":"wp","href":"https:\/\/api.w.org\/{rel}","templated":true}]}}