
{"id":1986,"date":"2024-12-16T12:29:29","date_gmt":"2024-12-16T11:29:29","guid":{"rendered":"https:\/\/scf.se\/cykelcross\/?p=1986"},"modified":"2024-12-17T12:36:21","modified_gmt":"2024-12-17T11:36:21","slug":"vilmer-ekman-elva-pa-klassisk-cx-varldscup-i-belgiska-namur","status":"publish","type":"post","link":"https:\/\/scf.se\/cykelcross\/vilmer-ekman-elva-pa-klassisk-cx-varldscup-i-belgiska-namur\/","title":{"rendered":"Vilmer Ekman elva i juniorklass vid klassisk CX-v\u00e4rldscup i Belgien"},"content":{"rendered":"<p><strong>V\u00e4rldscupt\u00e4vlingen i belgiska Namur bj\u00f6d p\u00e5 tuffa f\u00f6rh\u00e5llanden med kalla temperaturer och leriga banor, vilket satte b\u00e5de uth\u00e5llighet och teknisk skicklighet p\u00e5 prov. V\u00e5r svenska juniorm\u00e4stare i s\u00e5v\u00e4l CX som bana, Vilmer Ekman, gjorde placeringsm\u00e4ssigt ett j\u00e4ttefint lopp och slutade elva.\u00a0<\/strong><\/p>\n<p class=\"_ap3a _aaco _aacu _aacx _aad7 _aade\" dir=\"auto\">I Namur ingick bara seniorelit i v\u00e4rldscupen, men det var fina svenska lopp och insatser i de prestigefyllda juniorloppen.<\/p>\n<p>Vilmer Ekman hamnade lite i ingenmansland och var tre minuter fr\u00e5n supervassa italienaren Mattia Agostinacchio men slutade \u00e4nd\u00e5 elva.<\/p>\n<p>Vilmar Aastrup visade, liksom p\u00e5 SM, att han \u00e4r hack i h\u00e4l p\u00e5 svenska juniorettan. D\u00e5 dryga minuten efter och nu tv\u00e5. Plats 25 f\u00f6r Vilmar denna g\u00e5ng.<\/p>\n<h3>V\u00e4rldscupen CX herrjunior<\/h3>\n<ul>\n<li>1 <strong>Mattia Agostinacchio<\/strong>, Italien 36.25<\/li>\n<li>2 <strong>Valentin Hofer<\/strong>, Italien +0.04<\/li>\n<li>3 <strong>Lennes Jacobs<\/strong>, Belgien +0.50<\/li>\n<li>11 <strong>Vilmer Ekman<\/strong>, Sverige +3.10<\/li>\n<li>25 <strong>Vilmar Aastrup<\/strong>, Sverige +5.29<\/li>\n<\/ul>\n<p>Den klassiska belgiska CX-banan, k\u00e4nd f\u00f6r sina branta kl\u00e4ttringar och hala utf\u00f6rspartier, orsakade flera avg\u00f6rande krascher och st\u00e4llde h\u00f6ga krav p\u00e5 taktiska beslut. I herrelit vann Michael Vanthourenhout efter just en dramatisk avslutning.<\/p>\n<p>I det tuffa g\u00e4nget fanns Paul Greijus \u2013 ingen U23-klass i Namur \u2013 och Filip Stark med och h\u00e4rdades i den stentuffa konkurrensen med plats 56 och 64 som resultat.<\/p>\n<h3>V\u00e4rldscupen CX seniorelit<\/h3>\n<ul>\n<li>1. <strong>Michael Vanthourenhout<\/strong>, Belgien 1.03.23<\/li>\n<li>2<strong> Toon Aerts,<\/strong> Belgien +0.11<\/li>\n<li>3 <strong>Emiel Verstrynge<\/strong>, Belgien +0.30<\/li>\n<li>56 <strong>Paul Greijus<\/strong>, Sverige -5 varv<\/li>\n<li>64 <strong>Filip Stark,<\/strong> Sverige -6 varv<\/li>\n<\/ul>\n<p class=\"_ap3a _aaco _aacu _aacx _aad7 _aade\" dir=\"auto\">Vid n\u00e4sta VC-stopp, som \u00e4r 21 december i nederl\u00e4ndska Hulst, \u00e4r det v\u00e4rldscup i s\u00e5v\u00e4l seniorelit, U23 som junior. Blir intressant att f\u00f6lja!<\/p>\n<p><em>Text: SCF<\/em><\/p>\n","protected":false},"excerpt":{"rendered":"<p>V\u00e4rldscupt\u00e4vlingen i belgiska Namur bj\u00f6d p\u00e5 tuffa f\u00f6rh\u00e5llanden med kalla temperaturer och leriga banor, vilket satte b\u00e5de uth\u00e5llighet och teknisk skicklighet p\u00e5 prov. V\u00e5r svenska juniorm\u00e4stare i s\u00e5v\u00e4l CX som bana, Vilmer Ekman, gjorde placeringsm\u00e4ssigt ett j\u00e4ttefint lopp och slutade elva.\u00a0 I Namur ingick bara seniorelit i v\u00e4rldscupen, men det var fina svenska lopp<a href=\"https:\/\/scf.se\/cykelcross\/vilmer-ekman-elva-pa-klassisk-cx-varldscup-i-belgiska-namur\/\" class=\"news-card__more\"> &#8230;<\/a><\/p>\n","protected":false},"author":41,"featured_media":1915,"comment_status":"open","ping_status":"open","sticky":false,"template":"","format":"standard","meta":{"_acf_changed":false,"footnotes":""},"categories":[1],"tags":[],"class_list":["post-1986","post","type-post","status-publish","format-standard","hentry","category-cykelcross"],"acf":[],"_links":{"self":[{"href":"https:\/\/scf.se\/cykelcross\/wp-json\/wp\/v2\/posts\/1986","targetHints":{"allow":["GET"]}}],"collection":[{"href":"https:\/\/scf.se\/cykelcross\/wp-json\/wp\/v2\/posts"}],"about":[{"href":"https:\/\/scf.se\/cykelcross\/wp-json\/wp\/v2\/types\/post"}],"author":[{"embeddable":true,"href":"https:\/\/scf.se\/cykelcross\/wp-json\/wp\/v2\/users\/41"}],"replies":[{"embeddable":true,"href":"https:\/\/scf.se\/cykelcross\/wp-json\/wp\/v2\/comments?post=1986"}],"version-history":[{"count":8,"href":"https:\/\/scf.se\/cykelcross\/wp-json\/wp\/v2\/posts\/1986\/revisions"}],"predecessor-version":[{"id":1995,"href":"https:\/\/scf.se\/cykelcross\/wp-json\/wp\/v2\/posts\/1986\/revisions\/1995"}],"wp:featuredmedia":[{"embeddable":true,"href":"https:\/\/scf.se\/cykelcross\/wp-json\/wp\/v2\/media\/1915"}],"wp:attachment":[{"href":"https:\/\/scf.se\/cykelcross\/wp-json\/wp\/v2\/media?parent=1986"}],"wp:term":[{"taxonomy":"category","embeddable":true,"href":"https:\/\/scf.se\/cykelcross\/wp-json\/wp\/v2\/categories?post=1986"},{"taxonomy":"post_tag","embeddable":true,"href":"https:\/\/scf.se\/cykelcross\/wp-json\/wp\/v2\/tags?post=1986"}],"curies":[{"name":"wp","href":"https:\/\/api.w.org\/{rel}","templated":true}]}}