
{"id":1804,"date":"2024-11-18T16:00:20","date_gmt":"2024-11-18T15:00:20","guid":{"rendered":"https:\/\/scf.se\/cykelcross\/?p=1804"},"modified":"2024-11-21T19:15:00","modified_gmt":"2024-11-21T18:15:00","slug":"sveriges-cx-elit-intar-campingen-i-ullared-for-sm-cykelcross","status":"publish","type":"post","link":"https:\/\/scf.se\/cykelcross\/sveriges-cx-elit-intar-campingen-i-ullared-for-sm-cykelcross\/","title":{"rendered":"Sveriges CX-elit intar campingen i Ullared f\u00f6r intressant SM cykelcross"},"content":{"rendered":"<p><strong>Helgen den 23\u201324 november \u00e4r det premi\u00e4r f\u00f6r Svenska M\u00e4sterskapen i Cykelcross i Ullared. F\u00f6r f\u00f6rsta g\u00e5ngen f\u00e5r denna spektakul\u00e4ra och publikv\u00e4nliga cykelgren sitt m\u00e4sterskap i omr\u00e5det kring Ullareds camping invid med start nedanf\u00f6r slalombacken. Med flera vassa startf\u00e4lt, en teknisk bana och en helt ny CX-milj\u00f6 v\u00e4ntar tv\u00e5 sp\u00e4nnande t\u00e4vlingsdagar.<\/strong><\/p>\n<p>Det blev gl\u00e4djande nog i sista stund klart med livestreaming av CX-SM. P\u00e5 l\u00f6rdagen blir det en fast kamera vid m\u00e5lomr\u00e5det med speakerljud. P\u00e5 s\u00f6ndagen d\u00e5 det \u00e4r dags f\u00f6r junior- och seniorklasserna adderas en dr\u00f6nare som f\u00f6ljer t\u00e4ten i loppen.<\/p>\n<h3>L\u00e4nkarna till lives\u00e4ndningarna:<\/h3>\n<ul>\n<li><strong>L\u00f6rdag<\/strong>: <em><strong><a href=\"https:\/\/vimeo.com\/event\/4740503\">https:\/\/vimeo.com\/event\/4740503<\/a><\/strong><\/em><\/li>\n<li><strong>S\u00f6ndag<\/strong>:\u00a0 <em><strong><a href=\"https:\/\/vimeo.com\/event\/4740551\">https:\/\/vimeo.com\/event\/4740551<\/a><\/strong><\/em><\/li>\n<\/ul>\n<p>SM-helgen i Ullared bjuder p\u00e5 cykelcross f\u00f6r b\u00e5de ungdomar, juniorer, mastersklasser och seniorelit. P\u00e5 s\u00f6ndagen \u00e4r det dags f\u00f6r seniorelit och juniorer att inta scenen, en mycket intressant SM-dag.<\/p>\n<a href=\"https:\/\/scf.se\/cykelcross\/wp-content\/uploads\/sites\/4\/2024\/10\/CX-lordagen7.jpg\"><img loading=\"lazy\" decoding=\"async\" class=\"alignnone size-full wp-image-1690\" src=\"https:\/\/scf.se\/cykelcross\/wp-content\/uploads\/sites\/4\/2024\/10\/CX-lordagen7.jpg\" alt=\"\" width=\"1280\" height=\"942\" srcset=\"https:\/\/scf.se\/cykelcross\/wp-content\/uploads\/sites\/4\/2024\/10\/CX-lordagen7.jpg 1280w, https:\/\/scf.se\/cykelcross\/wp-content\/uploads\/sites\/4\/2024\/10\/CX-lordagen7-300x221.jpg 300w, https:\/\/scf.se\/cykelcross\/wp-content\/uploads\/sites\/4\/2024\/10\/CX-lordagen7-1024x754.jpg 1024w, https:\/\/scf.se\/cykelcross\/wp-content\/uploads\/sites\/4\/2024\/10\/CX-lordagen7-768x565.jpg 768w\" sizes=\"auto, (max-width: 1280px) 100vw, 1280px\" \/><\/a>\n<p>Det finns en v\u00e4ldigt stor bredd p\u00e5 damjuniortoppen med alla de b\u00e4sta p\u00e5 plats. I herrjunior \u00e4r Vilmer Ekman favorit men det finns en handfull som kommer att kunna utmana, \u00e4ven MTB-specialister nu n\u00e4r h\u00f6stens P16-cyklister har blivit juniorer i CX d\u00e5 SM g\u00e4ller f\u00f6r 2025. Kul g\u00e5nger tv\u00e5!<\/p>\n<div id=\"attachment_1064\" class=\"wp-caption alignnone\" ><a href=\"https:\/\/scf.se\/cykelcross\/wp-content\/uploads\/sites\/4\/2023\/02\/557A9315-1.jpg\"><img loading=\"lazy\" decoding=\"async\" class=\"size-full wp-image-1064\" src=\"https:\/\/scf.se\/cykelcross\/wp-content\/uploads\/sites\/4\/2023\/02\/557A9315-1.jpg\" alt=\"\" width=\"1573\" height=\"2300\" srcset=\"https:\/\/scf.se\/cykelcross\/wp-content\/uploads\/sites\/4\/2023\/02\/557A9315-1.jpg 1573w, https:\/\/scf.se\/cykelcross\/wp-content\/uploads\/sites\/4\/2023\/02\/557A9315-1-205x300.jpg 205w, https:\/\/scf.se\/cykelcross\/wp-content\/uploads\/sites\/4\/2023\/02\/557A9315-1-700x1024.jpg 700w, https:\/\/scf.se\/cykelcross\/wp-content\/uploads\/sites\/4\/2023\/02\/557A9315-1-768x1123.jpg 768w, https:\/\/scf.se\/cykelcross\/wp-content\/uploads\/sites\/4\/2023\/02\/557A9315-1-1050x1536.jpg 1050w, https:\/\/scf.se\/cykelcross\/wp-content\/uploads\/sites\/4\/2023\/02\/557A9315-1-1401x2048.jpg 1401w\" sizes=\"auto, (max-width: 1573px) 100vw, 1573px\" \/><\/a><p class=\"wp-caption-text\"><em>Caroline Andersson satte f\u00e4rg p\u00e5 OS-linjeloppet. Nu k\u00f6r hon SM i cykelcross i Ullared. Foto: Amanda Nordin<\/em><\/p><\/div>\n<p>I seniorloppen noterar vi en tunn men intressant damseniorkass just nu. De som har g\u00e5tt bra p\u00e5 SWE Cup m\u00f6ter OS-linjecyklisten Caroline Andersson och det b\u00f6r kunna tillkomma n\u00e5gon efteranm\u00e4lning.<\/p>\n<a href=\"https:\/\/scf.se\/cykelcross\/wp-content\/uploads\/sites\/4\/2024\/10\/Mard-1.jpg\"><img loading=\"lazy\" decoding=\"async\" class=\"alignnone size-full wp-image-1711\" src=\"https:\/\/scf.se\/cykelcross\/wp-content\/uploads\/sites\/4\/2024\/10\/Mard-1.jpg\" alt=\"\" width=\"742\" height=\"893\" srcset=\"https:\/\/scf.se\/cykelcross\/wp-content\/uploads\/sites\/4\/2024\/10\/Mard-1.jpg 742w, https:\/\/scf.se\/cykelcross\/wp-content\/uploads\/sites\/4\/2024\/10\/Mard-1-249x300.jpg 249w\" sizes=\"auto, (max-width: 742px) 100vw, 742px\" \/><\/a>\n<p>P\u00e5 seniorsidan \u00e4r Filip M\u00e5rd favorit men han utmanas av ett koppel \u00e4nnu unga cyklister som Paul Greijus och Ville Merl\u00f6v. \u00c5rets svenska juniorm\u00e4stare i MTB, Nils Johansson som tidigare \u00e4ven satsade en del p\u00e5 CX, g\u00f6r en mycket intressant start.<\/p>\n<p>F\u00f6r motionscyklisterna erbjuder Ge-K\u00e5s Open, som \u00e4r en chans att delta i mer l\u00e4ttsam t\u00e4vling d\u00e4r \u00e4ven varupriser st\u00e5r p\u00e5 spel. <span style=\"font-size: 16px\">H\u00e4r \u00e4r tiderna f\u00f6r de ungdomsklasser som ing\u00e5r i SM samt junior och seniorelit.<\/span><\/p>\n<h3><strong>T\u00e4vlingar och starttider<\/strong><\/h3>\n<h4><strong>L\u00f6rdag 23 november<\/strong><\/h4>\n<ul>\n<li><strong>10:30<\/strong>: Flickor\/pojkar 13\u201314 (30 min t\u00e4vlingstid).<\/li>\n<li><strong>11:15:<\/strong> Flickor 15-16 (40 min t\u00e4vlingstid)<\/li>\n<li><strong>13:00<\/strong>: Pojkar 15\u201316 (40 min t\u00e4vlingstid).<\/li>\n<\/ul>\n<h4><strong>S\u00f6ndag 24 november<\/strong><\/h4>\n<ul>\n<li><strong>12:00<\/strong>: Herrar Junior (40 min t\u00e4vlingstid).<\/li>\n<li><strong>13:00<\/strong>: Damer Senior och Damer Junior (45 min t\u00e4vlingstid).<\/li>\n<li><strong>14:15<\/strong>: Herrar Senior (60 min t\u00e4vlingstid, inklusive pris till b\u00e4sta U23-cyklist).<\/li>\n<\/ul>\n<h3><a href=\"https:\/\/scf.se\/cykelcross\/wp-content\/uploads\/sites\/4\/2024\/11\/InbjudanSMCykelcross2025.pdf\"><em>Mera info och alla andra starttider h\u00e4r!<\/em><\/a><\/h3>\n<p>Banstr\u00e4ckningen f\u00f6r SM i cykelcross i Ullared m\u00e4ter 2500 meter och erbjuder en varierad terr\u00e4ng med inslag av b\u00e5de gr\u00e4s och asfalt. Banan \u00e4r utformad f\u00f6r att ge cyklisterna en teknisk utmaning med b\u00e5de snabbare rakstr\u00e4ckor och kr\u00e4vande h\u00f6jdpartier.<\/p>\n<p>H\u00f6jdprofilen visar flera mindre stigningar och en markant topp efter tv\u00e5 kilometer p\u00e5 varje varv. Den kn\u00e4ppan p\u00e5 20 h\u00f6jdmeter l\u00e4r bli avg\u00f6rande i m\u00e5nga klasser.<\/p>\n<a href=\"https:\/\/scf.se\/cykelcross\/wp-content\/uploads\/sites\/4\/2024\/11\/bild-bana.png\"><img loading=\"lazy\" decoding=\"async\" class=\"alignnone size-full wp-image-1807\" src=\"https:\/\/scf.se\/cykelcross\/wp-content\/uploads\/sites\/4\/2024\/11\/bild-bana.png\" alt=\"\" width=\"1082\" height=\"864\" srcset=\"https:\/\/scf.se\/cykelcross\/wp-content\/uploads\/sites\/4\/2024\/11\/bild-bana.png 1082w, https:\/\/scf.se\/cykelcross\/wp-content\/uploads\/sites\/4\/2024\/11\/bild-bana-300x240.png 300w, https:\/\/scf.se\/cykelcross\/wp-content\/uploads\/sites\/4\/2024\/11\/bild-bana-1024x818.png 1024w, https:\/\/scf.se\/cykelcross\/wp-content\/uploads\/sites\/4\/2024\/11\/bild-bana-768x613.png 768w\" sizes=\"auto, (max-width: 1082px) 100vw, 1082px\" \/><\/a>\n<p>Publiken kan se fram emot en t\u00e4vlingsbana d\u00e4r stora delar av loppet g\u00e5r att f\u00f6lja fr\u00e5n strategiska punkter. Slalombackens omgivningar skapar naturliga h\u00f6jder som ger utm\u00e4rkta vyer \u00f6ver banans mest dramatiska sektioner.<\/p>\n<p>Med Ge-K\u00e5s i direkt anslutning till t\u00e4vlingsomr\u00e5det nu n\u00e4r julhandeln tar fart blir detta en helg d\u00e4r CX-cyklingen och den unika platsen m\u00f6ts p\u00e5 ett nytt och sp\u00e4nnande s\u00e4tt. T\u00e4vlingarna kommer inte bara att kr\u00f6na svenska m\u00e4stare, utan ocks\u00e5 visa vilken potential Ullared har som cykeldestination.<\/p>\n<h3>Anm\u00e4lan SM i Ullared<\/h3>\n<ul>\n<li><strong>23\u201324 november<\/strong>: SM Ullared.\u00a0<em><strong><br \/>\n<a href=\"https:\/\/www.sportstiming.se\/event\/15167\">Info och anm\u00e4lan ungdom och masters l\u00f6rdag.<\/a><\/strong><\/em><em><strong><br \/>\n<a href=\"https:\/\/www.sportstiming.se\/event\/15167\">Info och anm\u00e4lan junior och seniorelit s\u00f6ndag.<\/a><\/strong><\/em><br \/>\n<em><strong><a href=\"https:\/\/www.sportstiming.se\/event\/15167\">Info och anm\u00e4lan till Ge-K\u00e5s Open Race (motionsklass s\u00f6ndag)<\/a><\/strong><\/em><br \/>\n<em>Efteranm\u00e4lan kan ske fram till 1 timme f\u00f6re respektive start och har en extra<\/em><br \/>\n<em>avgift p\u00e5 500 kronor som tillkommer till ordinarie avgift.<\/em><\/li>\n<\/ul>\n<p>V\u00e4lkomna till Ullareds premi\u00e4r\u00e5r f\u00f6r Svenska M\u00e4sterskapen i Cykelcross \u2013 en helg som lovar att bjuda p\u00e5 b\u00e5de sp\u00e4nning och of\u00f6rgl\u00f6mliga \u00f6gonblick!<\/p>\n<h3>Kontakter vid fr\u00e5gor<\/h3>\n<ul>\n<li><strong>Peter Larsson<\/strong>, Cancano Tours, peter.larsson@cancano.se<\/li>\n<li><strong>Hans M\u00e5rd<\/strong>, Dreviken Event, hans.g.mard@gmail.com<\/li>\n<\/ul>\n<p><em>Text: SCF<br \/>\nFoto: SCF d\u00e4r ej annat anges<\/em><\/p>\n<hr \/>\n<a href=\"https:\/\/scf.se\/cykelcross\/wp-content\/uploads\/sites\/4\/2024\/11\/SM-CX-2024.jpg\"><img loading=\"lazy\" decoding=\"async\" class=\"alignnone size-full wp-image-1817\" src=\"https:\/\/scf.se\/cykelcross\/wp-content\/uploads\/sites\/4\/2024\/11\/SM-CX-2024.jpg\" alt=\"\" width=\"1920\" height=\"1080\" srcset=\"https:\/\/scf.se\/cykelcross\/wp-content\/uploads\/sites\/4\/2024\/11\/SM-CX-2024.jpg 1920w, https:\/\/scf.se\/cykelcross\/wp-content\/uploads\/sites\/4\/2024\/11\/SM-CX-2024-300x169.jpg 300w, https:\/\/scf.se\/cykelcross\/wp-content\/uploads\/sites\/4\/2024\/11\/SM-CX-2024-1024x576.jpg 1024w, https:\/\/scf.se\/cykelcross\/wp-content\/uploads\/sites\/4\/2024\/11\/SM-CX-2024-768x432.jpg 768w, https:\/\/scf.se\/cykelcross\/wp-content\/uploads\/sites\/4\/2024\/11\/SM-CX-2024-1536x864.jpg 1536w\" sizes=\"auto, (max-width: 1920px) 100vw, 1920px\" \/><\/a>\n","protected":false},"excerpt":{"rendered":"<p>Helgen den 23\u201324 november \u00e4r det premi\u00e4r f\u00f6r Svenska M\u00e4sterskapen i Cykelcross i Ullared. F\u00f6r f\u00f6rsta g\u00e5ngen f\u00e5r denna spektakul\u00e4ra och publikv\u00e4nliga cykelgren sitt m\u00e4sterskap i omr\u00e5det kring Ullareds camping invid med start nedanf\u00f6r slalombacken. Med flera vassa startf\u00e4lt, en teknisk bana och en helt ny CX-milj\u00f6 v\u00e4ntar tv\u00e5 sp\u00e4nnande t\u00e4vlingsdagar. Det blev gl\u00e4djande<a href=\"https:\/\/scf.se\/cykelcross\/sveriges-cx-elit-intar-campingen-i-ullared-for-sm-cykelcross\/\" class=\"news-card__more\"> &#8230;<\/a><\/p>\n","protected":false},"author":41,"featured_media":1709,"comment_status":"open","ping_status":"open","sticky":false,"template":"","format":"standard","meta":{"_acf_changed":false,"footnotes":""},"categories":[1],"tags":[],"class_list":["post-1804","post","type-post","status-publish","format-standard","hentry","category-cykelcross"],"acf":[],"_links":{"self":[{"href":"https:\/\/scf.se\/cykelcross\/wp-json\/wp\/v2\/posts\/1804","targetHints":{"allow":["GET"]}}],"collection":[{"href":"https:\/\/scf.se\/cykelcross\/wp-json\/wp\/v2\/posts"}],"about":[{"href":"https:\/\/scf.se\/cykelcross\/wp-json\/wp\/v2\/types\/post"}],"author":[{"embeddable":true,"href":"https:\/\/scf.se\/cykelcross\/wp-json\/wp\/v2\/users\/41"}],"replies":[{"embeddable":true,"href":"https:\/\/scf.se\/cykelcross\/wp-json\/wp\/v2\/comments?post=1804"}],"version-history":[{"count":9,"href":"https:\/\/scf.se\/cykelcross\/wp-json\/wp\/v2\/posts\/1804\/revisions"}],"predecessor-version":[{"id":1818,"href":"https:\/\/scf.se\/cykelcross\/wp-json\/wp\/v2\/posts\/1804\/revisions\/1818"}],"wp:featuredmedia":[{"embeddable":true,"href":"https:\/\/scf.se\/cykelcross\/wp-json\/wp\/v2\/media\/1709"}],"wp:attachment":[{"href":"https:\/\/scf.se\/cykelcross\/wp-json\/wp\/v2\/media?parent=1804"}],"wp:term":[{"taxonomy":"category","embeddable":true,"href":"https:\/\/scf.se\/cykelcross\/wp-json\/wp\/v2\/categories?post=1804"},{"taxonomy":"post_tag","embeddable":true,"href":"https:\/\/scf.se\/cykelcross\/wp-json\/wp\/v2\/tags?post=1804"}],"curies":[{"name":"wp","href":"https:\/\/api.w.org\/{rel}","templated":true}]}}