
{"id":1772,"date":"2024-11-11T15:44:10","date_gmt":"2024-11-11T14:44:10","guid":{"rendered":"https:\/\/scf.se\/cykelcross\/?p=1772"},"modified":"2024-11-12T09:27:13","modified_gmt":"2024-11-12T08:27:13","slug":"bildextra-mycket-fina-banor-nar-swe-cup-avslutades-i-malmo","status":"publish","type":"post","link":"https:\/\/scf.se\/cykelcross\/bildextra-mycket-fina-banor-nar-swe-cup-avslutades-i-malmo\/","title":{"rendered":"BILDEXTRA: Mycket fina banor n\u00e4r SWE Cup i CX avslutades i Malm\u00f6"},"content":{"rendered":"<p><strong>Det var en v\u00e4ldigt fin avslutning p\u00e5 SWE Cup i cykelcross n\u00e4r Malm\u00f6 tog emot f\u00f6r de tv\u00e5 sista delt\u00e4vlingarna. Tyv\u00e4rr var deltagarantalet inte alls i paritet med arrangemangets klass. Men \u00c5sa Erlandsson i damsenior, herrjuniorerna Jakob Olsson och Dexter Kock som hade h\u00e4rliga dueller b\u00e5da dagarna samt \u00e4ldre ungdom som Lilly Temar och Oliver Andersen tillh\u00f6rde de som utm\u00e4rkte sig p\u00e5 den tekniska Ovalen.<\/strong><\/p>\n<p>Malm\u00f6 kom in ganska sent i en intensiv SWE Cup-h\u00f6st, delt\u00e4vling nummer \u00e5tta och nio i ordningen. V\u00e4dret var perfekt f\u00f6r cykelcross; typiskt novemberv\u00e4der med lite bl\u00e5sigt och gr\u00e5tt men utan nederb\u00f6rd just vid t\u00e4vlingarna.<\/p>\n<blockquote><p>&#8221;Banorna var bra och f\u00f6reningen hade gjort ett fantastiskt jobb med att f\u00e5 till dem, kul att det k\u00f6rds CX p\u00e5 en speedwaybana, vilket gjorde att man s\u00e5g v\u00e4ldigt bra&#8221;, s\u00e4ger SCF:s t\u00e4vlingsansvarige Jonas Haglund.<\/p><\/blockquote>\n<p>S\u00e5 h\u00e4r s\u00e5g en SWE Cup-dag i Malm\u00f6 ut fr\u00e5n Karl Edstr\u00f6ms kamera:<\/p>\n<a href=\"https:\/\/scf.se\/cykelcross\/wp-content\/uploads\/sites\/4\/2024\/11\/H-junior-1-scaled.jpg\"><img loading=\"lazy\" decoding=\"async\" class=\"alignnone size-full wp-image-1773\" src=\"https:\/\/scf.se\/cykelcross\/wp-content\/uploads\/sites\/4\/2024\/11\/H-junior-1-scaled.jpg\" alt=\"\" width=\"2560\" height=\"1707\" srcset=\"https:\/\/scf.se\/cykelcross\/wp-content\/uploads\/sites\/4\/2024\/11\/H-junior-1-scaled.jpg 2560w, https:\/\/scf.se\/cykelcross\/wp-content\/uploads\/sites\/4\/2024\/11\/H-junior-1-300x200.jpg 300w, https:\/\/scf.se\/cykelcross\/wp-content\/uploads\/sites\/4\/2024\/11\/H-junior-1-1024x683.jpg 1024w, https:\/\/scf.se\/cykelcross\/wp-content\/uploads\/sites\/4\/2024\/11\/H-junior-1-768x512.jpg 768w, https:\/\/scf.se\/cykelcross\/wp-content\/uploads\/sites\/4\/2024\/11\/H-junior-1-1536x1024.jpg 1536w, https:\/\/scf.se\/cykelcross\/wp-content\/uploads\/sites\/4\/2024\/11\/H-junior-1-2048x1365.jpg 2048w\" sizes=\"auto, (max-width: 2560px) 100vw, 2560px\" \/><\/a> <a href=\"https:\/\/scf.se\/cykelcross\/wp-content\/uploads\/sites\/4\/2024\/11\/PF-11-14-2-scaled.jpg\"><img loading=\"lazy\" decoding=\"async\" class=\"alignnone size-full wp-image-1789\" src=\"https:\/\/scf.se\/cykelcross\/wp-content\/uploads\/sites\/4\/2024\/11\/PF-11-14-2-scaled.jpg\" alt=\"\" width=\"2560\" height=\"1707\" srcset=\"https:\/\/scf.se\/cykelcross\/wp-content\/uploads\/sites\/4\/2024\/11\/PF-11-14-2-scaled.jpg 2560w, https:\/\/scf.se\/cykelcross\/wp-content\/uploads\/sites\/4\/2024\/11\/PF-11-14-2-300x200.jpg 300w, https:\/\/scf.se\/cykelcross\/wp-content\/uploads\/sites\/4\/2024\/11\/PF-11-14-2-1024x683.jpg 1024w, https:\/\/scf.se\/cykelcross\/wp-content\/uploads\/sites\/4\/2024\/11\/PF-11-14-2-768x512.jpg 768w, https:\/\/scf.se\/cykelcross\/wp-content\/uploads\/sites\/4\/2024\/11\/PF-11-14-2-1536x1024.jpg 1536w, https:\/\/scf.se\/cykelcross\/wp-content\/uploads\/sites\/4\/2024\/11\/PF-11-14-2-2048x1365.jpg 2048w\" sizes=\"auto, (max-width: 2560px) 100vw, 2560px\" \/><\/a> <a href=\"https:\/\/scf.se\/cykelcross\/wp-content\/uploads\/sites\/4\/2024\/11\/PF-11-14-1-1-scaled.jpg\"><img loading=\"lazy\" decoding=\"async\" class=\"alignnone size-full wp-image-1788\" src=\"https:\/\/scf.se\/cykelcross\/wp-content\/uploads\/sites\/4\/2024\/11\/PF-11-14-1-1-scaled.jpg\" alt=\"\" width=\"1707\" height=\"2560\" srcset=\"https:\/\/scf.se\/cykelcross\/wp-content\/uploads\/sites\/4\/2024\/11\/PF-11-14-1-1-scaled.jpg 1707w, https:\/\/scf.se\/cykelcross\/wp-content\/uploads\/sites\/4\/2024\/11\/PF-11-14-1-1-200x300.jpg 200w, https:\/\/scf.se\/cykelcross\/wp-content\/uploads\/sites\/4\/2024\/11\/PF-11-14-1-1-683x1024.jpg 683w, https:\/\/scf.se\/cykelcross\/wp-content\/uploads\/sites\/4\/2024\/11\/PF-11-14-1-1-768x1152.jpg 768w, https:\/\/scf.se\/cykelcross\/wp-content\/uploads\/sites\/4\/2024\/11\/PF-11-14-1-1-1024x1536.jpg 1024w, https:\/\/scf.se\/cykelcross\/wp-content\/uploads\/sites\/4\/2024\/11\/PF-11-14-1-1-1365x2048.jpg 1365w\" sizes=\"auto, (max-width: 1707px) 100vw, 1707px\" \/><\/a> <a href=\"https:\/\/scf.se\/cykelcross\/wp-content\/uploads\/sites\/4\/2024\/11\/P-15-16-H30-60-2-scaled.jpg\"><img loading=\"lazy\" decoding=\"async\" class=\"alignnone size-full wp-image-1786\" src=\"https:\/\/scf.se\/cykelcross\/wp-content\/uploads\/sites\/4\/2024\/11\/P-15-16-H30-60-2-scaled.jpg\" alt=\"\" width=\"2560\" height=\"1707\" srcset=\"https:\/\/scf.se\/cykelcross\/wp-content\/uploads\/sites\/4\/2024\/11\/P-15-16-H30-60-2-scaled.jpg 2560w, https:\/\/scf.se\/cykelcross\/wp-content\/uploads\/sites\/4\/2024\/11\/P-15-16-H30-60-2-300x200.jpg 300w, https:\/\/scf.se\/cykelcross\/wp-content\/uploads\/sites\/4\/2024\/11\/P-15-16-H30-60-2-1024x683.jpg 1024w, https:\/\/scf.se\/cykelcross\/wp-content\/uploads\/sites\/4\/2024\/11\/P-15-16-H30-60-2-768x512.jpg 768w, https:\/\/scf.se\/cykelcross\/wp-content\/uploads\/sites\/4\/2024\/11\/P-15-16-H30-60-2-1536x1024.jpg 1536w, https:\/\/scf.se\/cykelcross\/wp-content\/uploads\/sites\/4\/2024\/11\/P-15-16-H30-60-2-2048x1365.jpg 2048w\" sizes=\"auto, (max-width: 2560px) 100vw, 2560px\" \/><\/a> <a href=\"https:\/\/scf.se\/cykelcross\/wp-content\/uploads\/sites\/4\/2024\/11\/P-15-16-H30-60-1-scaled.jpg\"><img loading=\"lazy\" decoding=\"async\" class=\"alignnone size-full wp-image-1785\" src=\"https:\/\/scf.se\/cykelcross\/wp-content\/uploads\/sites\/4\/2024\/11\/P-15-16-H30-60-1-scaled.jpg\" alt=\"\" width=\"2560\" height=\"1707\" srcset=\"https:\/\/scf.se\/cykelcross\/wp-content\/uploads\/sites\/4\/2024\/11\/P-15-16-H30-60-1-scaled.jpg 2560w, https:\/\/scf.se\/cykelcross\/wp-content\/uploads\/sites\/4\/2024\/11\/P-15-16-H30-60-1-300x200.jpg 300w, https:\/\/scf.se\/cykelcross\/wp-content\/uploads\/sites\/4\/2024\/11\/P-15-16-H30-60-1-1024x683.jpg 1024w, https:\/\/scf.se\/cykelcross\/wp-content\/uploads\/sites\/4\/2024\/11\/P-15-16-H30-60-1-768x512.jpg 768w, https:\/\/scf.se\/cykelcross\/wp-content\/uploads\/sites\/4\/2024\/11\/P-15-16-H30-60-1-1536x1024.jpg 1536w, https:\/\/scf.se\/cykelcross\/wp-content\/uploads\/sites\/4\/2024\/11\/P-15-16-H30-60-1-2048x1365.jpg 2048w\" sizes=\"auto, (max-width: 2560px) 100vw, 2560px\" \/><\/a> <a href=\"https:\/\/scf.se\/cykelcross\/wp-content\/uploads\/sites\/4\/2024\/11\/nyborjare-1-scaled.jpg\"><img loading=\"lazy\" decoding=\"async\" class=\"alignnone size-full wp-image-1784\" src=\"https:\/\/scf.se\/cykelcross\/wp-content\/uploads\/sites\/4\/2024\/11\/nyborjare-1-scaled.jpg\" alt=\"\" width=\"2560\" height=\"1707\" srcset=\"https:\/\/scf.se\/cykelcross\/wp-content\/uploads\/sites\/4\/2024\/11\/nyborjare-1-scaled.jpg 2560w, https:\/\/scf.se\/cykelcross\/wp-content\/uploads\/sites\/4\/2024\/11\/nyborjare-1-300x200.jpg 300w, https:\/\/scf.se\/cykelcross\/wp-content\/uploads\/sites\/4\/2024\/11\/nyborjare-1-1024x683.jpg 1024w, https:\/\/scf.se\/cykelcross\/wp-content\/uploads\/sites\/4\/2024\/11\/nyborjare-1-768x512.jpg 768w, https:\/\/scf.se\/cykelcross\/wp-content\/uploads\/sites\/4\/2024\/11\/nyborjare-1-1536x1024.jpg 1536w, https:\/\/scf.se\/cykelcross\/wp-content\/uploads\/sites\/4\/2024\/11\/nyborjare-1-2048x1365.jpg 2048w\" sizes=\"auto, (max-width: 2560px) 100vw, 2560px\" \/><\/a> <a href=\"https:\/\/scf.se\/cykelcross\/wp-content\/uploads\/sites\/4\/2024\/11\/nyborjare-3-scaled.jpg\"><img loading=\"lazy\" decoding=\"async\" class=\"alignnone size-full wp-image-1783\" src=\"https:\/\/scf.se\/cykelcross\/wp-content\/uploads\/sites\/4\/2024\/11\/nyborjare-3-scaled.jpg\" alt=\"\" width=\"2560\" height=\"1707\" srcset=\"https:\/\/scf.se\/cykelcross\/wp-content\/uploads\/sites\/4\/2024\/11\/nyborjare-3-scaled.jpg 2560w, https:\/\/scf.se\/cykelcross\/wp-content\/uploads\/sites\/4\/2024\/11\/nyborjare-3-300x200.jpg 300w, https:\/\/scf.se\/cykelcross\/wp-content\/uploads\/sites\/4\/2024\/11\/nyborjare-3-1024x683.jpg 1024w, https:\/\/scf.se\/cykelcross\/wp-content\/uploads\/sites\/4\/2024\/11\/nyborjare-3-768x512.jpg 768w, https:\/\/scf.se\/cykelcross\/wp-content\/uploads\/sites\/4\/2024\/11\/nyborjare-3-1536x1024.jpg 1536w, https:\/\/scf.se\/cykelcross\/wp-content\/uploads\/sites\/4\/2024\/11\/nyborjare-3-2048x1365.jpg 2048w\" sizes=\"auto, (max-width: 2560px) 100vw, 2560px\" \/><\/a> <a href=\"https:\/\/scf.se\/cykelcross\/wp-content\/uploads\/sites\/4\/2024\/11\/nyborjare-2-scaled.jpg\"><img loading=\"lazy\" decoding=\"async\" class=\"alignnone size-full wp-image-1782\" src=\"https:\/\/scf.se\/cykelcross\/wp-content\/uploads\/sites\/4\/2024\/11\/nyborjare-2-scaled.jpg\" alt=\"\" width=\"1707\" height=\"2560\" srcset=\"https:\/\/scf.se\/cykelcross\/wp-content\/uploads\/sites\/4\/2024\/11\/nyborjare-2-scaled.jpg 1707w, https:\/\/scf.se\/cykelcross\/wp-content\/uploads\/sites\/4\/2024\/11\/nyborjare-2-200x300.jpg 200w, https:\/\/scf.se\/cykelcross\/wp-content\/uploads\/sites\/4\/2024\/11\/nyborjare-2-683x1024.jpg 683w, https:\/\/scf.se\/cykelcross\/wp-content\/uploads\/sites\/4\/2024\/11\/nyborjare-2-768x1152.jpg 768w, https:\/\/scf.se\/cykelcross\/wp-content\/uploads\/sites\/4\/2024\/11\/nyborjare-2-1024x1536.jpg 1024w, https:\/\/scf.se\/cykelcross\/wp-content\/uploads\/sites\/4\/2024\/11\/nyborjare-2-1365x2048.jpg 1365w\" sizes=\"auto, (max-width: 1707px) 100vw, 1707px\" \/><\/a> <a href=\"https:\/\/scf.se\/cykelcross\/wp-content\/uploads\/sites\/4\/2024\/11\/F15-16-Dam-klasser-5-scaled.jpg\"><img loading=\"lazy\" decoding=\"async\" class=\"alignnone size-full wp-image-1781\" src=\"https:\/\/scf.se\/cykelcross\/wp-content\/uploads\/sites\/4\/2024\/11\/F15-16-Dam-klasser-5-scaled.jpg\" alt=\"\" width=\"2560\" height=\"1707\" srcset=\"https:\/\/scf.se\/cykelcross\/wp-content\/uploads\/sites\/4\/2024\/11\/F15-16-Dam-klasser-5-scaled.jpg 2560w, https:\/\/scf.se\/cykelcross\/wp-content\/uploads\/sites\/4\/2024\/11\/F15-16-Dam-klasser-5-300x200.jpg 300w, https:\/\/scf.se\/cykelcross\/wp-content\/uploads\/sites\/4\/2024\/11\/F15-16-Dam-klasser-5-1024x683.jpg 1024w, https:\/\/scf.se\/cykelcross\/wp-content\/uploads\/sites\/4\/2024\/11\/F15-16-Dam-klasser-5-768x512.jpg 768w, https:\/\/scf.se\/cykelcross\/wp-content\/uploads\/sites\/4\/2024\/11\/F15-16-Dam-klasser-5-1536x1024.jpg 1536w, https:\/\/scf.se\/cykelcross\/wp-content\/uploads\/sites\/4\/2024\/11\/F15-16-Dam-klasser-5-2048x1365.jpg 2048w\" sizes=\"auto, (max-width: 2560px) 100vw, 2560px\" \/><\/a> <a href=\"https:\/\/scf.se\/cykelcross\/wp-content\/uploads\/sites\/4\/2024\/11\/F15-16-Dam-klasser-4-scaled.jpg\"><img loading=\"lazy\" decoding=\"async\" class=\"alignnone size-full wp-image-1780\" src=\"https:\/\/scf.se\/cykelcross\/wp-content\/uploads\/sites\/4\/2024\/11\/F15-16-Dam-klasser-4-scaled.jpg\" alt=\"\" width=\"1707\" height=\"2560\" srcset=\"https:\/\/scf.se\/cykelcross\/wp-content\/uploads\/sites\/4\/2024\/11\/F15-16-Dam-klasser-4-scaled.jpg 1707w, https:\/\/scf.se\/cykelcross\/wp-content\/uploads\/sites\/4\/2024\/11\/F15-16-Dam-klasser-4-200x300.jpg 200w, https:\/\/scf.se\/cykelcross\/wp-content\/uploads\/sites\/4\/2024\/11\/F15-16-Dam-klasser-4-683x1024.jpg 683w, https:\/\/scf.se\/cykelcross\/wp-content\/uploads\/sites\/4\/2024\/11\/F15-16-Dam-klasser-4-768x1152.jpg 768w, https:\/\/scf.se\/cykelcross\/wp-content\/uploads\/sites\/4\/2024\/11\/F15-16-Dam-klasser-4-1024x1536.jpg 1024w, https:\/\/scf.se\/cykelcross\/wp-content\/uploads\/sites\/4\/2024\/11\/F15-16-Dam-klasser-4-1365x2048.jpg 1365w\" sizes=\"auto, (max-width: 1707px) 100vw, 1707px\" \/><\/a> <a href=\"https:\/\/scf.se\/cykelcross\/wp-content\/uploads\/sites\/4\/2024\/11\/F15-16-Dam-klasser-3-scaled.jpg\"><img loading=\"lazy\" decoding=\"async\" class=\"alignnone size-full wp-image-1779\" src=\"https:\/\/scf.se\/cykelcross\/wp-content\/uploads\/sites\/4\/2024\/11\/F15-16-Dam-klasser-3-scaled.jpg\" alt=\"\" width=\"2560\" height=\"1707\" srcset=\"https:\/\/scf.se\/cykelcross\/wp-content\/uploads\/sites\/4\/2024\/11\/F15-16-Dam-klasser-3-scaled.jpg 2560w, https:\/\/scf.se\/cykelcross\/wp-content\/uploads\/sites\/4\/2024\/11\/F15-16-Dam-klasser-3-300x200.jpg 300w, https:\/\/scf.se\/cykelcross\/wp-content\/uploads\/sites\/4\/2024\/11\/F15-16-Dam-klasser-3-1024x683.jpg 1024w, https:\/\/scf.se\/cykelcross\/wp-content\/uploads\/sites\/4\/2024\/11\/F15-16-Dam-klasser-3-768x512.jpg 768w, https:\/\/scf.se\/cykelcross\/wp-content\/uploads\/sites\/4\/2024\/11\/F15-16-Dam-klasser-3-1536x1024.jpg 1536w, https:\/\/scf.se\/cykelcross\/wp-content\/uploads\/sites\/4\/2024\/11\/F15-16-Dam-klasser-3-2048x1365.jpg 2048w\" sizes=\"auto, (max-width: 2560px) 100vw, 2560px\" \/><\/a> <a href=\"https:\/\/scf.se\/cykelcross\/wp-content\/uploads\/sites\/4\/2024\/11\/F15-16-Dam-klasser-2-scaled.jpg\"><img loading=\"lazy\" decoding=\"async\" class=\"alignnone size-full wp-image-1778\" src=\"https:\/\/scf.se\/cykelcross\/wp-content\/uploads\/sites\/4\/2024\/11\/F15-16-Dam-klasser-2-scaled.jpg\" alt=\"\" width=\"1707\" height=\"2560\" srcset=\"https:\/\/scf.se\/cykelcross\/wp-content\/uploads\/sites\/4\/2024\/11\/F15-16-Dam-klasser-2-scaled.jpg 1707w, https:\/\/scf.se\/cykelcross\/wp-content\/uploads\/sites\/4\/2024\/11\/F15-16-Dam-klasser-2-200x300.jpg 200w, https:\/\/scf.se\/cykelcross\/wp-content\/uploads\/sites\/4\/2024\/11\/F15-16-Dam-klasser-2-683x1024.jpg 683w, https:\/\/scf.se\/cykelcross\/wp-content\/uploads\/sites\/4\/2024\/11\/F15-16-Dam-klasser-2-768x1152.jpg 768w, https:\/\/scf.se\/cykelcross\/wp-content\/uploads\/sites\/4\/2024\/11\/F15-16-Dam-klasser-2-1024x1536.jpg 1024w, https:\/\/scf.se\/cykelcross\/wp-content\/uploads\/sites\/4\/2024\/11\/F15-16-Dam-klasser-2-1365x2048.jpg 1365w\" sizes=\"auto, (max-width: 1707px) 100vw, 1707px\" \/><\/a> <a href=\"https:\/\/scf.se\/cykelcross\/wp-content\/uploads\/sites\/4\/2024\/11\/F15-16-Dam-klasser-1-scaled.jpg\"><img loading=\"lazy\" decoding=\"async\" class=\"alignnone size-full wp-image-1777\" src=\"https:\/\/scf.se\/cykelcross\/wp-content\/uploads\/sites\/4\/2024\/11\/F15-16-Dam-klasser-1-scaled.jpg\" alt=\"\" width=\"2560\" height=\"1707\" srcset=\"https:\/\/scf.se\/cykelcross\/wp-content\/uploads\/sites\/4\/2024\/11\/F15-16-Dam-klasser-1-scaled.jpg 2560w, https:\/\/scf.se\/cykelcross\/wp-content\/uploads\/sites\/4\/2024\/11\/F15-16-Dam-klasser-1-300x200.jpg 300w, https:\/\/scf.se\/cykelcross\/wp-content\/uploads\/sites\/4\/2024\/11\/F15-16-Dam-klasser-1-1024x683.jpg 1024w, https:\/\/scf.se\/cykelcross\/wp-content\/uploads\/sites\/4\/2024\/11\/F15-16-Dam-klasser-1-768x512.jpg 768w, https:\/\/scf.se\/cykelcross\/wp-content\/uploads\/sites\/4\/2024\/11\/F15-16-Dam-klasser-1-1536x1024.jpg 1536w, https:\/\/scf.se\/cykelcross\/wp-content\/uploads\/sites\/4\/2024\/11\/F15-16-Dam-klasser-1-2048x1365.jpg 2048w\" sizes=\"auto, (max-width: 2560px) 100vw, 2560px\" \/><\/a> <a href=\"https:\/\/scf.se\/cykelcross\/wp-content\/uploads\/sites\/4\/2024\/11\/H-junior-5-scaled.jpg\"><img loading=\"lazy\" decoding=\"async\" class=\"alignnone size-full wp-image-1776\" src=\"https:\/\/scf.se\/cykelcross\/wp-content\/uploads\/sites\/4\/2024\/11\/H-junior-5-scaled.jpg\" alt=\"\" width=\"1707\" height=\"2560\" srcset=\"https:\/\/scf.se\/cykelcross\/wp-content\/uploads\/sites\/4\/2024\/11\/H-junior-5-scaled.jpg 1707w, https:\/\/scf.se\/cykelcross\/wp-content\/uploads\/sites\/4\/2024\/11\/H-junior-5-200x300.jpg 200w, https:\/\/scf.se\/cykelcross\/wp-content\/uploads\/sites\/4\/2024\/11\/H-junior-5-683x1024.jpg 683w, https:\/\/scf.se\/cykelcross\/wp-content\/uploads\/sites\/4\/2024\/11\/H-junior-5-768x1152.jpg 768w, https:\/\/scf.se\/cykelcross\/wp-content\/uploads\/sites\/4\/2024\/11\/H-junior-5-1024x1536.jpg 1024w, https:\/\/scf.se\/cykelcross\/wp-content\/uploads\/sites\/4\/2024\/11\/H-junior-5-1365x2048.jpg 1365w\" sizes=\"auto, (max-width: 1707px) 100vw, 1707px\" \/><\/a> <a href=\"https:\/\/scf.se\/cykelcross\/wp-content\/uploads\/sites\/4\/2024\/11\/H-junior-4-scaled.jpg\"><img loading=\"lazy\" decoding=\"async\" class=\"alignnone size-full wp-image-1775\" src=\"https:\/\/scf.se\/cykelcross\/wp-content\/uploads\/sites\/4\/2024\/11\/H-junior-4-scaled.jpg\" alt=\"\" width=\"2560\" height=\"1707\" srcset=\"https:\/\/scf.se\/cykelcross\/wp-content\/uploads\/sites\/4\/2024\/11\/H-junior-4-scaled.jpg 2560w, https:\/\/scf.se\/cykelcross\/wp-content\/uploads\/sites\/4\/2024\/11\/H-junior-4-300x200.jpg 300w, https:\/\/scf.se\/cykelcross\/wp-content\/uploads\/sites\/4\/2024\/11\/H-junior-4-1024x683.jpg 1024w, https:\/\/scf.se\/cykelcross\/wp-content\/uploads\/sites\/4\/2024\/11\/H-junior-4-768x512.jpg 768w, https:\/\/scf.se\/cykelcross\/wp-content\/uploads\/sites\/4\/2024\/11\/H-junior-4-1536x1024.jpg 1536w, https:\/\/scf.se\/cykelcross\/wp-content\/uploads\/sites\/4\/2024\/11\/H-junior-4-2048x1365.jpg 2048w\" sizes=\"auto, (max-width: 2560px) 100vw, 2560px\" \/><\/a> <a href=\"https:\/\/scf.se\/cykelcross\/wp-content\/uploads\/sites\/4\/2024\/11\/H-junior-2-scaled.jpg\"><img loading=\"lazy\" decoding=\"async\" class=\"alignnone size-full wp-image-1774\" src=\"https:\/\/scf.se\/cykelcross\/wp-content\/uploads\/sites\/4\/2024\/11\/H-junior-2-scaled.jpg\" alt=\"\" width=\"2560\" height=\"1707\" srcset=\"https:\/\/scf.se\/cykelcross\/wp-content\/uploads\/sites\/4\/2024\/11\/H-junior-2-scaled.jpg 2560w, https:\/\/scf.se\/cykelcross\/wp-content\/uploads\/sites\/4\/2024\/11\/H-junior-2-300x200.jpg 300w, https:\/\/scf.se\/cykelcross\/wp-content\/uploads\/sites\/4\/2024\/11\/H-junior-2-1024x683.jpg 1024w, https:\/\/scf.se\/cykelcross\/wp-content\/uploads\/sites\/4\/2024\/11\/H-junior-2-768x512.jpg 768w, https:\/\/scf.se\/cykelcross\/wp-content\/uploads\/sites\/4\/2024\/11\/H-junior-2-1536x1024.jpg 1536w, https:\/\/scf.se\/cykelcross\/wp-content\/uploads\/sites\/4\/2024\/11\/H-junior-2-2048x1365.jpg 2048w\" sizes=\"auto, (max-width: 2560px) 100vw, 2560px\" \/><\/a>\n<p>&nbsp;<\/p>\n<p>\u00c5sa Erlandsson gjorde verkligen en fin helg d\u00e5 hon besegrade totalsegraren i SWE Cup, Anna Eriksmo, b\u00e4gge dagarna och p\u00e5 s\u00f6ndagen \u00e4ven Caroline Andersson som har en stark landsv\u00e4gss\u00e4song bakom sig med bland annat fina linjelopp s\u00e5v\u00e4l p\u00e5 OS som VM.<\/p>\n<p>I totalen hade Dexter Kock beh\u00f6vt n\u00e5gra po\u00e4ng till innan helgen f\u00f6r att kunna g\u00e5 f\u00f6rbi Vilmer Ekman, som inte startade i Malm\u00f6 \u2013 ska s\u00e4gas ocks\u00e5 att den internationella CX-s\u00e4songen \u00e4r i full g\u00e5ng. Annars hade duellerna med duktiga Jakob Olsson fr\u00e5n arrangerande Malm\u00f6 Cykelcross Klubb varit \u00e4nnu mera sp\u00e4nnande.<\/p>\n<p>Klara Westergren fr\u00e5n Falu CK cashade in maximala 200 po\u00e4ng under Malm\u00f6helgen och vann d\u00e4rmed SWE Cup-totalen i damjunior.<\/p>\n<p>S\u00e5 h\u00e4r slutade det i Malm\u00f6:<\/p>\n<h3>SWE Cup #8 Malm\u00f6 l\u00f6rdag<\/h3>\n<h3>Damelit<\/h3>\n<ul>\n<li>1 <strong>\u00c5sa Erlandsson<\/strong> Varbergs MTB<\/li>\n<li>2 <strong>Anna Persson<\/strong> Staffanstorp CK<\/li>\n<li>3 <strong>Anna Eriksmo<\/strong> Beijer Coaching CK<\/li>\n<\/ul>\n<h3>Herrelit<\/h3>\n<ul>\n<li>1 <strong>Simon Marquardsen<\/strong> N\u00e6stved Bicycle Club<\/li>\n<li>2 <strong>Albin De Koster<\/strong> CK Ringen<\/li>\n<\/ul>\n<h3>Damjunior<\/h3>\n<div class=\"flex max-w-full flex-col flex-grow\">\n<div class=\"min-h-8 text-message flex w-full flex-col items-end gap-2 whitespace-normal break-words [.text-message+&amp;]:mt-5\" dir=\"auto\" data-message-author-role=\"assistant\" data-message-id=\"58fe8f42-5aaf-4c9c-a6d3-43531a90e38b\" data-message-model-slug=\"gpt-4o\">\n<div class=\"flex w-full flex-col gap-1 empty:hidden first:pt-[3px]\">\n<div class=\"markdown prose w-full break-words dark:prose-invert light\">\n<ul>\n<li>1 <strong>Klara Westergren<\/strong> Falu CK<\/li>\n<\/ul>\n<\/div>\n<\/div>\n<\/div>\n<\/div>\n<h3>Herrjunior<\/h3>\n<ul>\n<li>1 <strong>Jakob Olsson<\/strong> Malm\u00f6 Cykelcross Klubb<\/li>\n<li>2 <strong>Dexter Kock<\/strong> Tyres\u00f6 CK<\/li>\n<li>3 <strong>Lukas Rask<\/strong> Malm\u00f6 Cykelcross Klubb<\/li>\n<\/ul>\n<a href=\"https:\/\/scf.se\/cykelcross\/wp-content\/uploads\/sites\/4\/2024\/11\/JonasBilder2.jpg\"><img loading=\"lazy\" decoding=\"async\" class=\"alignnone size-full wp-image-1791\" src=\"https:\/\/scf.se\/cykelcross\/wp-content\/uploads\/sites\/4\/2024\/11\/JonasBilder2.jpg\" alt=\"\" width=\"1536\" height=\"1409\" srcset=\"https:\/\/scf.se\/cykelcross\/wp-content\/uploads\/sites\/4\/2024\/11\/JonasBilder2.jpg 1536w, https:\/\/scf.se\/cykelcross\/wp-content\/uploads\/sites\/4\/2024\/11\/JonasBilder2-300x275.jpg 300w, https:\/\/scf.se\/cykelcross\/wp-content\/uploads\/sites\/4\/2024\/11\/JonasBilder2-1024x939.jpg 1024w, https:\/\/scf.se\/cykelcross\/wp-content\/uploads\/sites\/4\/2024\/11\/JonasBilder2-768x705.jpg 768w\" sizes=\"auto, (max-width: 1536px) 100vw, 1536px\" \/><\/a>\n<h3>Flickor 15\u201316<\/h3>\n<ul>\n<li>1 <strong>Lilly Temar<\/strong> IKHP Huskvarna<\/li>\n<li>2 <strong>Mathilde Ryth Leegaard<\/strong> Dansk Mountainbike Klub<\/li>\n<li>3 <strong>Elsa Widell<\/strong> Bor\u00e5s CA<\/li>\n<\/ul>\n<h3>Pojkar 15\u201316<\/h3>\n<ul>\n<li>1 <strong>Oliver Andersen<\/strong> MTB T\u00e4by<\/li>\n<li>2 <strong>Otto G\u00f6land<\/strong> FK Trampen<\/li>\n<li>3 <strong>Villads Nyegaard<\/strong> Roskilde Mountainbike Klub<\/li>\n<\/ul>\n<h3>Flickor 13\u201314<\/h3>\n<ul>\n<li>1 <strong>Ella P\u00e5lsson Gustafsson<\/strong>\u00a0FK Trampen<\/li>\n<\/ul>\n<h3>Pojkar 13\u201314<\/h3>\n<ul>\n<li>1 <strong>Oliver Jansson<\/strong> Malm\u00f6 Cykelcross Klubb<\/li>\n<li>2 <strong>Emil Oom<\/strong> Malm\u00f6 Cykelcross Klubb<\/li>\n<li>3 <strong>Oliv\u00e9r Barab\u00e1s<\/strong> Malm\u00f6 Cykelcross Klubb<\/li>\n<\/ul>\n<h3><a href=\"https:\/\/www.sportstiming.se\/event\/15246\/results\"><em>H\u00e4r hittar ni alla resultat fr\u00e5n SWE Cup-l\u00f6rdagen i Malm\u00f6!<\/em><\/a><\/h3>\n<h2>SWE Cup #9 Malm\u00f6 s\u00f6ndag<\/h2>\n<h3>Damelit<\/h3>\n<ul>\n<li>1 <strong>\u00c5sa Erlandsson<\/strong> Varbergs MTB<\/li>\n<li>2 <strong>Caroline Andersson<\/strong> Liv Alula Jayco<\/li>\n<li>3 <strong>Anna Persson<\/strong> Staffanstorp CK<\/li>\n<\/ul>\n<h3>Herrelit<\/h3>\n<ul>\n<li>1 <strong>Jimmie Andersson<\/strong> Varbergs MTB<\/li>\n<li>2 <strong>Albin De Koster<\/strong> CK Ringen<\/li>\n<\/ul>\n<h3>Damjunior<\/h3>\n<ul>\n<li>1 <strong>Klara Westergren<\/strong><\/li>\n<\/ul>\n<h3>Herrjunior<\/h3>\n<ul>\n<li>1 <strong>Dexter Kock<\/strong> Tyres\u00f6 CK<\/li>\n<li>2 <strong>Jakob Olsson<\/strong> Malm\u00f6 Cykelcross Klubb<\/li>\n<li>3 <strong>Lukas Rask<\/strong> Malm\u00f6 Cykelcross Klubb<\/li>\n<\/ul>\n<h3>Flickor 15\u201316<\/h3>\n<ul>\n<li>1 <strong>Lilly Temar<\/strong> IKHP Huskvarna<\/li>\n<li>2\u00a0<strong>Elsa Widell<\/strong> Bor\u00e5s CA<\/li>\n<li>3 <strong>Linnea Andersson<\/strong> Varbergs MTB<\/li>\n<\/ul>\n<h3>Pojkar 15\u201316<\/h3>\n<ul>\n<li>1 <strong>Oliver Andersen<\/strong> MTB T\u00e4by<\/li>\n<li>2 <strong>Melvin P\u00e5lsson Gustafsson<\/strong> Bauhaus Sportklubb<\/li>\n<li>3 <strong>Otto G\u00f6land<\/strong> FK Trampen<\/li>\n<\/ul>\n<h3>Flickor 13\u201314<\/h3>\n<ul>\n<li>1 <strong>Ella P\u00e5lsson Gustafsson<\/strong>\u00a0FK Trampen<\/li>\n<\/ul>\n<h3>Pojkar 13\u201314<\/h3>\n<ul>\n<li>1 <strong>Oliver Jansson<\/strong> Malm\u00f6 Cykelcross Klubb<\/li>\n<li>2\u00a0<strong>Oliv\u00e9r Barab\u00e1s<\/strong> Malm\u00f6 Cykelcross Klubb<\/li>\n<li>3 <strong>Emil Oom<\/strong> Malm\u00f6 Cykelcross Klubb<\/li>\n<\/ul>\n<p><a href=\"https:\/\/www.sportstiming.se\/event\/15248\/results\"><em><strong>H\u00e4r hittar ni alla resultat fr\u00e5n SWE Cup-s\u00f6ndagen i Malm\u00f6!<\/strong><\/em><\/a><\/p>\n<a href=\"https:\/\/scf.se\/cykelcross\/wp-content\/uploads\/sites\/4\/2024\/11\/JonasBilder1.jpg\"><img loading=\"lazy\" decoding=\"async\" class=\"alignnone size-full wp-image-1792\" src=\"https:\/\/scf.se\/cykelcross\/wp-content\/uploads\/sites\/4\/2024\/11\/JonasBilder1.jpg\" alt=\"\" width=\"1328\" height=\"1524\" srcset=\"https:\/\/scf.se\/cykelcross\/wp-content\/uploads\/sites\/4\/2024\/11\/JonasBilder1.jpg 1328w, https:\/\/scf.se\/cykelcross\/wp-content\/uploads\/sites\/4\/2024\/11\/JonasBilder1-261x300.jpg 261w, https:\/\/scf.se\/cykelcross\/wp-content\/uploads\/sites\/4\/2024\/11\/JonasBilder1-892x1024.jpg 892w, https:\/\/scf.se\/cykelcross\/wp-content\/uploads\/sites\/4\/2024\/11\/JonasBilder1-768x881.jpg 768w\" sizes=\"auto, (max-width: 1328px) 100vw, 1328px\" \/><\/a>\n<a href=\"https:\/\/scf.se\/cykelcross\/wp-content\/uploads\/sites\/4\/2024\/11\/CXB.jpg\"><img loading=\"lazy\" decoding=\"async\" class=\"alignnone size-full wp-image-1793\" src=\"https:\/\/scf.se\/cykelcross\/wp-content\/uploads\/sites\/4\/2024\/11\/CXB.jpg\" alt=\"\" width=\"1536\" height=\"1517\" srcset=\"https:\/\/scf.se\/cykelcross\/wp-content\/uploads\/sites\/4\/2024\/11\/CXB.jpg 1536w, https:\/\/scf.se\/cykelcross\/wp-content\/uploads\/sites\/4\/2024\/11\/CXB-300x296.jpg 300w, https:\/\/scf.se\/cykelcross\/wp-content\/uploads\/sites\/4\/2024\/11\/CXB-1024x1011.jpg 1024w, https:\/\/scf.se\/cykelcross\/wp-content\/uploads\/sites\/4\/2024\/11\/CXB-768x759.jpg 768w\" sizes=\"auto, (max-width: 1536px) 100vw, 1536px\" \/><\/a>\n<p><a href=\"https:\/\/www.sportstiming.se\/event\/15248\/results?round=85578\"><em><strong>H\u00e4r hittar ni alla resultat fr\u00e5n SWE Cup-s\u00f6ndagen i Malm\u00f6!<\/strong><\/em><\/a><\/p>\n<a href=\"https:\/\/scf.se\/cykelcross\/wp-content\/uploads\/sites\/4\/2024\/10\/Mard-1.jpg\"><img loading=\"lazy\" decoding=\"async\" class=\"alignnone size-full wp-image-1711\" src=\"https:\/\/scf.se\/cykelcross\/wp-content\/uploads\/sites\/4\/2024\/10\/Mard-1.jpg\" alt=\"\" width=\"742\" height=\"893\" srcset=\"https:\/\/scf.se\/cykelcross\/wp-content\/uploads\/sites\/4\/2024\/10\/Mard-1.jpg 742w, https:\/\/scf.se\/cykelcross\/wp-content\/uploads\/sites\/4\/2024\/10\/Mard-1-249x300.jpg 249w\" sizes=\"auto, (max-width: 742px) 100vw, 742px\" \/><\/a>\n<p>I SWE Cup-totalen segrade ocks\u00e5 Filip M\u00e5rd i herrar elit. Alla resultat i SWE Cup redovisas under SM-helgen i Ullared dit det \u00e4r h\u00f6g tid att anm\u00e4la sig. D\u00e5 \u00e4r det \u00e4ven prisutdelning i totalen i samband med respektive SM-klass.<\/p>\n<div class=\"flex items-center gap-2 pr-1 leading-[0]\">\n<p>Den avg\u00f6rande SWE Cup-helgen blir ett perfekt genrep inf\u00f6r SM som i \u00e5r g\u00e5r invid Ullareds camping i omr\u00e5det med en slalombacke, s\u00e5 r\u00e4kna med en tuff och utslagsgivande bana. Snacka om tv\u00e5 CX-h\u00f6jdare i november!<\/p>\n<\/div>\n<h2>Anm\u00e4lan SM i cykelcross<\/h2>\n<ul>\n<li><strong>23\u201324 november<\/strong>: SM Ullared (g\u00e4ller 2025 \u00e5rs SM d\u00e5 Sverige har dispens f\u00f6r att arrangera tidigare p\u00e5 grund av v\u00e4derf\u00f6rh\u00e5llanden).\u00a0<em><strong><br \/>\n<a href=\"https:\/\/www.sportstiming.se\/event\/15167\">Info och anm\u00e4lan ungdom och masters l\u00f6rdag.<\/a><\/strong><\/em><em><strong><br \/>\n<a href=\"https:\/\/www.sportstiming.se\/event\/15167\">Info och anm\u00e4lan till Ge-K\u00e5s Open Race (motionsklass s\u00f6ndag)<\/a><br \/>\n<a href=\"https:\/\/www.sportstiming.se\/event\/15167\">Info och anm\u00e4lan junior och seniorelit s\u00f6ndag.<\/a><\/strong><\/em><\/li>\n<\/ul>\n<p><em>Text: SCF<\/em><br \/>\n<em>Foto: Karl Edstr\u00f6m, alla utom de fyra nedersta d\u00e4r det \u00e4r SCF<\/em><\/p>\n","protected":false},"excerpt":{"rendered":"<p>Det var en v\u00e4ldigt fin avslutning p\u00e5 SWE Cup i cykelcross n\u00e4r Malm\u00f6 tog emot f\u00f6r de tv\u00e5 sista delt\u00e4vlingarna. Tyv\u00e4rr var deltagarantalet inte alls i paritet med arrangemangets klass. Men \u00c5sa Erlandsson i damsenior, herrjuniorerna Jakob Olsson och Dexter Kock som hade h\u00e4rliga dueller b\u00e5da dagarna samt \u00e4ldre ungdom som Lilly Temar och<a href=\"https:\/\/scf.se\/cykelcross\/bildextra-mycket-fina-banor-nar-swe-cup-avslutades-i-malmo\/\" class=\"news-card__more\"> &#8230;<\/a><\/p>\n","protected":false},"author":41,"featured_media":1785,"comment_status":"open","ping_status":"open","sticky":false,"template":"","format":"standard","meta":{"_acf_changed":false,"footnotes":""},"categories":[1],"tags":[],"class_list":["post-1772","post","type-post","status-publish","format-standard","hentry","category-cykelcross"],"acf":[],"_links":{"self":[{"href":"https:\/\/scf.se\/cykelcross\/wp-json\/wp\/v2\/posts\/1772","targetHints":{"allow":["GET"]}}],"collection":[{"href":"https:\/\/scf.se\/cykelcross\/wp-json\/wp\/v2\/posts"}],"about":[{"href":"https:\/\/scf.se\/cykelcross\/wp-json\/wp\/v2\/types\/post"}],"author":[{"embeddable":true,"href":"https:\/\/scf.se\/cykelcross\/wp-json\/wp\/v2\/users\/41"}],"replies":[{"embeddable":true,"href":"https:\/\/scf.se\/cykelcross\/wp-json\/wp\/v2\/comments?post=1772"}],"version-history":[{"count":10,"href":"https:\/\/scf.se\/cykelcross\/wp-json\/wp\/v2\/posts\/1772\/revisions"}],"predecessor-version":[{"id":1803,"href":"https:\/\/scf.se\/cykelcross\/wp-json\/wp\/v2\/posts\/1772\/revisions\/1803"}],"wp:featuredmedia":[{"embeddable":true,"href":"https:\/\/scf.se\/cykelcross\/wp-json\/wp\/v2\/media\/1785"}],"wp:attachment":[{"href":"https:\/\/scf.se\/cykelcross\/wp-json\/wp\/v2\/media?parent=1772"}],"wp:term":[{"taxonomy":"category","embeddable":true,"href":"https:\/\/scf.se\/cykelcross\/wp-json\/wp\/v2\/categories?post=1772"},{"taxonomy":"post_tag","embeddable":true,"href":"https:\/\/scf.se\/cykelcross\/wp-json\/wp\/v2\/tags?post=1772"}],"curies":[{"name":"wp","href":"https:\/\/api.w.org\/{rel}","templated":true}]}}