
{"id":1759,"date":"2024-11-04T08:59:20","date_gmt":"2024-11-04T07:59:20","guid":{"rendered":"https:\/\/scf.se\/cykelcross\/?p=1759"},"modified":"2024-11-04T10:05:12","modified_gmt":"2024-11-04T09:05:12","slug":"stabila-svenska-insatser-pa-cx-em-i-spanska-pontevedra","status":"publish","type":"post","link":"https:\/\/scf.se\/cykelcross\/stabila-svenska-insatser-pa-cx-em-i-spanska-pontevedra\/","title":{"rendered":"Tre stabila svenska insatser under cykelcross-EM i spanska Pontevedra"},"content":{"rendered":"<div class=\"flex max-w-full flex-col flex-grow\">\n<div class=\"min-h-8 text-message flex w-full flex-col items-end gap-2 whitespace-normal break-words [.text-message+&amp;]:mt-5\" dir=\"auto\" data-message-author-role=\"assistant\" data-message-id=\"eebf531f-4f04-46af-b554-ee30cedc9382\" data-message-model-slug=\"gpt-4o\">\n<div class=\"flex w-full flex-col gap-1 empty:hidden first:pt-[3px]\">\n<div class=\"markdown prose w-full break-words dark:prose-invert light\">\n<p><strong>Det levererades stabila svenska lopp p\u00e5 cykelcross-EM i spanska Pontevedra under s\u00f6ndagen. P\u00e5 juniorsidan var Vilmer Ekman bara 1:35 fr\u00e5n t\u00e4t, vilket r\u00e4ckte till att bli 22:a p\u00e5 CX-EM.<\/strong><\/p>\n<p>Allsidige cyklisten Vilmer Ekman, som \u00e4r allra b\u00e4st p\u00e5 CX-hojen, har vunnit en UCI-t\u00e4vling i Danmark och h\u00e5llit h\u00f6g niv\u00e5 med en rad andraplatser under den svenska CX-superveckan med fem UCI C2-t\u00e4vlingar p\u00e5 nio dagar. Efter detta l\u00e5g han sjua p\u00e5 UCI-rankingen.<\/p>\n<a href=\"https:\/\/scf.se\/cykelcross\/wp-content\/uploads\/sites\/4\/2024\/11\/CXEM2.jpg\"><img loading=\"lazy\" decoding=\"async\" class=\"alignnone size-full wp-image-1761\" src=\"https:\/\/scf.se\/cykelcross\/wp-content\/uploads\/sites\/4\/2024\/11\/CXEM2.jpg\" alt=\"\" width=\"2300\" height=\"2103\" srcset=\"https:\/\/scf.se\/cykelcross\/wp-content\/uploads\/sites\/4\/2024\/11\/CXEM2.jpg 2300w, https:\/\/scf.se\/cykelcross\/wp-content\/uploads\/sites\/4\/2024\/11\/CXEM2-300x274.jpg 300w, https:\/\/scf.se\/cykelcross\/wp-content\/uploads\/sites\/4\/2024\/11\/CXEM2-1024x936.jpg 1024w, https:\/\/scf.se\/cykelcross\/wp-content\/uploads\/sites\/4\/2024\/11\/CXEM2-768x702.jpg 768w, https:\/\/scf.se\/cykelcross\/wp-content\/uploads\/sites\/4\/2024\/11\/CXEM2-1536x1404.jpg 1536w, https:\/\/scf.se\/cykelcross\/wp-content\/uploads\/sites\/4\/2024\/11\/CXEM2-2048x1873.jpg 2048w\" sizes=\"auto, (max-width: 2300px) 100vw, 2300px\" \/><\/a>\n<p>\u00c4ven i Pontevedra fick Ekman till ett bra lopp, men det var oerh\u00f6rt tajt i toppen d\u00e4r italienarna verkligen utmanade belgarna som lag, med seger f\u00f6r Mattia Agostinacchio.<\/p>\n<p>Dexter Kock fick chansen sent att g\u00f6ra debut p\u00e5 den h\u00e4r niv\u00e5n och gjorde det bra, under fyra minuter efter n\u00e4mnde italienare.<\/p>\n<p>I U23-klassen har Filip M\u00e5rd k\u00f6rt stabilt under den tidiga s\u00e4songen med mycket t\u00e4vlande i Norden. Nu var han 4.44 efter segrande belgaren Jente Michels och slutade p\u00e5 27:e plats.<\/p>\n<p>Sverige hade \u00e4ven m\u00e5nga fina resultat p\u00e5 damjuniorsidan under den n\u00e4mnda CX-superveckan, men tyv\u00e4rr kunde ingen komma till start i EM. S\u00e5 h\u00e4r slutade de b\u00e4gge klasserna med svenskt deltagande i siffror.<\/p>\n<a href=\"https:\/\/scf.se\/cykelcross\/wp-content\/uploads\/sites\/4\/2024\/11\/Cyclocross5.jpg\"><img loading=\"lazy\" decoding=\"async\" class=\"alignnone size-full wp-image-1763\" src=\"https:\/\/scf.se\/cykelcross\/wp-content\/uploads\/sites\/4\/2024\/11\/Cyclocross5.jpg\" alt=\"\" width=\"2112\" height=\"1860\" srcset=\"https:\/\/scf.se\/cykelcross\/wp-content\/uploads\/sites\/4\/2024\/11\/Cyclocross5.jpg 2112w, https:\/\/scf.se\/cykelcross\/wp-content\/uploads\/sites\/4\/2024\/11\/Cyclocross5-300x264.jpg 300w, https:\/\/scf.se\/cykelcross\/wp-content\/uploads\/sites\/4\/2024\/11\/Cyclocross5-1024x902.jpg 1024w, https:\/\/scf.se\/cykelcross\/wp-content\/uploads\/sites\/4\/2024\/11\/Cyclocross5-768x676.jpg 768w, https:\/\/scf.se\/cykelcross\/wp-content\/uploads\/sites\/4\/2024\/11\/Cyclocross5-1536x1353.jpg 1536w, https:\/\/scf.se\/cykelcross\/wp-content\/uploads\/sites\/4\/2024\/11\/Cyclocross5-2048x1804.jpg 2048w\" sizes=\"auto, (max-width: 2112px) 100vw, 2112px\" \/><\/a>\n<\/div>\n<\/div>\n<\/div>\n<\/div>\n<h3>CX-EM herrjunior<\/h3>\n<ul>\n<li><strong>1 Mattia Agostinacchio<\/strong> Italien, 40:13<\/li>\n<li><strong>2 Valentin Hofer<\/strong> \u00d6sterrike, +0:08<\/li>\n<li><strong>3 Mats Vanden Eynde<\/strong> Belgien, +0:10<\/li>\n<li><strong>4 Benjamin Noval Suarez<\/strong> Spanien, +0:11<\/li>\n<li><strong>5 Giel Lejeune<\/strong> Belgien, +0:12<\/li>\n<li><strong>6 Ettore Fabbro<\/strong> Italien, +0:17<\/li>\n<li><strong>22 Vilmer Ekman<\/strong> Sverige, +1:35<\/li>\n<li><strong>39 Dexter Kock<\/strong> Sverige, +3:54<\/li>\n<\/ul>\n<a href=\"https:\/\/scf.se\/cykelcross\/wp-content\/uploads\/sites\/4\/2024\/11\/CyclocrossEM3.jpg\"><img loading=\"lazy\" decoding=\"async\" class=\"alignnone size-full wp-image-1762\" src=\"https:\/\/scf.se\/cykelcross\/wp-content\/uploads\/sites\/4\/2024\/11\/CyclocrossEM3.jpg\" alt=\"\" width=\"2200\" height=\"1607\" srcset=\"https:\/\/scf.se\/cykelcross\/wp-content\/uploads\/sites\/4\/2024\/11\/CyclocrossEM3.jpg 2200w, https:\/\/scf.se\/cykelcross\/wp-content\/uploads\/sites\/4\/2024\/11\/CyclocrossEM3-300x219.jpg 300w, https:\/\/scf.se\/cykelcross\/wp-content\/uploads\/sites\/4\/2024\/11\/CyclocrossEM3-1024x748.jpg 1024w, https:\/\/scf.se\/cykelcross\/wp-content\/uploads\/sites\/4\/2024\/11\/CyclocrossEM3-768x561.jpg 768w, https:\/\/scf.se\/cykelcross\/wp-content\/uploads\/sites\/4\/2024\/11\/CyclocrossEM3-1536x1122.jpg 1536w, https:\/\/scf.se\/cykelcross\/wp-content\/uploads\/sites\/4\/2024\/11\/CyclocrossEM3-2048x1496.jpg 2048w\" sizes=\"auto, (max-width: 2200px) 100vw, 2200px\" \/><\/a>\n<h3>CX-EM herrar U23<\/h3>\n<ul>\n<li><strong>1 Jente Michels<\/strong> Belgien, 52:11<\/li>\n<li><strong>2 Filippo Agostinacchio<\/strong> Italien, +0:03<\/li>\n<li><strong>3 Aubin Sparfel<\/strong> Frankrike, +0:12<\/li>\n<li><strong>4 Yordi Corsus<\/strong> Belgien, +0:12<\/li>\n<li><strong>5 Nathan Bommenel<\/strong> Frankrike, +0:22<\/li>\n<li><strong>6 Danny Van Lierop<\/strong> Nederl\u00e4nderna, +0:23<\/li>\n<li><strong>27 Filip M\u00e5rd<\/strong> Sverige, +4:44<\/li>\n<\/ul>\n<p><em>Text och foto: SCF<\/em><\/p>\n","protected":false},"excerpt":{"rendered":"<p>Det levererades stabila svenska lopp p\u00e5 cykelcross-EM i spanska Pontevedra under s\u00f6ndagen. P\u00e5 juniorsidan var Vilmer Ekman bara 1:35 fr\u00e5n t\u00e4t, vilket r\u00e4ckte till att bli 22:a p\u00e5 CX-EM. Allsidige cyklisten Vilmer Ekman, som \u00e4r allra b\u00e4st p\u00e5 CX-hojen, har vunnit en UCI-t\u00e4vling i Danmark och h\u00e5llit h\u00f6g niv\u00e5 med en rad andraplatser under<a href=\"https:\/\/scf.se\/cykelcross\/stabila-svenska-insatser-pa-cx-em-i-spanska-pontevedra\/\" class=\"news-card__more\"> &#8230;<\/a><\/p>\n","protected":false},"author":41,"featured_media":1760,"comment_status":"open","ping_status":"open","sticky":false,"template":"","format":"standard","meta":{"_acf_changed":false,"footnotes":""},"categories":[1],"tags":[],"class_list":["post-1759","post","type-post","status-publish","format-standard","hentry","category-cykelcross"],"acf":[],"_links":{"self":[{"href":"https:\/\/scf.se\/cykelcross\/wp-json\/wp\/v2\/posts\/1759","targetHints":{"allow":["GET"]}}],"collection":[{"href":"https:\/\/scf.se\/cykelcross\/wp-json\/wp\/v2\/posts"}],"about":[{"href":"https:\/\/scf.se\/cykelcross\/wp-json\/wp\/v2\/types\/post"}],"author":[{"embeddable":true,"href":"https:\/\/scf.se\/cykelcross\/wp-json\/wp\/v2\/users\/41"}],"replies":[{"embeddable":true,"href":"https:\/\/scf.se\/cykelcross\/wp-json\/wp\/v2\/comments?post=1759"}],"version-history":[{"count":5,"href":"https:\/\/scf.se\/cykelcross\/wp-json\/wp\/v2\/posts\/1759\/revisions"}],"predecessor-version":[{"id":1768,"href":"https:\/\/scf.se\/cykelcross\/wp-json\/wp\/v2\/posts\/1759\/revisions\/1768"}],"wp:featuredmedia":[{"embeddable":true,"href":"https:\/\/scf.se\/cykelcross\/wp-json\/wp\/v2\/media\/1760"}],"wp:attachment":[{"href":"https:\/\/scf.se\/cykelcross\/wp-json\/wp\/v2\/media?parent=1759"}],"wp:term":[{"taxonomy":"category","embeddable":true,"href":"https:\/\/scf.se\/cykelcross\/wp-json\/wp\/v2\/categories?post=1759"},{"taxonomy":"post_tag","embeddable":true,"href":"https:\/\/scf.se\/cykelcross\/wp-json\/wp\/v2\/tags?post=1759"}],"curies":[{"name":"wp","href":"https:\/\/api.w.org\/{rel}","templated":true}]}}