
{"id":1740,"date":"2024-10-31T14:18:12","date_gmt":"2024-10-31T13:18:12","guid":{"rendered":"https:\/\/scf.se\/cykelcross\/?p=1740"},"modified":"2024-10-31T14:38:25","modified_gmt":"2024-10-31T13:38:25","slug":"anmal-till-malmos-helg-pa-tekniska-ovalen-som-avslutar-swe-cup","status":"publish","type":"post","link":"https:\/\/scf.se\/cykelcross\/anmal-till-malmos-helg-pa-tekniska-ovalen-som-avslutar-swe-cup\/","title":{"rendered":"Missa inte Malm\u00f6s tekniska CX-helg p\u00e5 Ovalen \u2013 fin SWE Cup-avslutning"},"content":{"rendered":"<p><strong>Vi b\u00f6rjar f\u00e5 riktigt cykelcrossv\u00e4der, lagom tjurigt med bl\u00e5st och ih\u00e5llande duggregn. Vad passar d\u00e5 b\u00e4ttre \u00e4n att Malm\u00f6 Cykelcross (MCX) avslutar SWE Cup-s\u00e4songen med en riktig CX-h\u00f6jdarhelg. Missa inte att s\u00f6ndag 3 november \u00e4r sista ordinarie anm\u00e4lningsdag.<\/strong><\/p>\n<p>Malm\u00f6 Cykelcross Klubb har riktigt bra drag i verksamheten b\u00e5de p\u00e5 bredden och med m\u00e5nga vassa cyklister. Jakob Olsson \u00e4r\u00a0 exempelvis minst sagt med i toppstriden i SWE Cup och d\u00e5 \u00e4r Sverige starkt p\u00e5 juniorsidan just nu, b\u00e5de n\u00e4r det g\u00e4ller damerna och herrarna.<\/p>\n<p>Och arrang\u00f6ren MCX utlovar en utslagsgivande bana:<\/p>\n<blockquote><p>&#8221;Jag vill nog p\u00e5st\u00e5 att Ovalen \u00e4r Sveriges mest tekniska bana, \u00e4ven om vi f\u00e5tt g\u00f6ra den lite l\u00e4ttare, s\u00e5 kan man inte sin CX-teknik kommer man bli ob\u00f6nh\u00f6rligt straffad&#8221;, s\u00e4ger Bj\u00f6rn Stoltz.<\/p><\/blockquote>\n<a href=\"https:\/\/scf.se\/cykelcross\/wp-content\/uploads\/sites\/4\/2024\/10\/MCX2.jpg\"><img loading=\"lazy\" decoding=\"async\" class=\"alignnone size-full wp-image-1744\" src=\"https:\/\/scf.se\/cykelcross\/wp-content\/uploads\/sites\/4\/2024\/10\/MCX2.jpg\" alt=\"\" width=\"1000\" height=\"1004\" srcset=\"https:\/\/scf.se\/cykelcross\/wp-content\/uploads\/sites\/4\/2024\/10\/MCX2.jpg 1000w, https:\/\/scf.se\/cykelcross\/wp-content\/uploads\/sites\/4\/2024\/10\/MCX2-300x300.jpg 300w, https:\/\/scf.se\/cykelcross\/wp-content\/uploads\/sites\/4\/2024\/10\/MCX2-150x150.jpg 150w, https:\/\/scf.se\/cykelcross\/wp-content\/uploads\/sites\/4\/2024\/10\/MCX2-768x771.jpg 768w\" sizes=\"auto, (max-width: 1000px) 100vw, 1000px\" \/><\/a>\n<p>F\u00f6r er som vill testa Ovalen i Malm\u00f6 i f\u00e4rdigt skick inf\u00f6r SWE Cup-helgen s\u00e5 \u00e4r banan \u00f6ppen f\u00f6r tr\u00e4ning f\u00f6ljande tider \u2013 t\u00e4nk p\u00e5 att lampa kan beh\u00f6vas p\u00e5 fredag kv\u00e4ll och l\u00f6rdag morgon.<\/p>\n<ul>\n<li><strong>Fredag 8 november<\/strong>, kl 14.00\u201320.00.<\/li>\n<li><strong>L\u00f6rdag 9 november<\/strong>, f\u00f6re f\u00f6rsta start, 10.15\u201311.00 och 12.05\u201312.45.<\/li>\n<\/ul>\n<a href=\"https:\/\/scf.se\/cykelcross\/wp-content\/uploads\/sites\/4\/2024\/10\/MCX3.jpg\"><img loading=\"lazy\" decoding=\"async\" class=\"alignnone size-full wp-image-1743\" src=\"https:\/\/scf.se\/cykelcross\/wp-content\/uploads\/sites\/4\/2024\/10\/MCX3.jpg\" alt=\"\" width=\"622\" height=\"598\" srcset=\"https:\/\/scf.se\/cykelcross\/wp-content\/uploads\/sites\/4\/2024\/10\/MCX3.jpg 622w, https:\/\/scf.se\/cykelcross\/wp-content\/uploads\/sites\/4\/2024\/10\/MCX3-300x288.jpg 300w\" sizes=\"auto, (max-width: 622px) 100vw, 622px\" \/><\/a>\n<p>Det \u00e4r en speciell SWE Cup i \u00e5r med s\u00e5 mycket internationellt inslag och inte minst danskarna kan ju komma tillbaka i Malm\u00f6.<\/p>\n<p>Slagl\u00e4ge f\u00f6r att vinna SWE Cup 2024 i seniorelit och junior har Filip M\u00e5rd, L\u00e4nna Sport CK, Anna Eriksmo\u00a0Beijer Coaching CK, Vilmer Ekman Bauhaus Sportklubb och s\u00e5 \u00e4r det v\u00e4ldigt j\u00e4mnt och sp\u00e4nnande i damjunior. S\u00e5 h\u00e4r \u00e4r st\u00e4llningen just nu:<\/p>\n<h3>Herrelit<\/h3>\n<ul>\n<li><strong>1 Filip M\u00e5rd<\/strong> L\u00e4nna Sport CK, 494 po\u00e4ng<\/li>\n<li><strong>2 Bailey Groenendaal<\/strong> Nederl\u00e4nderna, 418 po\u00e4ng<\/li>\n<li><strong>3 Hannes Degenkolb<\/strong> Tyskland, 393 po\u00e4ng<\/li>\n<li><strong>4 Lucas Molin<\/strong> Falu CK, 371 po\u00e4ng<\/li>\n<li><strong>5 Miles Gevaert<\/strong> Belgien, 361 po\u00e4ng<\/li>\n<li><strong>6 Daniel Weis Nielsen<\/strong> Danmark, 357 po\u00e4ng<\/li>\n<li><strong>8 Rasmus Alm<\/strong> ML Sports Club, 318 po\u00e4ng<\/li>\n<li><strong>11 Sebastian Pettersson<\/strong> Finsp\u00e5ngs CA, 278 po\u00e4ng<\/li>\n<li><strong>17 Paul Greijus<\/strong> Bauhaus Sportklubb, 201 po\u00e4ng<\/li>\n<li><strong>20 Ville Merl\u00f6v<\/strong> \u00c5storps CK, 157 po\u00e4ng<\/li>\n<li><strong>21 Andr\u00e9 Eriksson<\/strong> Varbergs MTB, 139 po\u00e4ng<\/li>\n<li><strong>22 Martin S\u00f6derstr\u00f6m<\/strong> Bauhaus Sportklubb, 134 po\u00e4ng<\/li>\n<li><strong>28 Henrik Jansson<\/strong> Bauhaus Sportklubb, 102 po\u00e4ng<\/li>\n<\/ul>\n<h3>Damelit<\/h3>\n<ul>\n<li><strong>1 Jinse Peeters<\/strong> Belgien, 468 po\u00e4ng<\/li>\n<li><strong>2 Xan Crees<\/strong> Storbritannien, 425 po\u00e4ng<\/li>\n<li><strong>3 Anna Eriksmo<\/strong>\u00a0Beijer Coaching CK, 405 po\u00e4ng<\/li>\n<li><strong>4 Oda Laforce<\/strong> Norge, 372 po\u00e4ng<\/li>\n<li><strong>5 Ad\u00e8le Hurteloup<\/strong> Frankrike, 363 po\u00e4ng<\/li>\n<li><strong>6 Kaija Budde<\/strong> Tyskland, 362 po\u00e4ng<\/li>\n<li><strong>11 Ida Ossiansson<\/strong> Kv\u00e4nums IF, 264 po\u00e4ng<\/li>\n<li><strong>12 Lina Eriksson<\/strong> Falu CK, 227 po\u00e4ng<\/li>\n<li><strong>13 Anna Persson<\/strong> Staffanstorp CK, 206 po\u00e4ng<\/li>\n<li><strong>14 \u00c5sa Erlandsson<\/strong> Varbergs MTB, 165 po\u00e4ng<\/li>\n<li><strong>16 Ida Ullstrand<\/strong> CK Hymer, 150 po\u00e4ng<\/li>\n<\/ul>\n<h3>Herrjunior<\/h3>\n<ul>\n<li><strong>1 Vilmer Ekman<\/strong> Bauhaus Sportklubb, 609 po\u00e4ng<\/li>\n<li><strong>2 Dexter Kock<\/strong> Tyres\u00f6 CK, 452 po\u00e4ng<\/li>\n<li><strong>3 Jakob Olsson<\/strong> Malm\u00f6 Cykelcross Klubb, 446 po\u00e4ng<\/li>\n<li><strong>4 Lars De Nys<\/strong> Belgien, 428 po\u00e4ng<\/li>\n<li><strong>5 Vilmar Aastrup<\/strong> Bauhaus Sportklubb, 400 po\u00e4ng<\/li>\n<li><strong>6 Anton Karlsson<\/strong> Enk\u00f6pings CK, 385 po\u00e4ng<\/li>\n<li><strong>7 Axel Tufvesson<\/strong> CK Lunedi, 307 po\u00e4ng<\/li>\n<li><strong>9 Dante Andersson<\/strong> Kv\u00e4nums IF, 288 po\u00e4ng<\/li>\n<li><strong>10 Ludvig Berndt<\/strong> Malm\u00f6 Cykelcross Klubb, 284 po\u00e4ng<\/li>\n<li><strong>12 Emil Oskarsson<\/strong> Alings\u00e5s SC, 251 po\u00e4ng<\/li>\n<li><strong>13 Edward Widestadh<\/strong> Malm\u00f6 Cykelcross Klubb, 236 po\u00e4ng<\/li>\n<li><strong>14 Oscar Lorentson<\/strong> Anderstorps OK, 231 po\u00e4ng<\/li>\n<li><strong>16 Alvar Wallin<\/strong> Tyres\u00f6 CK, 162 po\u00e4ng<\/li>\n<li><strong>20 Viktor \u00c5kerberg<\/strong> Team LeWa Sport, 137 po\u00e4ng<\/li>\n<\/ul>\n<div class=\"flex items-center gap-2 pr-1 leading-[0]\">\n<h3>Damjunior<\/h3>\n<ul>\n<li><strong>1 Mille Foldager Nielsen<\/strong> Danmark, 474 po\u00e4ng<\/li>\n<li><strong>2 Klara Westergren<\/strong> Falu CK, 403 po\u00e4ng<\/li>\n<li><strong>3 Elinore Nilsson<\/strong> IK Trasten, 399 po\u00e4ng<\/li>\n<li><strong>4 Clara Widell<\/strong> Bor\u00e5s CA, 398 po\u00e4ng<\/li>\n<li><strong>5 Linnea Nilsson<\/strong> IK Trasten, 373 po\u00e4ng<\/li>\n<li><strong>6 Disa Molin<\/strong> Falu CK, 352 po\u00e4ng<\/li>\n<li><strong>7 Elin \u00c5lsj\u00f6<\/strong> CK Uni, 348 po\u00e4ng<\/li>\n<li><strong>9 Alva Felldin<\/strong> V\u00e4ster\u00e5s CK, 297 po\u00e4ng<\/li>\n<li><strong>10 Molly Evaldsson<\/strong> Kv\u00e4nums IF, 228 po\u00e4ng<\/li>\n<li><strong>11 Thea Persson<\/strong> Kv\u00e4nums IF, 223 po\u00e4ng<\/li>\n<\/ul>\n<h3><a href=\"https:\/\/www.sportstiming.se\/event\/15016\/points\"><strong><em>H\u00e4r hittar ni alla resultat fr\u00e5n \u00e5rets CX-serier!<\/em><\/strong><\/a><\/h3>\n<p>Den avg\u00f6rande SWE Cup-helgen blir ett perfekt genrep inf\u00f6r SM som i \u00e5r g\u00e5r invid Ullareds camping i omr\u00e5det med en slalombacke, s\u00e5 r\u00e4kna med en tuff och utslagsgivande bana. Snacka om tv\u00e5 CX-h\u00f6jdare i november!<\/p>\n<\/div>\n<h2>Anm\u00e4lan till \u00e5terst\u00e5ende CX-t\u00e4vlingsprogram 2024<\/h2>\n<ul>\n<li><strong>9\u201310 november<\/strong>: SWE Cup Malm\u00f6, samtliga klasser.<br \/>\n<em><em><strong><a href=\"https:\/\/www.sportstiming.se\/event\/15246\"> Info och anm\u00e4lan dag 1.<\/a><br \/>\n<a href=\"https:\/\/www.sportstiming.se\/event\/15248\">Info och anm\u00e4lan dag 2.<\/a><br \/>\n<\/strong>Sista ordinarie anm\u00e4lan st\u00e4nger 3 november, r<\/em><\/em>egistreringen f\u00f6r efteranm\u00e4lan st\u00e4nger 7 november 23.59.<\/li>\n<li><strong>23\u201324 november<\/strong>: SM Ullared.\u00a0<em><strong><br \/>\n<a href=\"https:\/\/www.sportstiming.se\/event\/15167\">Info och anm\u00e4lan ungdom och masters l\u00f6rdag.<\/a><\/strong><\/em><em><strong><br \/>\n<a href=\"https:\/\/www.sportstiming.se\/event\/15167\">Info och anm\u00e4lan till Ge-K\u00e5s Open Race (motionsklass s\u00f6ndag)<\/a><br \/>\n<a href=\"https:\/\/www.sportstiming.se\/event\/15167\">Info och anm\u00e4lan junior och seniorelit s\u00f6ndag.<\/a><\/strong><\/em><\/li>\n<\/ul>\n<div class=\"flex items-center gap-2 pr-1 leading-[0]\">\n<p><em>Text: SCF<br \/>\nFoto: Lukas Ljungdahl\u00a0<\/em><\/p>\n<hr \/>\n<a href=\"https:\/\/scf.se\/e-cycling\/e-cyclinglicens\/\"><img loading=\"lazy\" decoding=\"async\" class=\"alignnone size-full wp-image-7197\" src=\"https:\/\/scf.se\/forbundet\/wp-content\/uploads\/sites\/9\/2024\/03\/Kop-licens-cykelmagasinet4.jpg\" alt=\"\" width=\"2000\" height=\"655\" \/><\/a>\n<\/div>\n","protected":false},"excerpt":{"rendered":"<p>Vi b\u00f6rjar f\u00e5 riktigt cykelcrossv\u00e4der, lagom tjurigt med bl\u00e5st och ih\u00e5llande duggregn. Vad passar d\u00e5 b\u00e4ttre \u00e4n att Malm\u00f6 Cykelcross (MCX) avslutar SWE Cup-s\u00e4songen med en riktig CX-h\u00f6jdarhelg. Missa inte att s\u00f6ndag 3 november \u00e4r sista ordinarie anm\u00e4lningsdag. Malm\u00f6 Cykelcross Klubb har riktigt bra drag i verksamheten b\u00e5de p\u00e5 bredden och med m\u00e5nga vassa<a href=\"https:\/\/scf.se\/cykelcross\/anmal-till-malmos-helg-pa-tekniska-ovalen-som-avslutar-swe-cup\/\" class=\"news-card__more\"> &#8230;<\/a><\/p>\n","protected":false},"author":41,"featured_media":1745,"comment_status":"open","ping_status":"open","sticky":false,"template":"","format":"standard","meta":{"_acf_changed":false,"footnotes":""},"categories":[1],"tags":[],"class_list":["post-1740","post","type-post","status-publish","format-standard","hentry","category-cykelcross"],"acf":[],"_links":{"self":[{"href":"https:\/\/scf.se\/cykelcross\/wp-json\/wp\/v2\/posts\/1740","targetHints":{"allow":["GET"]}}],"collection":[{"href":"https:\/\/scf.se\/cykelcross\/wp-json\/wp\/v2\/posts"}],"about":[{"href":"https:\/\/scf.se\/cykelcross\/wp-json\/wp\/v2\/types\/post"}],"author":[{"embeddable":true,"href":"https:\/\/scf.se\/cykelcross\/wp-json\/wp\/v2\/users\/41"}],"replies":[{"embeddable":true,"href":"https:\/\/scf.se\/cykelcross\/wp-json\/wp\/v2\/comments?post=1740"}],"version-history":[{"count":14,"href":"https:\/\/scf.se\/cykelcross\/wp-json\/wp\/v2\/posts\/1740\/revisions"}],"predecessor-version":[{"id":1757,"href":"https:\/\/scf.se\/cykelcross\/wp-json\/wp\/v2\/posts\/1740\/revisions\/1757"}],"wp:featuredmedia":[{"embeddable":true,"href":"https:\/\/scf.se\/cykelcross\/wp-json\/wp\/v2\/media\/1745"}],"wp:attachment":[{"href":"https:\/\/scf.se\/cykelcross\/wp-json\/wp\/v2\/media?parent=1740"}],"wp:term":[{"taxonomy":"category","embeddable":true,"href":"https:\/\/scf.se\/cykelcross\/wp-json\/wp\/v2\/categories?post=1740"},{"taxonomy":"post_tag","embeddable":true,"href":"https:\/\/scf.se\/cykelcross\/wp-json\/wp\/v2\/tags?post=1740"}],"curies":[{"name":"wp","href":"https:\/\/api.w.org\/{rel}","templated":true}]}}