
{"id":1727,"date":"2024-10-30T09:06:45","date_gmt":"2024-10-30T08:06:45","guid":{"rendered":"https:\/\/scf.se\/cykelcross\/?p=1727"},"modified":"2024-10-31T14:46:20","modified_gmt":"2024-10-31T13:46:20","slug":"vilmer-sjua-pa-juniorernas-pa-varldsranking-dexter-blixtinkallad-till-em-laget","status":"publish","type":"post","link":"https:\/\/scf.se\/cykelcross\/vilmer-sjua-pa-juniorernas-pa-varldsranking-dexter-blixtinkallad-till-em-laget\/","title":{"rendered":"Vilmer Ekman sjua p\u00e5 UCI-ranking och Dexter Kock f\u00e5r plats i EM-laget"},"content":{"rendered":"<p><strong> Det \u00e4r fortfarande en trio som \u00e5ker till cykelcross-EM i spanska Pontevedra den 3 november. Men U23-cyklisten Paul Greijus har best\u00e4mt sig f\u00f6r att avst\u00e5. D\u00e4rmed f\u00e5r i st\u00e4llet junioren Dexter Kock chansen. Samtidigt noterar vi att regerande svenska juniorm\u00e4staren , Vilmer Ekman, just nu \u00e4r sjua p\u00e5 UCU-rankingen.<\/strong><\/p>\n<blockquote><p>&#8221;Paul Greijus har meddelat att han tyv\u00e4rr inte k\u00e4nner att han inte kan f\u00e5 ut all potential som finns (Paul \u00e4r exempelvis regerande svensk m\u00e4stare i seniorelit, v\u00e5r anm\u00e4rkning) och ser hellre att vi ger m\u00f6jligheten till n\u00e5gon annan. S\u00e5 med kort varsel s\u00e5 kommer Dexter Kock att \u00e5ka med. Detta p\u00e5 grund av av att han k\u00f6rt stabilt under de fem C2:orna p\u00e5 hemmaplan, och sedan k\u00f6rt v\u00e4ldigt fint i Danmark&#8221;, s\u00e4ger CX-f\u00f6rbundskaptenen Peter Vingstedt.<\/p><\/blockquote>\n<p>D\u00e4rmed blir det tv\u00e5 herrjuniorer i det svenska tremannalaget d\u00e4r det ska noteras att flera damjuniorer ocks\u00e5 var aktuella men gav \u00e5terbud av olika relevanta sk\u00e4l.<\/p>\n<p>En annan som har k\u00f6rt bra i Danmark \u00e4r minst sagt Vilmer Ekman, som innan radade upp andraplaceringar i en vass topp p\u00e5 herrjunior i n\u00e4mnda UCI C2-lopp i T\u00e4by, Falun och Varberg. Han vann UCI-t\u00e4vlingen Grote Prijs i \u00c5rhus<\/p>\n<p>Det visar verkligen att satsningen att bjuda in utl\u00e4ndska cyklister till svenska t\u00e4vlingar under nio dagar i st\u00e4llet f\u00f6r bara en helg slog v\u00e4l ut. Och den senaste UCI-rankingen bland juniorerna blev rolig l\u00e4sning.<\/p>\n<a href=\"https:\/\/scf.se\/cykelcross\/wp-content\/uploads\/sites\/4\/2024\/10\/Vilmer-E-1.jpg\"><img loading=\"lazy\" decoding=\"async\" class=\"alignnone size-full wp-image-1712\" src=\"https:\/\/scf.se\/cykelcross\/wp-content\/uploads\/sites\/4\/2024\/10\/Vilmer-E-1.jpg\" alt=\"\" width=\"767\" height=\"718\" srcset=\"https:\/\/scf.se\/cykelcross\/wp-content\/uploads\/sites\/4\/2024\/10\/Vilmer-E-1.jpg 767w, https:\/\/scf.se\/cykelcross\/wp-content\/uploads\/sites\/4\/2024\/10\/Vilmer-E-1-300x281.jpg 300w\" sizes=\"auto, (max-width: 767px) 100vw, 767px\" \/><\/a>\n<h3>UCI-rankingen i CX f\u00f6r juniorer<\/h3>\n<ol>\n<li>Valentin Hofer, \u00d6sterrike, 170 po\u00e4ng<\/li>\n<li>Oscar Amey, Storbritannien, 160 po\u00e4ng<\/li>\n<li>Benjamin Bravman, USA, 152 po\u00e4ng<\/li>\n<li>Garrett Beshore, USA, 150 po\u00e4ng<\/li>\n<li>Tofik Beshir, Etiopien, 140 po\u00e4ng<\/li>\n<li>Mattia Agostinacchio, Italien, 132 po\u00e4ng<\/li>\n<li><strong>Vilmer Ekman<\/strong>, Sverige, 130 po\u00e4ng<\/li>\n<li>Cas Timmermans, Nederl\u00e4nderna, 124 po\u00e4ng<\/li>\n<li>Mats Vanden Eynde, Belgien, 120 po\u00e4ng<\/li>\n<li>Krystof Bazant, Tjeckien, 120 po\u00e4ng<\/li>\n<\/ol>\n<h2>H\u00e4r \u00e4r EM-laget i CX<\/h2>\n<h3><a href=\"https:\/\/scf.se\/cykelcross\/wp-content\/uploads\/sites\/4\/2024\/10\/Mard-1.jpg\"><img loading=\"lazy\" decoding=\"async\" class=\"alignnone size-full wp-image-1711\" src=\"https:\/\/scf.se\/cykelcross\/wp-content\/uploads\/sites\/4\/2024\/10\/Mard-1.jpg\" alt=\"\" width=\"742\" height=\"893\" srcset=\"https:\/\/scf.se\/cykelcross\/wp-content\/uploads\/sites\/4\/2024\/10\/Mard-1.jpg 742w, https:\/\/scf.se\/cykelcross\/wp-content\/uploads\/sites\/4\/2024\/10\/Mard-1-249x300.jpg 249w\" sizes=\"auto, (max-width: 742px) 100vw, 742px\" \/><\/a><\/h3>\n<h3>U23 herr:<\/h3>\n<ul>\n<li><em><strong>Filip M\u00e5rd<\/strong>, L\u00e4nna Sport CK<\/em><\/li>\n<\/ul>\n<h3>Herrjunior:<\/h3>\n<ul>\n<li><em><strong>Vilmer Ekman<\/strong>, Bauhaus Cycling Team<\/em><\/li>\n<li><em><strong>Dexter Kock<\/strong>, Tyres\u00f6 CK<\/em><\/li>\n<\/ul>\n<blockquote><p>\u201dDet \u00e4r ett sp\u00e4nnande lag vi har med oss, ska bli kul att se n\u00e4r de kommer ner p\u00e5 torsdag&#8221;, s\u00e4ger Peter Vingstedt.<\/p><\/blockquote>\n<h3>S\u00e5 k\u00f6rs CX-EM<\/h3>\n<h3>S\u00f6ndag 3 november<\/h3>\n<ul>\n<li><strong>10.00:<\/strong> Herrjunior med Vilmer Ekman och Dexter Kock.<\/li>\n<li><strong>12.50:<\/strong> Herrar U23 med Filip M\u00e5rd.<\/li>\n<\/ul>\n<p><a href=\"https:\/\/www.uec.ch\/en\/event\/223\/2024-uec-cyclo-cross-jun-u23-el-european-championships\"><strong><em>L\u00e4s mera om CX-EM samt vartefter startlistor och liveresultat.<\/em><\/strong><\/a><\/p>\n<p><em>Text: SCF<\/em><br \/>\n<em>Foto: Privat och SCF<\/em><\/p>\n","protected":false},"excerpt":{"rendered":"<p>Det \u00e4r fortfarande en trio som \u00e5ker till cykelcross-EM i spanska Pontevedra den 3 november. Men U23-cyklisten Paul Greijus har best\u00e4mt sig f\u00f6r att avst\u00e5. D\u00e4rmed f\u00e5r i st\u00e4llet junioren Dexter Kock chansen. Samtidigt noterar vi att regerande svenska juniorm\u00e4staren , Vilmer Ekman, just nu \u00e4r sjua p\u00e5 UCU-rankingen. &#8221;Paul Greijus har meddelat att<a href=\"https:\/\/scf.se\/cykelcross\/vilmer-sjua-pa-juniorernas-pa-varldsranking-dexter-blixtinkallad-till-em-laget\/\" class=\"news-card__more\"> &#8230;<\/a><\/p>\n","protected":false},"author":41,"featured_media":1729,"comment_status":"open","ping_status":"open","sticky":false,"template":"","format":"standard","meta":{"_acf_changed":false,"footnotes":""},"categories":[1],"tags":[],"class_list":["post-1727","post","type-post","status-publish","format-standard","hentry","category-cykelcross"],"acf":[],"_links":{"self":[{"href":"https:\/\/scf.se\/cykelcross\/wp-json\/wp\/v2\/posts\/1727","targetHints":{"allow":["GET"]}}],"collection":[{"href":"https:\/\/scf.se\/cykelcross\/wp-json\/wp\/v2\/posts"}],"about":[{"href":"https:\/\/scf.se\/cykelcross\/wp-json\/wp\/v2\/types\/post"}],"author":[{"embeddable":true,"href":"https:\/\/scf.se\/cykelcross\/wp-json\/wp\/v2\/users\/41"}],"replies":[{"embeddable":true,"href":"https:\/\/scf.se\/cykelcross\/wp-json\/wp\/v2\/comments?post=1727"}],"version-history":[{"count":11,"href":"https:\/\/scf.se\/cykelcross\/wp-json\/wp\/v2\/posts\/1727\/revisions"}],"predecessor-version":[{"id":1758,"href":"https:\/\/scf.se\/cykelcross\/wp-json\/wp\/v2\/posts\/1727\/revisions\/1758"}],"wp:featuredmedia":[{"embeddable":true,"href":"https:\/\/scf.se\/cykelcross\/wp-json\/wp\/v2\/media\/1729"}],"wp:attachment":[{"href":"https:\/\/scf.se\/cykelcross\/wp-json\/wp\/v2\/media?parent=1727"}],"wp:term":[{"taxonomy":"category","embeddable":true,"href":"https:\/\/scf.se\/cykelcross\/wp-json\/wp\/v2\/categories?post=1727"},{"taxonomy":"post_tag","embeddable":true,"href":"https:\/\/scf.se\/cykelcross\/wp-json\/wp\/v2\/tags?post=1727"}],"curies":[{"name":"wp","href":"https:\/\/api.w.org\/{rel}","templated":true}]}}