
{"id":1708,"date":"2024-10-23T12:35:25","date_gmt":"2024-10-23T10:35:25","guid":{"rendered":"https:\/\/scf.se\/cykelcross\/?p=1708"},"modified":"2024-10-23T16:51:00","modified_gmt":"2024-10-23T14:51:00","slug":"tre-cyklister-ar-klara-for-cx-em-som-avgors-i-spanska-pontevedra","status":"publish","type":"post","link":"https:\/\/scf.se\/cykelcross\/tre-cyklister-ar-klara-for-cx-em-som-avgors-i-spanska-pontevedra\/","title":{"rendered":"Ekman, M\u00e5rd och Greijus \u00e4r klara f\u00f6r cykelcross-EM i spanska Pontevedra"},"content":{"rendered":"<p><strong>Nu \u00e4r det klart att det blir en trio som \u00e5ker till cykelcross-EM i spanska Pontevedra den 3 november. Peter Vingstedt presenterade p\u00e5 tisdagen en trupp med de b\u00e4gge U23-cyklisterna Filip M\u00e5rd och Paul Greijus samt junioren Vilmer Ekman som verkligen \u00f6vertygade p\u00e5 de fem svenska UCI C2-t\u00e4vlingarna nu senast.\u00a0<\/strong><\/p>\n<blockquote><p>\u201dDet \u00e4r ett sp\u00e4nnande lag vi har med oss, d\u00e4r samtliga har en god trendande form. Samtliga har k\u00f6rt riktigt starkt under de nio dagar vi haft h\u00e4r hemma med C2:or med riktigt h\u00e5rd konkurrens, vilket ser lovande ut. Sj\u00e4lvfallet hade vi velat ha med n\u00e5gra p\u00e5 damsidan ocks\u00e5, men som av olika sk\u00e4l avb\u00f6jt. S\u00e5 nu \u00e5ker vi ned med de som visat framf\u00f6tterna allra mest under f\u00f6reg\u00e5ende vecka\u201d, s\u00e4ger Peter Vingstedt.<\/p><\/blockquote>\n<p>Det \u00e4r ocks\u00e5 t\u00e4tt mellan MTB- och CX-s\u00e4songen s\u00e5 flera cyklister \u00e4r slitna. Vingstedt, som g\u00f6r en andra s\u00e4song som f\u00f6rbundskapten i CX, hade som m\u00e5l att \u00e5ka till EM med en trupp med fem eller sex cyklister. Efter en del \u00e5terbud fr\u00e5n vassa damjuniorer samt allra sist U23-cyklisten Ville Merl\u00f6v blir det allts\u00e5 f\u00f6ljande tre cyklister som k\u00f6r i bl\u00e5gult p\u00e5 landslagsuppdraget i Spanien som p\u00e5g\u00e5r mellan 28 oktober och 4 november.<\/p>\n<h2>H\u00e4r \u00e4r EM-laget i CX<\/h2>\n<h3>U23 herr:<\/h3>\n<a href=\"https:\/\/scf.se\/cykelcross\/wp-content\/uploads\/sites\/4\/2024\/10\/Mard-1.jpg\"><img loading=\"lazy\" decoding=\"async\" class=\"alignnone size-full wp-image-1711\" src=\"https:\/\/scf.se\/cykelcross\/wp-content\/uploads\/sites\/4\/2024\/10\/Mard-1.jpg\" alt=\"\" width=\"742\" height=\"893\" srcset=\"https:\/\/scf.se\/cykelcross\/wp-content\/uploads\/sites\/4\/2024\/10\/Mard-1.jpg 742w, https:\/\/scf.se\/cykelcross\/wp-content\/uploads\/sites\/4\/2024\/10\/Mard-1-249x300.jpg 249w\" sizes=\"auto, (max-width: 742px) 100vw, 742px\" \/><\/a>\n<ul>\n<li><em><strong>Filip M\u00e5rd<\/strong>, L\u00e4nna Sport CK<\/em><\/li>\n<\/ul>\n<a href=\"https:\/\/scf.se\/cykelcross\/wp-content\/uploads\/sites\/4\/2024\/10\/Greijus-1.jpg\"><img loading=\"lazy\" decoding=\"async\" class=\"alignnone size-full wp-image-1710\" src=\"https:\/\/scf.se\/cykelcross\/wp-content\/uploads\/sites\/4\/2024\/10\/Greijus-1.jpg\" alt=\"\" width=\"888\" height=\"925\" srcset=\"https:\/\/scf.se\/cykelcross\/wp-content\/uploads\/sites\/4\/2024\/10\/Greijus-1.jpg 888w, https:\/\/scf.se\/cykelcross\/wp-content\/uploads\/sites\/4\/2024\/10\/Greijus-1-288x300.jpg 288w, https:\/\/scf.se\/cykelcross\/wp-content\/uploads\/sites\/4\/2024\/10\/Greijus-1-768x800.jpg 768w\" sizes=\"auto, (max-width: 888px) 100vw, 888px\" \/><\/a>\n<ul>\n<li><em><strong>Paul Greijus<\/strong>, Bauhaus Cycling Team<\/em><\/li>\n<\/ul>\n<h3>Herrjunior:<\/h3>\n<a href=\"https:\/\/scf.se\/cykelcross\/wp-content\/uploads\/sites\/4\/2024\/10\/Vilmer-E-1.jpg\"><img loading=\"lazy\" decoding=\"async\" class=\"alignnone size-full wp-image-1712\" src=\"https:\/\/scf.se\/cykelcross\/wp-content\/uploads\/sites\/4\/2024\/10\/Vilmer-E-1.jpg\" alt=\"\" width=\"767\" height=\"718\" srcset=\"https:\/\/scf.se\/cykelcross\/wp-content\/uploads\/sites\/4\/2024\/10\/Vilmer-E-1.jpg 767w, https:\/\/scf.se\/cykelcross\/wp-content\/uploads\/sites\/4\/2024\/10\/Vilmer-E-1-300x281.jpg 300w\" sizes=\"auto, (max-width: 767px) 100vw, 767px\" \/><\/a>\n<ul>\n<li><em><strong>Vilmer Ekman<\/strong>, Bauhaus Cycling Team<\/em><\/li>\n<\/ul>\n<p>En junior som minst sagt visade form under de fem starterna i de UCI C2-loppen i T\u00e4by, Falun och Varberg var Vilmer Ekman. Han radade upp andraplatser och det var allt s\u00e5 oftast bara sekunder upp till den b\u00e4sta belgaren.<\/p>\n<p>I U23 var det framf\u00f6r allt Filip M\u00e5rd som nosade p\u00e5 topplaceringar i veckan som gick, men den regerande svenska m\u00e4staren Paul Greijus har en mycket h\u00f6g h\u00f6gstaniv\u00e5 och fanns flera g\u00e5nger med som n\u00e4st b\u00e4sta svensk i n\u00e4mnda UCI C2-lopp. S\u00e5 h\u00e4r t\u00e4vlar de tre svenskarna.<\/p>\n<h2>CX-EM i Pontevedra<\/h2>\n<h3>S\u00f6ndag 3 november<\/h3>\n<ul>\n<li><strong>10.00:<\/strong> Herrjunior med Vilmer Ekman.<\/li>\n<li><strong>12.50:<\/strong> Herrar U23 med Filip M\u00e5rd och Paul Greijus.<\/li>\n<\/ul>\n<p><a href=\"https:\/\/www.uec.ch\/en\/event\/223\/2024-uec-cyclo-cross-jun-u23-el-european-championships\"><strong><em>L\u00e4s mera om CX-EM samt vartefter startlistor och liveresultat.<\/em><\/strong><\/a><\/p>\n<p><em>Text: SCF<\/em><br \/>\n<em>Foto: Nizze Gustavsson\/SCF<\/em><\/p>\n","protected":false},"excerpt":{"rendered":"<p>Nu \u00e4r det klart att det blir en trio som \u00e5ker till cykelcross-EM i spanska Pontevedra den 3 november. Peter Vingstedt presenterade p\u00e5 tisdagen en trupp med de b\u00e4gge U23-cyklisterna Filip M\u00e5rd och Paul Greijus samt junioren Vilmer Ekman som verkligen \u00f6vertygade p\u00e5 de fem svenska UCI C2-t\u00e4vlingarna nu senast.\u00a0 \u201dDet \u00e4r ett sp\u00e4nnande<a href=\"https:\/\/scf.se\/cykelcross\/tre-cyklister-ar-klara-for-cx-em-som-avgors-i-spanska-pontevedra\/\" class=\"news-card__more\"> &#8230;<\/a><\/p>\n","protected":false},"author":41,"featured_media":1709,"comment_status":"open","ping_status":"open","sticky":false,"template":"","format":"standard","meta":{"_acf_changed":false,"footnotes":""},"categories":[1],"tags":[],"class_list":["post-1708","post","type-post","status-publish","format-standard","hentry","category-cykelcross"],"acf":[],"_links":{"self":[{"href":"https:\/\/scf.se\/cykelcross\/wp-json\/wp\/v2\/posts\/1708","targetHints":{"allow":["GET"]}}],"collection":[{"href":"https:\/\/scf.se\/cykelcross\/wp-json\/wp\/v2\/posts"}],"about":[{"href":"https:\/\/scf.se\/cykelcross\/wp-json\/wp\/v2\/types\/post"}],"author":[{"embeddable":true,"href":"https:\/\/scf.se\/cykelcross\/wp-json\/wp\/v2\/users\/41"}],"replies":[{"embeddable":true,"href":"https:\/\/scf.se\/cykelcross\/wp-json\/wp\/v2\/comments?post=1708"}],"version-history":[{"count":13,"href":"https:\/\/scf.se\/cykelcross\/wp-json\/wp\/v2\/posts\/1708\/revisions"}],"predecessor-version":[{"id":1725,"href":"https:\/\/scf.se\/cykelcross\/wp-json\/wp\/v2\/posts\/1708\/revisions\/1725"}],"wp:featuredmedia":[{"embeddable":true,"href":"https:\/\/scf.se\/cykelcross\/wp-json\/wp\/v2\/media\/1709"}],"wp:attachment":[{"href":"https:\/\/scf.se\/cykelcross\/wp-json\/wp\/v2\/media?parent=1708"}],"wp:term":[{"taxonomy":"category","embeddable":true,"href":"https:\/\/scf.se\/cykelcross\/wp-json\/wp\/v2\/categories?post=1708"},{"taxonomy":"post_tag","embeddable":true,"href":"https:\/\/scf.se\/cykelcross\/wp-json\/wp\/v2\/tags?post=1708"}],"curies":[{"name":"wp","href":"https:\/\/api.w.org\/{rel}","templated":true}]}}