
{"id":1664,"date":"2024-10-20T20:18:12","date_gmt":"2024-10-20T18:18:12","guid":{"rendered":"https:\/\/scf.se\/cykelcross\/?p=1664"},"modified":"2024-10-21T06:01:39","modified_gmt":"2024-10-21T04:01:39","slug":"cx-superveckan-avslutades-i-varberg-med-vassa-lopp-av-unga-svenskar","status":"publish","type":"post","link":"https:\/\/scf.se\/cykelcross\/cx-superveckan-avslutades-i-varberg-med-vassa-lopp-av-unga-svenskar\/","title":{"rendered":"CX-supervecka avslutades i Varberg \u2013 med vassa lopp av unga cyklister"},"content":{"rendered":"<p><strong>Under helgen avslutade den svenska CX-superveckan med tv\u00e5 SWE Cup-t\u00e4vlingar i Varberg, tillika UCI C2 i junior och seniorelit. Det var fina t\u00e4vlingar d\u00e4r enbart \u00e5kriktningen skilde fr\u00e5n l\u00f6rdagen och s\u00f6ndagen. I de fyra UCI-klasserna var det Vilmer Ekman med tv\u00e5 silver och Linnea Nilsson med lika m\u00e5nga brons som fick kliva upp p\u00e5 podiet. M\u00e5nga vassa lopp \u00e4ven i ungdomsklasserna d\u00e4r vi hade ett eget bildextra p\u00e5 s\u00f6ndagen.<\/strong><\/p>\n<a href=\"https:\/\/scf.se\/cykelcross\/wp-content\/uploads\/sites\/4\/2024\/10\/UngdomsondagCX4.jpg\"><img loading=\"lazy\" decoding=\"async\" class=\"alignnone size-full wp-image-1676\" src=\"https:\/\/scf.se\/cykelcross\/wp-content\/uploads\/sites\/4\/2024\/10\/UngdomsondagCX4.jpg\" alt=\"\" width=\"918\" height=\"824\" srcset=\"https:\/\/scf.se\/cykelcross\/wp-content\/uploads\/sites\/4\/2024\/10\/UngdomsondagCX4.jpg 918w, https:\/\/scf.se\/cykelcross\/wp-content\/uploads\/sites\/4\/2024\/10\/UngdomsondagCX4-300x269.jpg 300w, https:\/\/scf.se\/cykelcross\/wp-content\/uploads\/sites\/4\/2024\/10\/UngdomsondagCX4-768x689.jpg 768w\" sizes=\"auto, (max-width: 918px) 100vw, 918px\" \/><\/a>\u00a0<a href=\"https:\/\/scf.se\/cykelcross\/wp-content\/uploads\/sites\/4\/2024\/10\/CX-lordagenb4.jpg\"><img loading=\"lazy\" decoding=\"async\" class=\"alignnone size-full wp-image-1684\" src=\"https:\/\/scf.se\/cykelcross\/wp-content\/uploads\/sites\/4\/2024\/10\/CX-lordagenb4.jpg\" alt=\"\" width=\"938\" height=\"931\" srcset=\"https:\/\/scf.se\/cykelcross\/wp-content\/uploads\/sites\/4\/2024\/10\/CX-lordagenb4.jpg 938w, https:\/\/scf.se\/cykelcross\/wp-content\/uploads\/sites\/4\/2024\/10\/CX-lordagenb4-300x298.jpg 300w, https:\/\/scf.se\/cykelcross\/wp-content\/uploads\/sites\/4\/2024\/10\/CX-lordagenb4-150x150.jpg 150w, https:\/\/scf.se\/cykelcross\/wp-content\/uploads\/sites\/4\/2024\/10\/CX-lordagenb4-768x762.jpg 768w\" sizes=\"auto, (max-width: 938px) 100vw, 938px\" \/><\/a> <a href=\"https:\/\/scf.se\/cykelcross\/wp-content\/uploads\/sites\/4\/2024\/10\/CX-lordagenb5.jpg\"><img loading=\"lazy\" decoding=\"async\" class=\"alignnone size-full wp-image-1683\" src=\"https:\/\/scf.se\/cykelcross\/wp-content\/uploads\/sites\/4\/2024\/10\/CX-lordagenb5.jpg\" alt=\"\" width=\"1146\" height=\"954\" srcset=\"https:\/\/scf.se\/cykelcross\/wp-content\/uploads\/sites\/4\/2024\/10\/CX-lordagenb5.jpg 1146w, https:\/\/scf.se\/cykelcross\/wp-content\/uploads\/sites\/4\/2024\/10\/CX-lordagenb5-300x250.jpg 300w, https:\/\/scf.se\/cykelcross\/wp-content\/uploads\/sites\/4\/2024\/10\/CX-lordagenb5-1024x852.jpg 1024w, https:\/\/scf.se\/cykelcross\/wp-content\/uploads\/sites\/4\/2024\/10\/CX-lordagenb5-768x639.jpg 768w\" sizes=\"auto, (max-width: 1146px) 100vw, 1146px\" \/><\/a> <a href=\"https:\/\/scf.se\/cykelcross\/wp-content\/uploads\/sites\/4\/2024\/10\/CX-lordagenb6.jpg\"><img loading=\"lazy\" decoding=\"async\" class=\"alignnone size-full wp-image-1682\" src=\"https:\/\/scf.se\/cykelcross\/wp-content\/uploads\/sites\/4\/2024\/10\/CX-lordagenb6.jpg\" alt=\"\" width=\"910\" height=\"1103\" srcset=\"https:\/\/scf.se\/cykelcross\/wp-content\/uploads\/sites\/4\/2024\/10\/CX-lordagenb6.jpg 910w, https:\/\/scf.se\/cykelcross\/wp-content\/uploads\/sites\/4\/2024\/10\/CX-lordagenb6-248x300.jpg 248w, https:\/\/scf.se\/cykelcross\/wp-content\/uploads\/sites\/4\/2024\/10\/CX-lordagenb6-845x1024.jpg 845w, https:\/\/scf.se\/cykelcross\/wp-content\/uploads\/sites\/4\/2024\/10\/CX-lordagenb6-768x931.jpg 768w\" sizes=\"auto, (max-width: 910px) 100vw, 910px\" \/><\/a> <a href=\"https:\/\/scf.se\/cykelcross\/wp-content\/uploads\/sites\/4\/2024\/10\/CX-lordagenb7.jpg\"><img loading=\"lazy\" decoding=\"async\" class=\"alignnone size-full wp-image-1681\" src=\"https:\/\/scf.se\/cykelcross\/wp-content\/uploads\/sites\/4\/2024\/10\/CX-lordagenb7.jpg\" alt=\"\" width=\"960\" height=\"1280\" srcset=\"https:\/\/scf.se\/cykelcross\/wp-content\/uploads\/sites\/4\/2024\/10\/CX-lordagenb7.jpg 960w, https:\/\/scf.se\/cykelcross\/wp-content\/uploads\/sites\/4\/2024\/10\/CX-lordagenb7-225x300.jpg 225w, https:\/\/scf.se\/cykelcross\/wp-content\/uploads\/sites\/4\/2024\/10\/CX-lordagenb7-768x1024.jpg 768w\" sizes=\"auto, (max-width: 960px) 100vw, 960px\" \/><\/a> <a href=\"https:\/\/scf.se\/cykelcross\/wp-content\/uploads\/sites\/4\/2024\/10\/Ungdomsondag2.jpg\"><img loading=\"lazy\" decoding=\"async\" class=\"alignnone size-full wp-image-1679\" src=\"https:\/\/scf.se\/cykelcross\/wp-content\/uploads\/sites\/4\/2024\/10\/Ungdomsondag2.jpg\" alt=\"\" width=\"1073\" height=\"874\" srcset=\"https:\/\/scf.se\/cykelcross\/wp-content\/uploads\/sites\/4\/2024\/10\/Ungdomsondag2.jpg 1073w, https:\/\/scf.se\/cykelcross\/wp-content\/uploads\/sites\/4\/2024\/10\/Ungdomsondag2-300x244.jpg 300w, https:\/\/scf.se\/cykelcross\/wp-content\/uploads\/sites\/4\/2024\/10\/Ungdomsondag2-1024x834.jpg 1024w, https:\/\/scf.se\/cykelcross\/wp-content\/uploads\/sites\/4\/2024\/10\/Ungdomsondag2-768x626.jpg 768w\" sizes=\"auto, (max-width: 1073px) 100vw, 1073px\" \/><\/a> <a href=\"https:\/\/scf.se\/cykelcross\/wp-content\/uploads\/sites\/4\/2024\/10\/UngdomsondagCX2.jpg\"><img loading=\"lazy\" decoding=\"async\" class=\"alignnone size-full wp-image-1678\" src=\"https:\/\/scf.se\/cykelcross\/wp-content\/uploads\/sites\/4\/2024\/10\/UngdomsondagCX2.jpg\" alt=\"\" width=\"748\" height=\"689\" srcset=\"https:\/\/scf.se\/cykelcross\/wp-content\/uploads\/sites\/4\/2024\/10\/UngdomsondagCX2.jpg 748w, https:\/\/scf.se\/cykelcross\/wp-content\/uploads\/sites\/4\/2024\/10\/UngdomsondagCX2-300x276.jpg 300w\" sizes=\"auto, (max-width: 748px) 100vw, 748px\" \/><\/a> <a href=\"https:\/\/scf.se\/cykelcross\/wp-content\/uploads\/sites\/4\/2024\/10\/UngdomsondagCX3.jpg\"><img loading=\"lazy\" decoding=\"async\" class=\"alignnone size-full wp-image-1677\" src=\"https:\/\/scf.se\/cykelcross\/wp-content\/uploads\/sites\/4\/2024\/10\/UngdomsondagCX3.jpg\" alt=\"\" width=\"1108\" height=\"1403\" srcset=\"https:\/\/scf.se\/cykelcross\/wp-content\/uploads\/sites\/4\/2024\/10\/UngdomsondagCX3.jpg 1108w, https:\/\/scf.se\/cykelcross\/wp-content\/uploads\/sites\/4\/2024\/10\/UngdomsondagCX3-237x300.jpg 237w, https:\/\/scf.se\/cykelcross\/wp-content\/uploads\/sites\/4\/2024\/10\/UngdomsondagCX3-809x1024.jpg 809w, https:\/\/scf.se\/cykelcross\/wp-content\/uploads\/sites\/4\/2024\/10\/UngdomsondagCX3-768x972.jpg 768w\" sizes=\"auto, (max-width: 1108px) 100vw, 1108px\" \/><\/a>\n<a href=\"https:\/\/scf.se\/cykelcross\/wp-content\/uploads\/sites\/4\/2024\/10\/CX-lordagenb3.jpg\"><img loading=\"lazy\" decoding=\"async\" class=\"alignnone size-full wp-image-1685\" src=\"https:\/\/scf.se\/cykelcross\/wp-content\/uploads\/sites\/4\/2024\/10\/CX-lordagenb3.jpg\" alt=\"\" width=\"1021\" height=\"883\" srcset=\"https:\/\/scf.se\/cykelcross\/wp-content\/uploads\/sites\/4\/2024\/10\/CX-lordagenb3.jpg 1021w, https:\/\/scf.se\/cykelcross\/wp-content\/uploads\/sites\/4\/2024\/10\/CX-lordagenb3-300x259.jpg 300w, https:\/\/scf.se\/cykelcross\/wp-content\/uploads\/sites\/4\/2024\/10\/CX-lordagenb3-768x664.jpg 768w\" sizes=\"auto, (max-width: 1021px) 100vw, 1021px\" \/><\/a>\n<p>Filip M\u00e5rd gjorde ocks\u00e5 ett nytt bra lopp p\u00e5 l\u00f6rdagen i seniorelit. Noteras att meriterade dansken Daniel Weis Nielsen, som har f\u00e5tt rej\u00e4lt med motst\u00e5nd under juniortiden n\u00e4r han har k\u00f6rt i Sverige, nu vann b\u00e4gge dagarnas lopp. Noteras att Ville Merl\u00f6v, som var nummer 13 under l\u00f6rdagen br\u00f6t s\u00f6ndagens lopp efter tre varv, liksom Paul Greijus.<\/p>\n<p>\u00c5sa-Maria Erlandsson var bara 2.19 fr\u00e5n t\u00e4ten i damelit p\u00e5 s\u00f6ndagen och inte mycket mer under l\u00f6rdagen d\u00e5 hon ocks\u00e5 var f\u00f6re Emma Belforth i m\u00e5l.<\/p>\n<p>Junioren Vilmer Ekman fortsatte att rada upp andraplatser i denna internationella milj\u00f6. Och det var duktiga belgaren Lars De Nys Belgien som var sekunderna framf\u00f6r Vilmer Ekman b\u00e4gge dagarna. Bra k\u00f6rt ocks\u00e5 av s\u00e5dana som Dexter Kock och Vilmar Aastrup.<\/p>\n<p>I damjunior var det Linnea Nilsson som var vassast av svenskarna p\u00e5 den kr\u00e4vande banan. Inte ov\u00e4ntat syster Elinore Nilsson strax d\u00e4refter. Linnea var trea b\u00e4gge dagarna, p\u00e5 s\u00f6ndagen bara dryga minuten efter superdanskan Mille Foldager Nielsen som har dominerat svenska CX-superveckan d\u00e4r det vid alla fem starterna delades ut UCI-po\u00e4ng.<\/p>\n<a href=\"https:\/\/scf.se\/cykelcross\/wp-content\/uploads\/sites\/4\/2024\/10\/CX-lordagenb2.jpg\"><img loading=\"lazy\" decoding=\"async\" class=\"alignnone size-full wp-image-1686\" src=\"https:\/\/scf.se\/cykelcross\/wp-content\/uploads\/sites\/4\/2024\/10\/CX-lordagenb2.jpg\" alt=\"\" width=\"1280\" height=\"1054\" srcset=\"https:\/\/scf.se\/cykelcross\/wp-content\/uploads\/sites\/4\/2024\/10\/CX-lordagenb2.jpg 1280w, https:\/\/scf.se\/cykelcross\/wp-content\/uploads\/sites\/4\/2024\/10\/CX-lordagenb2-300x247.jpg 300w, https:\/\/scf.se\/cykelcross\/wp-content\/uploads\/sites\/4\/2024\/10\/CX-lordagenb2-1024x843.jpg 1024w, https:\/\/scf.se\/cykelcross\/wp-content\/uploads\/sites\/4\/2024\/10\/CX-lordagenb2-768x632.jpg 768w\" sizes=\"auto, (max-width: 1280px) 100vw, 1280px\" \/><\/a> <a href=\"https:\/\/scf.se\/cykelcross\/wp-content\/uploads\/sites\/4\/2024\/10\/CX-lordagenb1.jpg\"><img loading=\"lazy\" decoding=\"async\" class=\"alignnone size-full wp-image-1687\" src=\"https:\/\/scf.se\/cykelcross\/wp-content\/uploads\/sites\/4\/2024\/10\/CX-lordagenb1.jpg\" alt=\"\" width=\"900\" height=\"957\" srcset=\"https:\/\/scf.se\/cykelcross\/wp-content\/uploads\/sites\/4\/2024\/10\/CX-lordagenb1.jpg 900w, https:\/\/scf.se\/cykelcross\/wp-content\/uploads\/sites\/4\/2024\/10\/CX-lordagenb1-282x300.jpg 282w, https:\/\/scf.se\/cykelcross\/wp-content\/uploads\/sites\/4\/2024\/10\/CX-lordagenb1-768x817.jpg 768w\" sizes=\"auto, (max-width: 900px) 100vw, 900px\" \/><\/a> <a href=\"https:\/\/scf.se\/cykelcross\/wp-content\/uploads\/sites\/4\/2024\/10\/CX-lordagen9.jpg\"><img loading=\"lazy\" decoding=\"async\" class=\"alignnone size-full wp-image-1688\" src=\"https:\/\/scf.se\/cykelcross\/wp-content\/uploads\/sites\/4\/2024\/10\/CX-lordagen9.jpg\" alt=\"\" width=\"1065\" height=\"676\" srcset=\"https:\/\/scf.se\/cykelcross\/wp-content\/uploads\/sites\/4\/2024\/10\/CX-lordagen9.jpg 1065w, https:\/\/scf.se\/cykelcross\/wp-content\/uploads\/sites\/4\/2024\/10\/CX-lordagen9-300x190.jpg 300w, https:\/\/scf.se\/cykelcross\/wp-content\/uploads\/sites\/4\/2024\/10\/CX-lordagen9-1024x650.jpg 1024w, https:\/\/scf.se\/cykelcross\/wp-content\/uploads\/sites\/4\/2024\/10\/CX-lordagen9-768x487.jpg 768w\" sizes=\"auto, (max-width: 1065px) 100vw, 1065px\" \/><\/a> <a href=\"https:\/\/scf.se\/cykelcross\/wp-content\/uploads\/sites\/4\/2024\/10\/CX-lordagen8.jpg\"><img loading=\"lazy\" decoding=\"async\" class=\"alignnone size-full wp-image-1689\" src=\"https:\/\/scf.se\/cykelcross\/wp-content\/uploads\/sites\/4\/2024\/10\/CX-lordagen8.jpg\" alt=\"\" width=\"1280\" height=\"1260\" srcset=\"https:\/\/scf.se\/cykelcross\/wp-content\/uploads\/sites\/4\/2024\/10\/CX-lordagen8.jpg 1280w, https:\/\/scf.se\/cykelcross\/wp-content\/uploads\/sites\/4\/2024\/10\/CX-lordagen8-300x295.jpg 300w, https:\/\/scf.se\/cykelcross\/wp-content\/uploads\/sites\/4\/2024\/10\/CX-lordagen8-1024x1008.jpg 1024w, https:\/\/scf.se\/cykelcross\/wp-content\/uploads\/sites\/4\/2024\/10\/CX-lordagen8-768x756.jpg 768w\" sizes=\"auto, (max-width: 1280px) 100vw, 1280px\" \/><\/a> <a href=\"https:\/\/scf.se\/cykelcross\/wp-content\/uploads\/sites\/4\/2024\/10\/CX-lordagen7.jpg\"><img loading=\"lazy\" decoding=\"async\" class=\"alignnone size-full wp-image-1690\" src=\"https:\/\/scf.se\/cykelcross\/wp-content\/uploads\/sites\/4\/2024\/10\/CX-lordagen7.jpg\" alt=\"\" width=\"1280\" height=\"942\" srcset=\"https:\/\/scf.se\/cykelcross\/wp-content\/uploads\/sites\/4\/2024\/10\/CX-lordagen7.jpg 1280w, https:\/\/scf.se\/cykelcross\/wp-content\/uploads\/sites\/4\/2024\/10\/CX-lordagen7-300x221.jpg 300w, https:\/\/scf.se\/cykelcross\/wp-content\/uploads\/sites\/4\/2024\/10\/CX-lordagen7-1024x754.jpg 1024w, https:\/\/scf.se\/cykelcross\/wp-content\/uploads\/sites\/4\/2024\/10\/CX-lordagen7-768x565.jpg 768w\" sizes=\"auto, (max-width: 1280px) 100vw, 1280px\" \/><\/a> <a href=\"https:\/\/scf.se\/cykelcross\/wp-content\/uploads\/sites\/4\/2024\/10\/CX-lordagen6.jpg\"><img loading=\"lazy\" decoding=\"async\" class=\"alignnone size-full wp-image-1691\" src=\"https:\/\/scf.se\/cykelcross\/wp-content\/uploads\/sites\/4\/2024\/10\/CX-lordagen6.jpg\" alt=\"\" width=\"1815\" height=\"1205\" srcset=\"https:\/\/scf.se\/cykelcross\/wp-content\/uploads\/sites\/4\/2024\/10\/CX-lordagen6.jpg 1815w, https:\/\/scf.se\/cykelcross\/wp-content\/uploads\/sites\/4\/2024\/10\/CX-lordagen6-300x199.jpg 300w, https:\/\/scf.se\/cykelcross\/wp-content\/uploads\/sites\/4\/2024\/10\/CX-lordagen6-1024x680.jpg 1024w, https:\/\/scf.se\/cykelcross\/wp-content\/uploads\/sites\/4\/2024\/10\/CX-lordagen6-768x510.jpg 768w, https:\/\/scf.se\/cykelcross\/wp-content\/uploads\/sites\/4\/2024\/10\/CX-lordagen6-1536x1020.jpg 1536w\" sizes=\"auto, (max-width: 1815px) 100vw, 1815px\" \/><\/a> <a href=\"https:\/\/scf.se\/cykelcross\/wp-content\/uploads\/sites\/4\/2024\/10\/CX-lordagen5.jpg\"><img loading=\"lazy\" decoding=\"async\" class=\"alignnone size-full wp-image-1692\" src=\"https:\/\/scf.se\/cykelcross\/wp-content\/uploads\/sites\/4\/2024\/10\/CX-lordagen5.jpg\" alt=\"\" width=\"1303\" height=\"816\" srcset=\"https:\/\/scf.se\/cykelcross\/wp-content\/uploads\/sites\/4\/2024\/10\/CX-lordagen5.jpg 1303w, https:\/\/scf.se\/cykelcross\/wp-content\/uploads\/sites\/4\/2024\/10\/CX-lordagen5-300x188.jpg 300w, https:\/\/scf.se\/cykelcross\/wp-content\/uploads\/sites\/4\/2024\/10\/CX-lordagen5-1024x641.jpg 1024w, https:\/\/scf.se\/cykelcross\/wp-content\/uploads\/sites\/4\/2024\/10\/CX-lordagen5-768x481.jpg 768w, https:\/\/scf.se\/cykelcross\/wp-content\/uploads\/sites\/4\/2024\/10\/CX-lordagen5-740x462.jpg 740w\" sizes=\"auto, (max-width: 1303px) 100vw, 1303px\" \/><\/a>\u00a0<a href=\"https:\/\/scf.se\/cykelcross\/wp-content\/uploads\/sites\/4\/2024\/10\/CX-lordagen3.jpg\"><img loading=\"lazy\" decoding=\"async\" class=\"alignnone size-full wp-image-1694\" src=\"https:\/\/scf.se\/cykelcross\/wp-content\/uploads\/sites\/4\/2024\/10\/CX-lordagen3.jpg\" alt=\"\" width=\"1033\" height=\"632\" srcset=\"https:\/\/scf.se\/cykelcross\/wp-content\/uploads\/sites\/4\/2024\/10\/CX-lordagen3.jpg 1033w, https:\/\/scf.se\/cykelcross\/wp-content\/uploads\/sites\/4\/2024\/10\/CX-lordagen3-300x184.jpg 300w, https:\/\/scf.se\/cykelcross\/wp-content\/uploads\/sites\/4\/2024\/10\/CX-lordagen3-1024x626.jpg 1024w, https:\/\/scf.se\/cykelcross\/wp-content\/uploads\/sites\/4\/2024\/10\/CX-lordagen3-768x470.jpg 768w\" sizes=\"auto, (max-width: 1033px) 100vw, 1033px\" \/><\/a> <a href=\"https:\/\/scf.se\/cykelcross\/wp-content\/uploads\/sites\/4\/2024\/10\/CX-lordagen2.jpg\"><img loading=\"lazy\" decoding=\"async\" class=\"alignnone size-full wp-image-1695\" src=\"https:\/\/scf.se\/cykelcross\/wp-content\/uploads\/sites\/4\/2024\/10\/CX-lordagen2.jpg\" alt=\"\" width=\"910\" height=\"597\" srcset=\"https:\/\/scf.se\/cykelcross\/wp-content\/uploads\/sites\/4\/2024\/10\/CX-lordagen2.jpg 910w, https:\/\/scf.se\/cykelcross\/wp-content\/uploads\/sites\/4\/2024\/10\/CX-lordagen2-300x197.jpg 300w, https:\/\/scf.se\/cykelcross\/wp-content\/uploads\/sites\/4\/2024\/10\/CX-lordagen2-768x504.jpg 768w\" sizes=\"auto, (max-width: 910px) 100vw, 910px\" \/><\/a>\n<h3>Damelit l\u00f6rdag<\/h3>\n<ul>\n<li>1 <strong>Oda Laforce<\/strong> Norge +0:00<\/li>\n<li>2 <strong>Jinse Peeters<\/strong> Belgien +0:33<\/li>\n<li>3 <strong>Pem Hoefmans<\/strong> Nederl\u00e4nderna +0:39<\/li>\n<li>10 <strong>\u00c5sa-Maria Erlandsson<\/strong> Varbergs MTB +2:43<\/li>\n<li>12 <strong>Emma Belforth<\/strong> CK Master +4:15<\/li>\n<li>14 <strong>Ida Ossiansson<\/strong> Kv\u00e4nums IF +5:27<\/li>\n<li>15 <strong>Anna Persson<\/strong> Staffanstorp CK +6:05<\/li>\n<li>16 <strong>Anna Eriksmo<\/strong> Beijer Coaching CK +8:04<\/li>\n<li>18 <strong>Ida Ullstrand<\/strong> CK Hymer -1 varv<\/li>\n<\/ul>\n<h3>Herrelit l\u00f6rdag<\/h3>\n<ul>\n<li>1 <strong>Daniel Weis Nielsen<\/strong>, Danmark<\/li>\n<li>2 <strong>Bailey Groenendaal<\/strong>, Nederl\u00e4nderna +0:15<\/li>\n<li>3 <strong>Hannes Degenkolb<\/strong>, Tyskland +0:36<\/li>\n<li>6 <strong>Filip M\u00e5rd<\/strong>, L\u00e4nna Sport CK +1:21<\/li>\n<li>13 <strong>Ville Merl\u00f6v<\/strong>, \u00c5storps CK +2:06<\/li>\n<li>16 <strong>Andr\u00e9 Eriksson<\/strong>, Varbergs MTB +3:58<\/li>\n<li>17 <strong>Paul Greijus<\/strong>, Bauhaus Sportklubb +4:23<\/li>\n<li>20 <strong>Hugo Persson<\/strong>, M\u00f6lndals CK +6:52<\/li>\n<li>23 <strong>Simon Kell\u00e9n<\/strong>, IK Trasten +7:08<\/li>\n<li>25 <strong>Lucas Molin<\/strong>, Falu CK +7:30<\/li>\n<li>27 <strong>Rasmus Alm<\/strong>, ML Sports Club +8:01<\/li>\n<li>29 <strong>Sebastian Pettersson<\/strong>, Finsp\u00e5ngs CA -1<\/li>\n<\/ul>\n<h3>Damjunior l\u00f6rdag<\/h3>\n<ul>\n<li>1 <strong>Mille Foldager Nielsen<\/strong> Danmark +0:00<\/li>\n<li>2 <strong>Sara Aaboe Kallesrup<\/strong> Danmark +0:39<\/li>\n<li>3 <strong>Linnea Nilsson<\/strong> IK Trasten +2:37<\/li>\n<li>4 <strong>Elinore Nilsson<\/strong> IK Trasten +3:23<\/li>\n<li>7 <strong>Molly Evaldsson<\/strong> Kv\u00e4nums IF +4:36<\/li>\n<li>8 <strong>Clara Widell<\/strong> Bor\u00e5s CA +6:59<\/li>\n<li>9 <strong>Thea Persson<\/strong> Kv\u00e4nums IF +7:13<\/li>\n<li>10 <strong>Disa Molin<\/strong> Falu CK +10:56<\/li>\n<li>11 <strong>Klara Westergren<\/strong> Falu CK -1<\/li>\n<\/ul>\n<a href=\"https:\/\/scf.se\/cykelcross\/wp-content\/uploads\/sites\/4\/2024\/10\/CX-lordagen1.jpg\"><img loading=\"lazy\" decoding=\"async\" class=\"alignnone size-full wp-image-1696\" src=\"https:\/\/scf.se\/cykelcross\/wp-content\/uploads\/sites\/4\/2024\/10\/CX-lordagen1.jpg\" alt=\"\" width=\"1280\" height=\"1119\" srcset=\"https:\/\/scf.se\/cykelcross\/wp-content\/uploads\/sites\/4\/2024\/10\/CX-lordagen1.jpg 1280w, https:\/\/scf.se\/cykelcross\/wp-content\/uploads\/sites\/4\/2024\/10\/CX-lordagen1-300x262.jpg 300w, https:\/\/scf.se\/cykelcross\/wp-content\/uploads\/sites\/4\/2024\/10\/CX-lordagen1-1024x895.jpg 1024w, https:\/\/scf.se\/cykelcross\/wp-content\/uploads\/sites\/4\/2024\/10\/CX-lordagen1-768x671.jpg 768w\" sizes=\"auto, (max-width: 1280px) 100vw, 1280px\" \/><\/a>\n<h3>Herrjunior l\u00f6rdag<\/h3>\n<div class=\"flex max-w-full flex-col flex-grow\">\n<div class=\"min-h-8 text-message flex w-full flex-col items-end gap-2 whitespace-normal break-words [.text-message+&amp;]:mt-5\" dir=\"auto\" data-message-author-role=\"assistant\" data-message-id=\"06c37e80-0975-471c-944d-e29d8b5b1eb4\" data-message-model-slug=\"gpt-4o\">\n<div class=\"flex w-full flex-col gap-1 empty:hidden first:pt-[3px]\">\n<div class=\"markdown prose w-full break-words dark:prose-invert light\">\n<ul>\n<li>1 <strong>Lars De Nys<\/strong> Belgien<\/li>\n<li>2 <strong>Vilmer Ekman<\/strong> Bauhaus Sportklubb +0:06<\/li>\n<li>3 <strong>Oskar Koudal<\/strong> Danmark +0:37<\/li>\n<li>5 <strong>Dexter Kock<\/strong> Tyres\u00f6 CK +1:07<\/li>\n<li>6 <strong>Vilmar Aastrup<\/strong> Bauhaus Sportklubb +1:56<\/li>\n<li>7 <strong>Jakob Olsson<\/strong> Malm\u00f6 Cykelcross Klubb +2:10<\/li>\n<li>8 <strong>Oscar Lorentsson<\/strong> Anderstorps OK +2:14<\/li>\n<li>10 <strong>Vilgot Reinhold<\/strong> Willebrord Wil Vooruit +2:37<\/li>\n<li>11 <strong>John Temar<\/strong> IKHP Huskvarna +3:09<\/li>\n<li>13 <strong>Anton Karlsson<\/strong> Enk\u00f6pings CK +4:03<\/li>\n<li>15 <strong>Ludvig Berndt<\/strong> Malm\u00f6 Cykelcross Klubb<\/li>\n<li>16 <strong>Emil Oskarsson<\/strong> Alings\u00e5s SC +4:18<\/li>\n<li>17 <strong>Felipe Vergara<\/strong> Trollh\u00e4ttans SOK+4:51<\/li>\n<li>19 <strong>Edward Widestadh<\/strong> Malm\u00f6 Cykelcross Klubb +6:53<\/li>\n<li>20 <strong>Dante Andersson<\/strong> Kv\u00e4nums IF +8:08<\/li>\n<li>21 <strong>Gustav Nystrand<\/strong> CK Hymer +9:00<\/li>\n<li>23 <strong>Axel Tufvesson<\/strong> CK Lunedi -1 varv<\/li>\n<\/ul>\n<\/div>\n<\/div>\n<\/div>\n<\/div>\n<div class=\"mb-2 flex gap-3 empty:hidden -ml-2\"><\/div>\n<h3>Damelit s\u00f6ndag<\/h3>\n<ul>\n<li>1 <strong>Jinse Peeters<\/strong> Belgien<\/li>\n<li>2 <strong>Ann-Dorthe Lisbygd<\/strong> Danmark +0:07<\/li>\n<li>3 <strong>Xan Crees<\/strong> Storbritannien +0:44<\/li>\n<li>10 <strong>\u00c5sa Erlandsson<\/strong> Varbergs MTB +2:19<\/li>\n<li>13 <strong>Ida Ossiansson<\/strong> Kv\u00e4nums IF +4:28<\/li>\n<li>14 <strong>Anna Eriksmo<\/strong> Beijer Coaching CK +5:20<\/li>\n<li>15 <strong>Anna Persson<\/strong> Staffanstorp CK +5:33<\/li>\n<\/ul>\n<h3>Herrelit s\u00f6ndag<\/h3>\n<ul>\n<li>1 <strong>Daniel Weis Nielsen<\/strong> Danmark<\/li>\n<li>2 <strong>Bailey Groenendaal<\/strong> Nederl\u00e4nderna +0:46<\/li>\n<li>3 <strong>Hannes Degenkolb<\/strong> Tyskland +1:29<\/li>\n<li>12 <strong>Filip M\u00e5rd<\/strong> L\u00e4nna Sport CK +3:09<\/li>\n<li>19 <strong>Louis Monville<\/strong> CK Master +7:50<\/li>\n<li>21 <strong>Hugo Persson<\/strong> M\u00f6lndals CK +10:55<\/li>\n<li>22 <strong>Lucas Molin<\/strong> Falu CK +11:28<\/li>\n<li>24 <strong>Rasmus Alm<\/strong> ML Sports Club +13:01<\/li>\n<\/ul>\n<h3>Damjunior s\u00f6ndag<\/h3>\n<ul>\n<li>1 <strong>Mille Foldager Nielsen<\/strong> Danmark<\/li>\n<li>2 <strong>Sara Aaboe Kallesrup<\/strong> Danmark +0:10<\/li>\n<li>3 <strong>Linnea Nilsson<\/strong> IK Trasten +1:25<\/li>\n<li>5 <strong>Elinore Nilsson<\/strong> IK Trasten +2:45<\/li>\n<li>7 <strong>Clara Widell<\/strong> Bor\u00e5s CA +4:31<\/li>\n<li>8 <strong>Molly Evaldsson<\/strong> Kv\u00e4nums IF +4:41<\/li>\n<li>9 <strong>Klara Westergren<\/strong> Falu CK +7:34<\/li>\n<li>10 <strong>Disa Molin<\/strong> Falu CK +10:10<\/li>\n<\/ul>\n<h3>Herrjunior s\u00f6ndag<\/h3>\n<ul>\n<li>1 <strong>Lars De Nys<\/strong> Belgien<\/li>\n<li>2 <strong>Vilmer Ekman<\/strong> +0:18<\/li>\n<li>3 <strong>Jens Aksel Jorde<\/strong> Norge +0:58<\/li>\n<li>5 <strong>Vilmar Aastrup<\/strong> Bauhaus Sportklubb +1:36<\/li>\n<li>6 <strong>Jakob Olsson<\/strong> Malm\u00f6 Cykelcross Klubb +1:40<\/li>\n<li>7 <strong>Oscar Lorentsson<\/strong> Anderstorps OK +1:48<\/li>\n<li>8 <strong>Dexter Kock<\/strong> Tyres\u00f6 CK +1:55<\/li>\n<li>9 <strong>Vilgot Reinhold<\/strong> Willebrord Wil Vooruit +2:57<\/li>\n<li>11 <strong>Anton Karlsson<\/strong> Enk\u00f6pings CK +3:22<\/li>\n<li>12 <strong>John Temar<\/strong> IKHP Huskvarna +3:23<\/li>\n<li>14 <strong>Emil Oskarsson<\/strong> Alings\u00e5s SC +4:50<\/li>\n<li>15 <strong>Felipe Vergara<\/strong> Trollh\u00e4ttans Skid o Orientering +5:05<\/li>\n<li>16 <strong>Ludvig Berndt<\/strong> Malm\u00f6 Cykelcross Klubb +5:39<\/li>\n<li>17 <strong>Edward Widestadh<\/strong> Malm\u00f6 Cykelcross Klubb +6:27<\/li>\n<li>19 <strong>Axel Tufvesson<\/strong> CK Lunedi +7:04<\/li>\n<li>20 <strong>Dante Andersson<\/strong> Kv\u00e4nums IF +7:08<\/li>\n<li>21 <strong>Gustav Nystrand<\/strong> CK Hymer +8.04<\/li>\n<\/ul>\n<p>&nbsp;<\/p>\n<p>I ungdomsklasserna var s\u00e5v\u00e4l den vassa IKHP cyklisten Lilly Temar som Falu CK:s Elsa Elf Broberg f\u00f6re de b\u00e4sta utl\u00e4ndska cyklisterna i form av en duktig tysk och dansk under b\u00e4gge dagarna. Temar, som har ett guld och ett brons i XCO p\u00e5 ungdoms-EM i D13\u201314, gjorde nu sina f\u00f6rsta t\u00e4vlingar i D15\u201316 d\u00e5 exempelvis CX-SM i november g\u00e4ller 2025 \u00e5rs s\u00e4song.<\/p>\n<p>I H15\u201316 segrade CK Masters Albert Belforth b\u00e4gge dagarna. Starkt k\u00f6rt!<\/p>\n<p>I den n\u00e4rmast yngre \u00e5ldersklassen var det tunt startf\u00e4lt i flickklassen men riktigt bra dueller mellan Tilde Lingmerth, Eksj\u00f6, och Nellie Wester\u00a0 IK Rex. Och s\u00e5 segrade Oliver Jansson fr\u00e5n Malm\u00f6 Cykelcross Klubb b\u00e4gge dagarna. Just Malm\u00f6 \u00e4r v\u00e4rd f\u00f6r SWE Cup-finalhelgen som avg\u00f6rs 9\u201310 november, tillika genrep inf\u00f6r CX-SM i Ullared.<\/p>\n<a href=\"https:\/\/scf.se\/cykelcross\/wp-content\/uploads\/sites\/4\/2024\/10\/UngdomsondagCX5.jpg\"><img loading=\"lazy\" decoding=\"async\" class=\"alignnone size-full wp-image-1675\" src=\"https:\/\/scf.se\/cykelcross\/wp-content\/uploads\/sites\/4\/2024\/10\/UngdomsondagCX5.jpg\" alt=\"\" width=\"903\" height=\"464\" srcset=\"https:\/\/scf.se\/cykelcross\/wp-content\/uploads\/sites\/4\/2024\/10\/UngdomsondagCX5.jpg 903w, https:\/\/scf.se\/cykelcross\/wp-content\/uploads\/sites\/4\/2024\/10\/UngdomsondagCX5-300x154.jpg 300w, https:\/\/scf.se\/cykelcross\/wp-content\/uploads\/sites\/4\/2024\/10\/UngdomsondagCX5-768x395.jpg 768w\" sizes=\"auto, (max-width: 903px) 100vw, 903px\" \/><\/a>\n<a href=\"https:\/\/scf.se\/cykelcross\/wp-content\/uploads\/sites\/4\/2024\/10\/CXsondag1.jpg\"><img loading=\"lazy\" decoding=\"async\" class=\"alignnone size-full wp-image-1674\" src=\"https:\/\/scf.se\/cykelcross\/wp-content\/uploads\/sites\/4\/2024\/10\/CXsondag1.jpg\" alt=\"\" width=\"951\" height=\"924\" srcset=\"https:\/\/scf.se\/cykelcross\/wp-content\/uploads\/sites\/4\/2024\/10\/CXsondag1.jpg 951w, https:\/\/scf.se\/cykelcross\/wp-content\/uploads\/sites\/4\/2024\/10\/CXsondag1-300x291.jpg 300w, https:\/\/scf.se\/cykelcross\/wp-content\/uploads\/sites\/4\/2024\/10\/CXsondag1-768x746.jpg 768w\" sizes=\"auto, (max-width: 951px) 100vw, 951px\" \/><\/a>\n<a href=\"https:\/\/scf.se\/cykelcross\/wp-content\/uploads\/sites\/4\/2024\/10\/CXsondag5.jpg\"><img loading=\"lazy\" decoding=\"async\" class=\"alignnone size-full wp-image-1670\" src=\"https:\/\/scf.se\/cykelcross\/wp-content\/uploads\/sites\/4\/2024\/10\/CXsondag5.jpg\" alt=\"\" width=\"545\" height=\"687\" srcset=\"https:\/\/scf.se\/cykelcross\/wp-content\/uploads\/sites\/4\/2024\/10\/CXsondag5.jpg 545w, https:\/\/scf.se\/cykelcross\/wp-content\/uploads\/sites\/4\/2024\/10\/CXsondag5-238x300.jpg 238w\" sizes=\"auto, (max-width: 545px) 100vw, 545px\" \/><\/a>\u00a0<a href=\"https:\/\/scf.se\/cykelcross\/wp-content\/uploads\/sites\/4\/2024\/10\/CXsondag4.jpg\"><img loading=\"lazy\" decoding=\"async\" class=\"alignnone size-full wp-image-1671\" src=\"https:\/\/scf.se\/cykelcross\/wp-content\/uploads\/sites\/4\/2024\/10\/CXsondag4.jpg\" alt=\"\" width=\"1170\" height=\"1176\" srcset=\"https:\/\/scf.se\/cykelcross\/wp-content\/uploads\/sites\/4\/2024\/10\/CXsondag4.jpg 1170w, https:\/\/scf.se\/cykelcross\/wp-content\/uploads\/sites\/4\/2024\/10\/CXsondag4-298x300.jpg 298w, https:\/\/scf.se\/cykelcross\/wp-content\/uploads\/sites\/4\/2024\/10\/CXsondag4-1019x1024.jpg 1019w, https:\/\/scf.se\/cykelcross\/wp-content\/uploads\/sites\/4\/2024\/10\/CXsondag4-150x150.jpg 150w, https:\/\/scf.se\/cykelcross\/wp-content\/uploads\/sites\/4\/2024\/10\/CXsondag4-768x772.jpg 768w\" sizes=\"auto, (max-width: 1170px) 100vw, 1170px\" \/><\/a> <a href=\"https:\/\/scf.se\/cykelcross\/wp-content\/uploads\/sites\/4\/2024\/10\/CXsondag3.jpg\"><img loading=\"lazy\" decoding=\"async\" class=\"alignnone size-full wp-image-1672\" src=\"https:\/\/scf.se\/cykelcross\/wp-content\/uploads\/sites\/4\/2024\/10\/CXsondag3.jpg\" alt=\"\" width=\"1170\" height=\"1125\" srcset=\"https:\/\/scf.se\/cykelcross\/wp-content\/uploads\/sites\/4\/2024\/10\/CXsondag3.jpg 1170w, https:\/\/scf.se\/cykelcross\/wp-content\/uploads\/sites\/4\/2024\/10\/CXsondag3-300x288.jpg 300w, https:\/\/scf.se\/cykelcross\/wp-content\/uploads\/sites\/4\/2024\/10\/CXsondag3-1024x985.jpg 1024w, https:\/\/scf.se\/cykelcross\/wp-content\/uploads\/sites\/4\/2024\/10\/CXsondag3-768x738.jpg 768w\" sizes=\"auto, (max-width: 1170px) 100vw, 1170px\" \/><\/a> <a href=\"https:\/\/scf.se\/cykelcross\/wp-content\/uploads\/sites\/4\/2024\/10\/CXsondag2.jpg\"><img loading=\"lazy\" decoding=\"async\" class=\"alignnone size-full wp-image-1673\" src=\"https:\/\/scf.se\/cykelcross\/wp-content\/uploads\/sites\/4\/2024\/10\/CXsondag2.jpg\" alt=\"\" width=\"1082\" height=\"1057\" srcset=\"https:\/\/scf.se\/cykelcross\/wp-content\/uploads\/sites\/4\/2024\/10\/CXsondag2.jpg 1082w, https:\/\/scf.se\/cykelcross\/wp-content\/uploads\/sites\/4\/2024\/10\/CXsondag2-300x293.jpg 300w, https:\/\/scf.se\/cykelcross\/wp-content\/uploads\/sites\/4\/2024\/10\/CXsondag2-1024x1000.jpg 1024w, https:\/\/scf.se\/cykelcross\/wp-content\/uploads\/sites\/4\/2024\/10\/CXsondag2-768x750.jpg 768w\" sizes=\"auto, (max-width: 1082px) 100vw, 1082px\" \/><\/a> <a href=\"https:\/\/scf.se\/cykelcross\/wp-content\/uploads\/sites\/4\/2024\/10\/UngdomsondagCX4.jpg\"><img loading=\"lazy\" decoding=\"async\" class=\"alignnone size-full wp-image-1676\" src=\"https:\/\/scf.se\/cykelcross\/wp-content\/uploads\/sites\/4\/2024\/10\/UngdomsondagCX4.jpg\" alt=\"\" width=\"918\" height=\"824\" srcset=\"https:\/\/scf.se\/cykelcross\/wp-content\/uploads\/sites\/4\/2024\/10\/UngdomsondagCX4.jpg 918w, https:\/\/scf.se\/cykelcross\/wp-content\/uploads\/sites\/4\/2024\/10\/UngdomsondagCX4-300x269.jpg 300w, https:\/\/scf.se\/cykelcross\/wp-content\/uploads\/sites\/4\/2024\/10\/UngdomsondagCX4-768x689.jpg 768w\" sizes=\"auto, (max-width: 918px) 100vw, 918px\" \/><\/a> <a href=\"https:\/\/scf.se\/cykelcross\/wp-content\/uploads\/sites\/4\/2024\/10\/UngdomsondagCX3.jpg\"><img loading=\"lazy\" decoding=\"async\" class=\"alignnone size-full wp-image-1677\" src=\"https:\/\/scf.se\/cykelcross\/wp-content\/uploads\/sites\/4\/2024\/10\/UngdomsondagCX3.jpg\" alt=\"\" width=\"1108\" height=\"1403\" srcset=\"https:\/\/scf.se\/cykelcross\/wp-content\/uploads\/sites\/4\/2024\/10\/UngdomsondagCX3.jpg 1108w, https:\/\/scf.se\/cykelcross\/wp-content\/uploads\/sites\/4\/2024\/10\/UngdomsondagCX3-237x300.jpg 237w, https:\/\/scf.se\/cykelcross\/wp-content\/uploads\/sites\/4\/2024\/10\/UngdomsondagCX3-809x1024.jpg 809w, https:\/\/scf.se\/cykelcross\/wp-content\/uploads\/sites\/4\/2024\/10\/UngdomsondagCX3-768x972.jpg 768w\" sizes=\"auto, (max-width: 1108px) 100vw, 1108px\" \/><\/a> <a href=\"https:\/\/scf.se\/cykelcross\/wp-content\/uploads\/sites\/4\/2024\/10\/UngdomsondagCX2.jpg\"><img loading=\"lazy\" decoding=\"async\" class=\"alignnone size-full wp-image-1678\" src=\"https:\/\/scf.se\/cykelcross\/wp-content\/uploads\/sites\/4\/2024\/10\/UngdomsondagCX2.jpg\" alt=\"\" width=\"748\" height=\"689\" srcset=\"https:\/\/scf.se\/cykelcross\/wp-content\/uploads\/sites\/4\/2024\/10\/UngdomsondagCX2.jpg 748w, https:\/\/scf.se\/cykelcross\/wp-content\/uploads\/sites\/4\/2024\/10\/UngdomsondagCX2-300x276.jpg 300w\" sizes=\"auto, (max-width: 748px) 100vw, 748px\" \/><\/a> <a href=\"https:\/\/scf.se\/cykelcross\/wp-content\/uploads\/sites\/4\/2024\/10\/Ungdomsondag2.jpg\"><img loading=\"lazy\" decoding=\"async\" class=\"alignnone size-full wp-image-1679\" src=\"https:\/\/scf.se\/cykelcross\/wp-content\/uploads\/sites\/4\/2024\/10\/Ungdomsondag2.jpg\" alt=\"\" width=\"1073\" height=\"874\" srcset=\"https:\/\/scf.se\/cykelcross\/wp-content\/uploads\/sites\/4\/2024\/10\/Ungdomsondag2.jpg 1073w, https:\/\/scf.se\/cykelcross\/wp-content\/uploads\/sites\/4\/2024\/10\/Ungdomsondag2-300x244.jpg 300w, https:\/\/scf.se\/cykelcross\/wp-content\/uploads\/sites\/4\/2024\/10\/Ungdomsondag2-1024x834.jpg 1024w, https:\/\/scf.se\/cykelcross\/wp-content\/uploads\/sites\/4\/2024\/10\/Ungdomsondag2-768x626.jpg 768w\" sizes=\"auto, (max-width: 1073px) 100vw, 1073px\" \/><\/a>\n<ul>\n<li><a href=\"https:\/\/www.sportstiming.se\/event\/15009\/results?round=84422\"><em><strong>Alla resultat under l\u00f6rdagen i Varberg hittar ni h\u00e4r!<\/strong><\/em><\/a><\/li>\n<li><a href=\"https:\/\/www.sportstiming.se\/event\/15016\/results?round=84457\"><em><strong>Alla resultat under s\u00f6ndagen i Varberg hittar ni h\u00e4r!<\/strong><\/em><\/a><\/li>\n<\/ul>\n<p>N\u00e4r det g\u00e4ller de junior- och seniorelit i SWE Cup-totalen ser Anna Eriksmo kunna se till att det blir svensk totalseger \u00e4ven i damelit.<\/p>\n<p>P\u00e5 juniorsidan har Vilmer Ekman avgjort p\u00e5 herrsidan medan\u00a0Clara Widell, Bor\u00e5s CA, som leder i damjunior \u00e4r en jagad cyklist inf\u00f6r Malm\u00f6helgen, se nedan!<\/p>\n<ul>\n<li><a href=\"https:\/\/www.sportstiming.se\/event\/15016\/points\"><em><strong>Alla utdelade po\u00e4ng och placeringar i SWE Cup-totalen hittar ni h\u00e4r!<\/strong><\/em><\/a><\/li>\n<\/ul>\n<h2>T\u00e4vingsprogram CX 2024, SWE Cup och SM<\/h2>\n<ul>\n<li><strong>5\u20136 oktober:<\/strong> SWE Cup Falun, samtliga klasser.<br \/>\n<em><strong><a href=\"https:\/\/www.sportstiming.se\/event\/14972\/results\">Resultat dag 1.<\/a><br \/>\n<a href=\"https:\/\/www.sportstiming.se\/event\/14973\/results\">Resultat dag 2.<\/a><br \/>\n<\/strong><\/em><\/li>\n<li><strong>12\u201313 oktober<\/strong>: SWE Cup T\u00e4by, samtliga klasser (CX-superveckan #1 och #2 \u00e4ven UCI C2).<br \/>\n<a href=\"https:\/\/www.sportstiming.se\/event\/14915\/results\"> <em><strong>Resultat dag 1.<\/strong><\/em><\/a><br \/>\n<a href=\"https:\/\/www.sportstiming.se\/event\/14962\/results\"><em><strong>Resultat dag 2.<\/strong><\/em><\/a><\/li>\n<li><strong>16 oktober<\/strong>: SWE Cup Falun kv\u00e4llst\u00e4vling, endast junior och elit (CX-superveckan #3 \u00e4ven UCI C2).<em><strong><br \/>\n<a href=\"https:\/\/www.sportstiming.se\/event\/14974\/results\">Resultat.<\/a><\/strong><\/em><\/li>\n<li><strong>19\u201320 oktober<\/strong>: SWE Cup Varberg, samtliga klasser (CX-superveckan #4 och #5 \u00e4ven UCI C2).<em><strong><br \/>\n<\/strong><\/em><a href=\"https:\/\/www.sportstiming.se\/event\/15009\/results?round=84422\"><em><strong>Resultat dag1!<\/strong><\/em><\/a><br \/>\n<a href=\"https:\/\/www.sportstiming.se\/event\/15016\/results?round=84457\"><em><strong>Resultat dag 2!<\/strong><\/em><\/a><\/li>\n<li><strong>9\u201310 november<\/strong>: SWE Cup Malm\u00f6, samtliga klasser.<br \/>\n<em><strong><a href=\"https:\/\/www.sportstiming.se\/event\/15246\"> Info och anm\u00e4lan dag 1.<\/a><br \/>\n<a href=\"https:\/\/www.sportstiming.se\/event\/15248\">Info och anm\u00e4lan dag 2.<\/a><br \/>\n<\/strong><\/em><\/li>\n<li><strong>23\u201324 november<\/strong>: SM Ullared.\u00a0<em><strong><br \/>\n<a href=\"https:\/\/www.sportstiming.se\/event\/15167\">Info och anm\u00e4lan ungdom och masters l\u00f6rdag.<\/a><\/strong><\/em><em><strong><br \/>\n<a href=\"https:\/\/www.sportstiming.se\/event\/15167\">Info och anm\u00e4lan till Ge-K\u00e5s Open Race (motionsklass s\u00f6ndag)<\/a><br \/>\n<a href=\"https:\/\/www.sportstiming.se\/event\/15167\">Info och anm\u00e4lan junior och seniorelit s\u00f6ndag.<\/a><\/strong><\/em><\/li>\n<\/ul>\n<p><em>Text: SCF<\/em><br \/>\n<em>Foto: Jerker Moodysson\/SCF<\/em><\/p>\n<hr \/>\n<a href=\"https:\/\/scf.se\/forbundet\/hjalp-oss-sprida-ny-digital-broschyr-om-motionslicensens-fordelar\/\"><img loading=\"lazy\" decoding=\"async\" class=\"alignnone size-full wp-image-7197\" src=\"https:\/\/scf.se\/forbundet\/wp-content\/uploads\/sites\/9\/2024\/03\/Kop-licens-cykelmagasinet4.jpg\" alt=\"\" width=\"2000\" height=\"655\" \/><\/a>\n","protected":false},"excerpt":{"rendered":"<p>Under helgen avslutade den svenska CX-superveckan med tv\u00e5 SWE Cup-t\u00e4vlingar i Varberg, tillika UCI C2 i junior och seniorelit. Det var fina t\u00e4vlingar d\u00e4r enbart \u00e5kriktningen skilde fr\u00e5n l\u00f6rdagen och s\u00f6ndagen. I de fyra UCI-klasserna var det Vilmer Ekman med tv\u00e5 silver och Linnea Nilsson med lika m\u00e5nga brons som fick kliva upp p\u00e5<a href=\"https:\/\/scf.se\/cykelcross\/cx-superveckan-avslutades-i-varberg-med-vassa-lopp-av-unga-svenskar\/\" class=\"news-card__more\"> &#8230;<\/a><\/p>\n","protected":false},"author":41,"featured_media":1697,"comment_status":"open","ping_status":"open","sticky":false,"template":"","format":"standard","meta":{"_acf_changed":false,"footnotes":""},"categories":[1],"tags":[],"class_list":["post-1664","post","type-post","status-publish","format-standard","hentry","category-cykelcross"],"acf":[],"_links":{"self":[{"href":"https:\/\/scf.se\/cykelcross\/wp-json\/wp\/v2\/posts\/1664","targetHints":{"allow":["GET"]}}],"collection":[{"href":"https:\/\/scf.se\/cykelcross\/wp-json\/wp\/v2\/posts"}],"about":[{"href":"https:\/\/scf.se\/cykelcross\/wp-json\/wp\/v2\/types\/post"}],"author":[{"embeddable":true,"href":"https:\/\/scf.se\/cykelcross\/wp-json\/wp\/v2\/users\/41"}],"replies":[{"embeddable":true,"href":"https:\/\/scf.se\/cykelcross\/wp-json\/wp\/v2\/comments?post=1664"}],"version-history":[{"count":16,"href":"https:\/\/scf.se\/cykelcross\/wp-json\/wp\/v2\/posts\/1664\/revisions"}],"predecessor-version":[{"id":1707,"href":"https:\/\/scf.se\/cykelcross\/wp-json\/wp\/v2\/posts\/1664\/revisions\/1707"}],"wp:featuredmedia":[{"embeddable":true,"href":"https:\/\/scf.se\/cykelcross\/wp-json\/wp\/v2\/media\/1697"}],"wp:attachment":[{"href":"https:\/\/scf.se\/cykelcross\/wp-json\/wp\/v2\/media?parent=1664"}],"wp:term":[{"taxonomy":"category","embeddable":true,"href":"https:\/\/scf.se\/cykelcross\/wp-json\/wp\/v2\/categories?post=1664"},{"taxonomy":"post_tag","embeddable":true,"href":"https:\/\/scf.se\/cykelcross\/wp-json\/wp\/v2\/tags?post=1664"}],"curies":[{"name":"wp","href":"https:\/\/api.w.org\/{rel}","templated":true}]}}