
{"id":1601,"date":"2024-10-17T13:33:33","date_gmt":"2024-10-17T11:33:33","guid":{"rendered":"https:\/\/scf.se\/cykelcross\/?p=1601"},"modified":"2024-10-18T13:29:10","modified_gmt":"2024-10-18T11:29:10","slug":"fin-kvallstavling-pa-cx-superveckan-klart-med-sista-swe-cup-i-malmo","status":"publish","type":"post","link":"https:\/\/scf.se\/cykelcross\/fin-kvallstavling-pa-cx-superveckan-klart-med-sista-swe-cup-i-malmo\/","title":{"rendered":"Fin kv\u00e4llst\u00e4vling p\u00e5 CX-superveckan \u2013 klart med sista SWE Cup i Malm\u00f6"},"content":{"rendered":"<p><strong>CX-superveckan med hela fem UCI C2-t\u00e4vlingar inom loppet av nio dagar gick vidare med test av kv\u00e4llst\u00e4vling i Falun under onsdagskv\u00e4llen. Nu v\u00e4ntar en fin avslutningshelg i Varberg. Det ocks\u00e5 klart att Malm\u00f6 9\u201310 november adderas till ett nu komplett SWE Cup-program.<\/strong><\/p>\n<p>I Falun var det endast junior- och seniorklassernas UCI C2-lopp som stod p\u00e5 programmet. Senast i T\u00e4by var de vassaste svenska CX-juniorerna riktigt bra med i internationella startf\u00e4lt. S\u00e5 var det ocks\u00e5 denna onsdagskv\u00e4ll p\u00e5 Lugnet.<\/p>\n<p>I herrjunior hade Vilmer Ekman hemmaplan denna g\u00e5ng och var, liksom b\u00e4gge dagarna\u00a0 T\u00e4by, med i segerstriden \u00e4nda in p\u00e5 upploppet. Det skilde en enda sekund upp till vassa belgaren Matteo Vanden Wijngaert. D\u00e4rmed \u00e4r det verkligen &#8221;Silver-Vilmer&#8221; efter tre andraplatser i rad p\u00e5 den svenska CX-superveckan.<\/p>\n<p>N\u00e4r det g\u00e4ller damjuniorerna var danskan Mille Foldager Nielsen starkast. Men avst\u00e5ndet ner till tv\u00e5an, f\u00f6rsta\u00e5rsjunioren Elinore Nilsson, var bara 21 sekunder. D\u00e4refter f\u00f6ljde Elin \u00c5lsj\u00f6 och Linnea Nilsson. Starkt k\u00f6rt!<\/p>\n<p>I herrelit gjorde Filip M\u00e5rd ett topplopp i den rej\u00e4lt tuffa internationella konkurrensen. Han var sexa och bara dryga minuten efter segrande belgaren Clement Horny. Ville Merl\u00f6v var n\u00e4st b\u00e4sta svensk.<\/p>\n<p>I damelit var \u00c5sa-Maria Erlandsson 2.35. Belgisk seger \u00e4ven d\u00e4r&#8230;<\/p>\n<p>&#8230;s\u00e5 h\u00e4r s\u00e5g det ut fr\u00e5n Martin Erikssons kamera (\u00e4ven bilden ovan):<\/p>\n<a href=\"https:\/\/scf.se\/cykelcross\/wp-content\/uploads\/sites\/4\/2024\/10\/MG_2298-scaled.jpg\"><img loading=\"lazy\" decoding=\"async\" class=\"alignnone size-full wp-image-1643\" src=\"https:\/\/scf.se\/cykelcross\/wp-content\/uploads\/sites\/4\/2024\/10\/MG_2298-scaled.jpg\" alt=\"\" width=\"2560\" height=\"1707\" srcset=\"https:\/\/scf.se\/cykelcross\/wp-content\/uploads\/sites\/4\/2024\/10\/MG_2298-scaled.jpg 2560w, https:\/\/scf.se\/cykelcross\/wp-content\/uploads\/sites\/4\/2024\/10\/MG_2298-300x200.jpg 300w, https:\/\/scf.se\/cykelcross\/wp-content\/uploads\/sites\/4\/2024\/10\/MG_2298-1024x683.jpg 1024w, https:\/\/scf.se\/cykelcross\/wp-content\/uploads\/sites\/4\/2024\/10\/MG_2298-768x512.jpg 768w, https:\/\/scf.se\/cykelcross\/wp-content\/uploads\/sites\/4\/2024\/10\/MG_2298-1536x1024.jpg 1536w, https:\/\/scf.se\/cykelcross\/wp-content\/uploads\/sites\/4\/2024\/10\/MG_2298-2048x1365.jpg 2048w\" sizes=\"auto, (max-width: 2560px) 100vw, 2560px\" \/><\/a> <a href=\"https:\/\/scf.se\/cykelcross\/wp-content\/uploads\/sites\/4\/2024\/10\/MG_2317-scaled.jpg\"><img loading=\"lazy\" decoding=\"async\" class=\"alignnone size-full wp-image-1644\" src=\"https:\/\/scf.se\/cykelcross\/wp-content\/uploads\/sites\/4\/2024\/10\/MG_2317-scaled.jpg\" alt=\"\" width=\"2560\" height=\"1707\" srcset=\"https:\/\/scf.se\/cykelcross\/wp-content\/uploads\/sites\/4\/2024\/10\/MG_2317-scaled.jpg 2560w, https:\/\/scf.se\/cykelcross\/wp-content\/uploads\/sites\/4\/2024\/10\/MG_2317-300x200.jpg 300w, https:\/\/scf.se\/cykelcross\/wp-content\/uploads\/sites\/4\/2024\/10\/MG_2317-1024x683.jpg 1024w, https:\/\/scf.se\/cykelcross\/wp-content\/uploads\/sites\/4\/2024\/10\/MG_2317-768x512.jpg 768w, https:\/\/scf.se\/cykelcross\/wp-content\/uploads\/sites\/4\/2024\/10\/MG_2317-1536x1024.jpg 1536w, https:\/\/scf.se\/cykelcross\/wp-content\/uploads\/sites\/4\/2024\/10\/MG_2317-2048x1365.jpg 2048w\" sizes=\"auto, (max-width: 2560px) 100vw, 2560px\" \/><\/a> <a href=\"https:\/\/scf.se\/cykelcross\/wp-content\/uploads\/sites\/4\/2024\/10\/MG_23201-scaled.jpg\"><img loading=\"lazy\" decoding=\"async\" class=\"alignnone size-full wp-image-1645\" src=\"https:\/\/scf.se\/cykelcross\/wp-content\/uploads\/sites\/4\/2024\/10\/MG_23201-scaled.jpg\" alt=\"\" width=\"2560\" height=\"1707\" srcset=\"https:\/\/scf.se\/cykelcross\/wp-content\/uploads\/sites\/4\/2024\/10\/MG_23201-scaled.jpg 2560w, https:\/\/scf.se\/cykelcross\/wp-content\/uploads\/sites\/4\/2024\/10\/MG_23201-300x200.jpg 300w, https:\/\/scf.se\/cykelcross\/wp-content\/uploads\/sites\/4\/2024\/10\/MG_23201-1024x683.jpg 1024w, https:\/\/scf.se\/cykelcross\/wp-content\/uploads\/sites\/4\/2024\/10\/MG_23201-768x512.jpg 768w, https:\/\/scf.se\/cykelcross\/wp-content\/uploads\/sites\/4\/2024\/10\/MG_23201-1536x1024.jpg 1536w, https:\/\/scf.se\/cykelcross\/wp-content\/uploads\/sites\/4\/2024\/10\/MG_23201-2048x1365.jpg 2048w\" sizes=\"auto, (max-width: 2560px) 100vw, 2560px\" \/><\/a>\n<a href=\"https:\/\/scf.se\/cykelcross\/wp-content\/uploads\/sites\/4\/2024\/10\/MG_23881-1-scaled.jpg\"><img loading=\"lazy\" decoding=\"async\" class=\"alignnone size-full wp-image-1659\" src=\"https:\/\/scf.se\/cykelcross\/wp-content\/uploads\/sites\/4\/2024\/10\/MG_23881-1-scaled.jpg\" alt=\"\" width=\"2560\" height=\"1707\" srcset=\"https:\/\/scf.se\/cykelcross\/wp-content\/uploads\/sites\/4\/2024\/10\/MG_23881-1-scaled.jpg 2560w, https:\/\/scf.se\/cykelcross\/wp-content\/uploads\/sites\/4\/2024\/10\/MG_23881-1-300x200.jpg 300w, https:\/\/scf.se\/cykelcross\/wp-content\/uploads\/sites\/4\/2024\/10\/MG_23881-1-1024x683.jpg 1024w, https:\/\/scf.se\/cykelcross\/wp-content\/uploads\/sites\/4\/2024\/10\/MG_23881-1-768x512.jpg 768w, https:\/\/scf.se\/cykelcross\/wp-content\/uploads\/sites\/4\/2024\/10\/MG_23881-1-1536x1024.jpg 1536w, https:\/\/scf.se\/cykelcross\/wp-content\/uploads\/sites\/4\/2024\/10\/MG_23881-1-2048x1365.jpg 2048w\" sizes=\"auto, (max-width: 2560px) 100vw, 2560px\" \/><\/a>\n<a href=\"https:\/\/scf.se\/cykelcross\/wp-content\/uploads\/sites\/4\/2024\/10\/MG_2424-scaled.jpg\"><img loading=\"lazy\" decoding=\"async\" class=\"alignnone size-full wp-image-1650\" src=\"https:\/\/scf.se\/cykelcross\/wp-content\/uploads\/sites\/4\/2024\/10\/MG_2424-scaled.jpg\" alt=\"\" width=\"2560\" height=\"1707\" srcset=\"https:\/\/scf.se\/cykelcross\/wp-content\/uploads\/sites\/4\/2024\/10\/MG_2424-scaled.jpg 2560w, https:\/\/scf.se\/cykelcross\/wp-content\/uploads\/sites\/4\/2024\/10\/MG_2424-300x200.jpg 300w, https:\/\/scf.se\/cykelcross\/wp-content\/uploads\/sites\/4\/2024\/10\/MG_2424-1024x683.jpg 1024w, https:\/\/scf.se\/cykelcross\/wp-content\/uploads\/sites\/4\/2024\/10\/MG_2424-768x512.jpg 768w, https:\/\/scf.se\/cykelcross\/wp-content\/uploads\/sites\/4\/2024\/10\/MG_2424-1536x1024.jpg 1536w, https:\/\/scf.se\/cykelcross\/wp-content\/uploads\/sites\/4\/2024\/10\/MG_2424-2048x1365.jpg 2048w\" sizes=\"auto, (max-width: 2560px) 100vw, 2560px\" \/><\/a>\n<a href=\"https:\/\/scf.se\/cykelcross\/wp-content\/uploads\/sites\/4\/2024\/10\/MG_24771-scaled.jpg\"><img loading=\"lazy\" decoding=\"async\" class=\"alignnone size-full wp-image-1649\" src=\"https:\/\/scf.se\/cykelcross\/wp-content\/uploads\/sites\/4\/2024\/10\/MG_24771-scaled.jpg\" alt=\"\" width=\"2560\" height=\"1707\" srcset=\"https:\/\/scf.se\/cykelcross\/wp-content\/uploads\/sites\/4\/2024\/10\/MG_24771-scaled.jpg 2560w, https:\/\/scf.se\/cykelcross\/wp-content\/uploads\/sites\/4\/2024\/10\/MG_24771-300x200.jpg 300w, https:\/\/scf.se\/cykelcross\/wp-content\/uploads\/sites\/4\/2024\/10\/MG_24771-1024x683.jpg 1024w, https:\/\/scf.se\/cykelcross\/wp-content\/uploads\/sites\/4\/2024\/10\/MG_24771-768x512.jpg 768w, https:\/\/scf.se\/cykelcross\/wp-content\/uploads\/sites\/4\/2024\/10\/MG_24771-1536x1024.jpg 1536w, https:\/\/scf.se\/cykelcross\/wp-content\/uploads\/sites\/4\/2024\/10\/MG_24771-2048x1365.jpg 2048w\" sizes=\"auto, (max-width: 2560px) 100vw, 2560px\" \/><\/a>\n<a href=\"https:\/\/scf.se\/cykelcross\/wp-content\/uploads\/sites\/4\/2024\/10\/MG_25041-1-scaled.jpg\"><img loading=\"lazy\" decoding=\"async\" class=\"alignnone size-full wp-image-1661\" src=\"https:\/\/scf.se\/cykelcross\/wp-content\/uploads\/sites\/4\/2024\/10\/MG_25041-1-scaled.jpg\" alt=\"\" width=\"1706\" height=\"2560\" srcset=\"https:\/\/scf.se\/cykelcross\/wp-content\/uploads\/sites\/4\/2024\/10\/MG_25041-1-scaled.jpg 1706w, https:\/\/scf.se\/cykelcross\/wp-content\/uploads\/sites\/4\/2024\/10\/MG_25041-1-200x300.jpg 200w, https:\/\/scf.se\/cykelcross\/wp-content\/uploads\/sites\/4\/2024\/10\/MG_25041-1-683x1024.jpg 683w, https:\/\/scf.se\/cykelcross\/wp-content\/uploads\/sites\/4\/2024\/10\/MG_25041-1-768x1152.jpg 768w, https:\/\/scf.se\/cykelcross\/wp-content\/uploads\/sites\/4\/2024\/10\/MG_25041-1-1024x1536.jpg 1024w, https:\/\/scf.se\/cykelcross\/wp-content\/uploads\/sites\/4\/2024\/10\/MG_25041-1-1365x2048.jpg 1365w\" sizes=\"auto, (max-width: 1706px) 100vw, 1706px\" \/><\/a>\n<a href=\"https:\/\/scf.se\/cykelcross\/wp-content\/uploads\/sites\/4\/2024\/10\/MG_25921-scaled.jpg\"><img loading=\"lazy\" decoding=\"async\" class=\"alignnone size-full wp-image-1648\" src=\"https:\/\/scf.se\/cykelcross\/wp-content\/uploads\/sites\/4\/2024\/10\/MG_25921-scaled.jpg\" alt=\"\" width=\"2560\" height=\"1707\" srcset=\"https:\/\/scf.se\/cykelcross\/wp-content\/uploads\/sites\/4\/2024\/10\/MG_25921-scaled.jpg 2560w, https:\/\/scf.se\/cykelcross\/wp-content\/uploads\/sites\/4\/2024\/10\/MG_25921-300x200.jpg 300w, https:\/\/scf.se\/cykelcross\/wp-content\/uploads\/sites\/4\/2024\/10\/MG_25921-1024x683.jpg 1024w, https:\/\/scf.se\/cykelcross\/wp-content\/uploads\/sites\/4\/2024\/10\/MG_25921-768x512.jpg 768w, https:\/\/scf.se\/cykelcross\/wp-content\/uploads\/sites\/4\/2024\/10\/MG_25921-1536x1024.jpg 1536w, https:\/\/scf.se\/cykelcross\/wp-content\/uploads\/sites\/4\/2024\/10\/MG_25921-2048x1365.jpg 2048w\" sizes=\"auto, (max-width: 2560px) 100vw, 2560px\" \/><\/a>\n<a href=\"https:\/\/scf.se\/cykelcross\/wp-content\/uploads\/sites\/4\/2024\/10\/MG_2688-1-scaled.jpg\"><img loading=\"lazy\" decoding=\"async\" class=\"alignnone size-full wp-image-1660\" src=\"https:\/\/scf.se\/cykelcross\/wp-content\/uploads\/sites\/4\/2024\/10\/MG_2688-1-scaled.jpg\" alt=\"\" width=\"2560\" height=\"1707\" srcset=\"https:\/\/scf.se\/cykelcross\/wp-content\/uploads\/sites\/4\/2024\/10\/MG_2688-1-scaled.jpg 2560w, https:\/\/scf.se\/cykelcross\/wp-content\/uploads\/sites\/4\/2024\/10\/MG_2688-1-300x200.jpg 300w, https:\/\/scf.se\/cykelcross\/wp-content\/uploads\/sites\/4\/2024\/10\/MG_2688-1-1024x683.jpg 1024w, https:\/\/scf.se\/cykelcross\/wp-content\/uploads\/sites\/4\/2024\/10\/MG_2688-1-768x512.jpg 768w, https:\/\/scf.se\/cykelcross\/wp-content\/uploads\/sites\/4\/2024\/10\/MG_2688-1-1536x1024.jpg 1536w, https:\/\/scf.se\/cykelcross\/wp-content\/uploads\/sites\/4\/2024\/10\/MG_2688-1-2048x1365.jpg 2048w\" sizes=\"auto, (max-width: 2560px) 100vw, 2560px\" \/><\/a><a href=\"https:\/\/scf.se\/cykelcross\/wp-content\/uploads\/sites\/4\/2024\/10\/MG_28471-scaled.jpg\"><img loading=\"lazy\" decoding=\"async\" class=\"alignnone size-full wp-image-1653\" src=\"https:\/\/scf.se\/cykelcross\/wp-content\/uploads\/sites\/4\/2024\/10\/MG_28471-scaled.jpg\" alt=\"\" width=\"1707\" height=\"2560\" srcset=\"https:\/\/scf.se\/cykelcross\/wp-content\/uploads\/sites\/4\/2024\/10\/MG_28471-scaled.jpg 1707w, https:\/\/scf.se\/cykelcross\/wp-content\/uploads\/sites\/4\/2024\/10\/MG_28471-200x300.jpg 200w, https:\/\/scf.se\/cykelcross\/wp-content\/uploads\/sites\/4\/2024\/10\/MG_28471-683x1024.jpg 683w, https:\/\/scf.se\/cykelcross\/wp-content\/uploads\/sites\/4\/2024\/10\/MG_28471-768x1152.jpg 768w, https:\/\/scf.se\/cykelcross\/wp-content\/uploads\/sites\/4\/2024\/10\/MG_28471-1024x1536.jpg 1024w, https:\/\/scf.se\/cykelcross\/wp-content\/uploads\/sites\/4\/2024\/10\/MG_28471-1365x2048.jpg 1365w\" sizes=\"auto, (max-width: 1707px) 100vw, 1707px\" \/><\/a>\n<a href=\"https:\/\/scf.se\/cykelcross\/wp-content\/uploads\/sites\/4\/2024\/10\/MG_29001-scaled.jpg\"><img loading=\"lazy\" decoding=\"async\" class=\"alignnone size-full wp-image-1652\" src=\"https:\/\/scf.se\/cykelcross\/wp-content\/uploads\/sites\/4\/2024\/10\/MG_29001-scaled.jpg\" alt=\"\" width=\"2560\" height=\"1707\" srcset=\"https:\/\/scf.se\/cykelcross\/wp-content\/uploads\/sites\/4\/2024\/10\/MG_29001-scaled.jpg 2560w, https:\/\/scf.se\/cykelcross\/wp-content\/uploads\/sites\/4\/2024\/10\/MG_29001-300x200.jpg 300w, https:\/\/scf.se\/cykelcross\/wp-content\/uploads\/sites\/4\/2024\/10\/MG_29001-1024x683.jpg 1024w, https:\/\/scf.se\/cykelcross\/wp-content\/uploads\/sites\/4\/2024\/10\/MG_29001-768x512.jpg 768w, https:\/\/scf.se\/cykelcross\/wp-content\/uploads\/sites\/4\/2024\/10\/MG_29001-1536x1024.jpg 1536w, https:\/\/scf.se\/cykelcross\/wp-content\/uploads\/sites\/4\/2024\/10\/MG_29001-2048x1365.jpg 2048w\" sizes=\"auto, (max-width: 2560px) 100vw, 2560px\" \/><\/a>\n<h2>Herrar elit<\/h2>\n<ul>\n<li>1 <strong>Clement Horny<\/strong>, Belgien<\/li>\n<li>2 <strong>Hannes Degenkolb<\/strong>, Tyskland +0:24<\/li>\n<li>3 <strong>Bailey Groendaal<\/strong>, Nederl\u00e4nderna +0:32<\/li>\n<li>6 <strong>Filip M\u00e5rd<\/strong>, L\u00e4nna Sport CK +1:15<\/li>\n<li>11 <strong>Ville Merl\u00f6v<\/strong>, \u00c5storps CK +2:56<\/li>\n<li>12 <strong>Henrik Jansson<\/strong>, Bauhaus Sportklubb +2:57<\/li>\n<li>13 <strong>Paul Greijus<\/strong>, Bauhaus Sportklubb +3:10<\/li>\n<li>16 <strong>Andreas Dahlgren<\/strong>, Borl\u00e4nge CK +4:54<\/li>\n<li>18 <strong>Lucas Molin<\/strong>, Falu Cykelklubb +6:30<\/li>\n<li>19 <strong>Martin S\u00f6derstr\u00f6m<\/strong>, BAUHAUS Sportklubb +6:50<\/li>\n<li>20 <strong>Sebastian Pettersson<\/strong>, Finsp\u00e5ngs CA +7:15<\/li>\n<\/ul>\n<h2>Damer elit<\/h2>\n<ul>\n<li>1 <strong>Jinse Peeters<\/strong>, Belgien<\/li>\n<li>2 <strong>Xan Crees<\/strong>, Storbritannien +0:01<\/li>\n<li>3 <strong>Oda Laforce<\/strong>, Norge +0:03<\/li>\n<li>10 <strong>\u00c5sa-Maria Erlandsson<\/strong>, Varbergs MTB +2:35<\/li>\n<li>11 <strong>Ida Ossiansson<\/strong>, Kv\u00e4nums IF +3:07<\/li>\n<li>12 <strong>Ida Ullstrand<\/strong>, CK Hymer -1<\/li>\n<\/ul>\n<div id=\"attachment_1615\" class=\"wp-caption alignnone\" ><a href=\"https:\/\/scf.se\/cykelcross\/wp-content\/uploads\/sites\/4\/2024\/10\/Elinore-N1.jpg\"><img loading=\"lazy\" decoding=\"async\" class=\"size-full wp-image-1615\" src=\"https:\/\/scf.se\/cykelcross\/wp-content\/uploads\/sites\/4\/2024\/10\/Elinore-N1.jpg\" alt=\"\" width=\"492\" height=\"729\" srcset=\"https:\/\/scf.se\/cykelcross\/wp-content\/uploads\/sites\/4\/2024\/10\/Elinore-N1.jpg 492w, https:\/\/scf.se\/cykelcross\/wp-content\/uploads\/sites\/4\/2024\/10\/Elinore-N1-202x300.jpg 202w\" sizes=\"auto, (max-width: 492px) 100vw, 492px\" \/><\/a><p class=\"wp-caption-text\"><em>Elinore Nilsson har k\u00f6rt v\u00e4ldigt starkt under CX-superveckan och var tv\u00e5a p\u00e5 Lugnet under onsdagskv\u00e4llen.\u00a0 Arkivbild: Privat<\/em><\/p><\/div>\n<h2>Damer junior<\/h2>\n<ul>\n<li>1 <strong>Mille Foldager Nielsen<\/strong>, Danmark<\/li>\n<li>2 <strong>Elinore Nilsson<\/strong>, IK Trasten +0:21<\/li>\n<li>3 <strong>Elin \u00c5lsj\u00f6<\/strong>, CK Uni +0:38<\/li>\n<li>4 <strong>Linnea Nilsson<\/strong>, IK Trasten +1:20<\/li>\n<li>8 <strong>Thea Persson<\/strong>, Kv\u00e4nums IF +4:46<\/li>\n<li>9 <strong>Disa Molin<\/strong>, Falu Cykelklubb +6:44<\/li>\n<li>10 <strong>Klara Westergren<\/strong>, Falu CK +7:41<\/li>\n<\/ul>\n<a href=\"https:\/\/scf.se\/cykelcross\/wp-content\/uploads\/sites\/4\/2024\/10\/Prispall-d-junior.jpg\"><img loading=\"lazy\" decoding=\"async\" class=\"alignnone size-full wp-image-1627\" src=\"https:\/\/scf.se\/cykelcross\/wp-content\/uploads\/sites\/4\/2024\/10\/Prispall-d-junior.jpg\" alt=\"\" width=\"1122\" height=\"1179\" srcset=\"https:\/\/scf.se\/cykelcross\/wp-content\/uploads\/sites\/4\/2024\/10\/Prispall-d-junior.jpg 1122w, https:\/\/scf.se\/cykelcross\/wp-content\/uploads\/sites\/4\/2024\/10\/Prispall-d-junior-285x300.jpg 285w, https:\/\/scf.se\/cykelcross\/wp-content\/uploads\/sites\/4\/2024\/10\/Prispall-d-junior-974x1024.jpg 974w, https:\/\/scf.se\/cykelcross\/wp-content\/uploads\/sites\/4\/2024\/10\/Prispall-d-junior-768x807.jpg 768w\" sizes=\"auto, (max-width: 1122px) 100vw, 1122px\" \/><\/a>\n<h2>Herrar junior<\/h2>\n<ul>\n<li>1 <strong>Matteo Vanden Wijngaert<\/strong>, Belgien<\/li>\n<li>2 <strong>Vilmer Ekman<\/strong>, Sverige +0:01<\/li>\n<li>3 <strong>Sindre Orholm-L\u00f8nseth<\/strong>, Norge +1:07<\/li>\n<li>8 <strong>Oscar Lorentsson<\/strong>, Sverige +3:52<\/li>\n<li>11 <strong>Jakob Olsson<\/strong>, Sverige +4:47<\/li>\n<li>13 <strong>Anton Karlsson<\/strong>, Sverige +5:17<\/li>\n<li>14 <strong>Dexter Kock<\/strong>, Sverige +5:58<\/li>\n<li>16 <strong>Lukas Rask<\/strong>, Sverige +7:36<\/li>\n<li>17 <strong>Emil Oskarsson<\/strong>, Sverige +8:33<\/li>\n<li>18 <strong>Edward Widestadh<\/strong>, Sverige +8:49<\/li>\n<\/ul>\n<a href=\"https:\/\/scf.se\/cykelcross\/wp-content\/uploads\/sites\/4\/2024\/10\/Prispall-junior.jpg\"><img loading=\"lazy\" decoding=\"async\" class=\"alignnone size-full wp-image-1626\" src=\"https:\/\/scf.se\/cykelcross\/wp-content\/uploads\/sites\/4\/2024\/10\/Prispall-junior.jpg\" alt=\"\" width=\"1512\" height=\"1374\" srcset=\"https:\/\/scf.se\/cykelcross\/wp-content\/uploads\/sites\/4\/2024\/10\/Prispall-junior.jpg 1512w, https:\/\/scf.se\/cykelcross\/wp-content\/uploads\/sites\/4\/2024\/10\/Prispall-junior-300x273.jpg 300w, https:\/\/scf.se\/cykelcross\/wp-content\/uploads\/sites\/4\/2024\/10\/Prispall-junior-1024x931.jpg 1024w, https:\/\/scf.se\/cykelcross\/wp-content\/uploads\/sites\/4\/2024\/10\/Prispall-junior-768x698.jpg 768w\" sizes=\"auto, (max-width: 1512px) 100vw, 1512px\" \/><\/a>\n<p>D\u00e4rmed ser det ut att kunna bli utl\u00e4ndska cyklister h\u00f6gst upp i damernas SWE Cup-sammanst\u00e4llning \u00e4ven om Malm\u00f6 gl\u00e4djande nog nu adderas med tv\u00e5 delt\u00e4vlingar som ett fint nationellt genrep inf\u00f6r SM\u00a0 Ullared.<\/p>\n<p>Filip M\u00e5rd har ett stadigt grepp om herrelitklassen. I herrjunior leder Vilmer Ekman. I damjunior \u00e4r det upplagt f\u00f6r en v\u00e4ldigt sp\u00e4nnande avslutning med just nu Alva Felldin i topp. Och i damelit<\/p>\n<ul>\n<li><a href=\"https:\/\/www.sportstiming.se\/event\/14962\/points?scoringId=2075\"><em><strong>Alla totalst\u00e4llningar i SWE Cup 2024 hittar ni h\u00e4r!<\/strong><\/em><\/a><\/li>\n<\/ul>\n<p>&nbsp;<\/p>\n<a href=\"https:\/\/scf.se\/cykelcross\/wp-content\/uploads\/sites\/4\/2023\/09\/53208488634_5fbddcf09d_k.jpg\"><img loading=\"lazy\" decoding=\"async\" class=\"alignnone size-full wp-image-1131\" src=\"https:\/\/scf.se\/cykelcross\/wp-content\/uploads\/sites\/4\/2023\/09\/53208488634_5fbddcf09d_k.jpg\" alt=\"\" width=\"2000\" height=\"1333\" srcset=\"https:\/\/scf.se\/cykelcross\/wp-content\/uploads\/sites\/4\/2023\/09\/53208488634_5fbddcf09d_k.jpg 2000w, https:\/\/scf.se\/cykelcross\/wp-content\/uploads\/sites\/4\/2023\/09\/53208488634_5fbddcf09d_k-300x200.jpg 300w, https:\/\/scf.se\/cykelcross\/wp-content\/uploads\/sites\/4\/2023\/09\/53208488634_5fbddcf09d_k-1024x682.jpg 1024w, https:\/\/scf.se\/cykelcross\/wp-content\/uploads\/sites\/4\/2023\/09\/53208488634_5fbddcf09d_k-768x512.jpg 768w, https:\/\/scf.se\/cykelcross\/wp-content\/uploads\/sites\/4\/2023\/09\/53208488634_5fbddcf09d_k-1536x1024.jpg 1536w\" sizes=\"auto, (max-width: 2000px) 100vw, 2000px\" \/><\/a>\n<p>I helgen som kommer \u00e4r det dags f\u00f6r Varbergs vackra banstr\u00e4ckning d\u00e4r \u00e5kriktningen v\u00e4nds fr\u00e5n l\u00f6rdag till s\u00f6ndag. Sedan \u00e4r SWE Cup-programmet allts\u00e5 uppdaterat med en dubbelhelg i Malm\u00f6 andra helgen i november \u2013 och \u00e4r d\u00e4rmed komplett f\u00f6r 2024. Anm\u00e4lan \u00e4r nu \u00f6ppen \u00e4ven till Malm\u00f6.<\/p>\n<h2>T\u00e4vingsprogram CX 2024, SWE Cup och SM<\/h2>\n<ul>\n<li><strong>5\u20136 oktober:<\/strong> SWE Cup Falun, samtliga klasser.<br \/>\n<em><strong><a href=\"https:\/\/www.sportstiming.se\/event\/14972\/results\">Resultat dag 1.<\/a><br \/>\n<a href=\"https:\/\/www.sportstiming.se\/event\/14973\/results\">Resultat dag 2.<\/a><br \/>\n<\/strong><\/em><\/li>\n<li><strong>12\u201313 oktober<\/strong>: SWE Cup T\u00e4by, samtliga klasser (CX-superveckan #1 och #2 \u00e4ven UCI C2).<br \/>\n<a href=\"https:\/\/www.sportstiming.se\/event\/14915\/results\"> <em><strong>Resultat dag 1.<\/strong><\/em><\/a><br \/>\n<a href=\"https:\/\/www.sportstiming.se\/event\/14962\/results\"><em><strong>Resultat dag 2.<\/strong><\/em><\/a><\/li>\n<li><strong>16 oktober<\/strong>: SWE Cup Falun kv\u00e4llst\u00e4vling, endast junior och elit (CX-superveckan #3 \u00e4ven UCI C2).<em><strong><br \/>\n<a href=\"https:\/\/www.sportstiming.se\/event\/14974\/results\">Resultat.<\/a><\/strong><\/em><\/li>\n<li><strong>19\u201320 oktober<\/strong>: SWE Cup Varberg, samtliga klasser (CX-superveckan #4 och #5 \u00e4ven UCI C2).<em><strong><br \/>\n<a href=\"https:\/\/www.sportstiming.se\/event\/15009\">Info och anm\u00e4lan dag 1.<\/a><br \/>\n<a href=\"https:\/\/www.sportstiming.se\/event\/15016\">Info och anm\u00e4lan dag 2.<\/a><\/strong><\/em><\/li>\n<li><strong>9\u201310 november<\/strong>: SWE Cup Malm\u00f6, samtliga klasser.<br \/>\n<em><strong><a href=\"https:\/\/www.sportstiming.se\/event\/15246\"> Info och anm\u00e4lan dag 1.<\/a><br \/>\n<a href=\"https:\/\/www.sportstiming.se\/event\/15248\">Info och anm\u00e4lan dag 2.<\/a><br \/>\n<\/strong><\/em><\/li>\n<li><strong>23\u201324 november<\/strong>: SM Ullared.\u00a0<em><em><strong><br \/>\n<a href=\"https:\/\/www.sportstiming.se\/event\/15167\">Info och anm\u00e4lan ungdom och masters l\u00f6rdag.<\/a><\/strong><\/em><\/em><em><em><strong><br \/>\n<a href=\"https:\/\/www.sportstiming.se\/event\/15167\">Info och anm\u00e4lan till Ge-K\u00e5s Open Race (motionsklass s\u00f6ndag)<\/a><br \/>\n<a href=\"https:\/\/www.sportstiming.se\/event\/15167\">Info och anm\u00e4lan junior och seniorelit s\u00f6ndag.<\/a><\/strong><\/em><\/em><\/li>\n<\/ul>\n<p><em>Text: SCF<\/em><br \/>\n<em>Foto<\/em><em>: Martin Eriksson, privat och SCF<\/em><\/p>\n<hr \/>\n<a href=\"https:\/\/scf.se\/forbundet\/hjalp-oss-sprida-ny-digital-broschyr-om-motionslicensens-fordelar\/\"><img loading=\"lazy\" decoding=\"async\" class=\"alignnone size-full wp-image-7197\" src=\"https:\/\/scf.se\/forbundet\/wp-content\/uploads\/sites\/9\/2024\/03\/Kop-licens-cykelmagasinet4.jpg\" alt=\"\" width=\"2000\" height=\"655\" \/><\/a>\n","protected":false},"excerpt":{"rendered":"<p>CX-superveckan med hela fem UCI C2-t\u00e4vlingar inom loppet av nio dagar gick vidare med test av kv\u00e4llst\u00e4vling i Falun under onsdagskv\u00e4llen. Nu v\u00e4ntar en fin avslutningshelg i Varberg. Det ocks\u00e5 klart att Malm\u00f6 9\u201310 november adderas till ett nu komplett SWE Cup-program. I Falun var det endast junior- och seniorklassernas UCI C2-lopp som stod<a href=\"https:\/\/scf.se\/cykelcross\/fin-kvallstavling-pa-cx-superveckan-klart-med-sista-swe-cup-i-malmo\/\" class=\"news-card__more\"> &#8230;<\/a><\/p>\n","protected":false},"author":41,"featured_media":1612,"comment_status":"open","ping_status":"open","sticky":false,"template":"","format":"standard","meta":{"_acf_changed":false,"footnotes":""},"categories":[1],"tags":[],"class_list":["post-1601","post","type-post","status-publish","format-standard","hentry","category-cykelcross"],"acf":[],"_links":{"self":[{"href":"https:\/\/scf.se\/cykelcross\/wp-json\/wp\/v2\/posts\/1601","targetHints":{"allow":["GET"]}}],"collection":[{"href":"https:\/\/scf.se\/cykelcross\/wp-json\/wp\/v2\/posts"}],"about":[{"href":"https:\/\/scf.se\/cykelcross\/wp-json\/wp\/v2\/types\/post"}],"author":[{"embeddable":true,"href":"https:\/\/scf.se\/cykelcross\/wp-json\/wp\/v2\/users\/41"}],"replies":[{"embeddable":true,"href":"https:\/\/scf.se\/cykelcross\/wp-json\/wp\/v2\/comments?post=1601"}],"version-history":[{"count":21,"href":"https:\/\/scf.se\/cykelcross\/wp-json\/wp\/v2\/posts\/1601\/revisions"}],"predecessor-version":[{"id":1662,"href":"https:\/\/scf.se\/cykelcross\/wp-json\/wp\/v2\/posts\/1601\/revisions\/1662"}],"wp:featuredmedia":[{"embeddable":true,"href":"https:\/\/scf.se\/cykelcross\/wp-json\/wp\/v2\/media\/1612"}],"wp:attachment":[{"href":"https:\/\/scf.se\/cykelcross\/wp-json\/wp\/v2\/media?parent=1601"}],"wp:term":[{"taxonomy":"category","embeddable":true,"href":"https:\/\/scf.se\/cykelcross\/wp-json\/wp\/v2\/categories?post=1601"},{"taxonomy":"post_tag","embeddable":true,"href":"https:\/\/scf.se\/cykelcross\/wp-json\/wp\/v2\/tags?post=1601"}],"curies":[{"name":"wp","href":"https:\/\/api.w.org\/{rel}","templated":true}]}}