
{"id":1553,"date":"2024-10-13T17:41:34","date_gmt":"2024-10-13T15:41:34","guid":{"rendered":"https:\/\/scf.se\/cykelcross\/?p=1553"},"modified":"2024-10-14T08:26:02","modified_gmt":"2024-10-14T06:26:02","slug":"dags-for-ungdoms-em-i-cx-avgors-i-slovakien-den-16-17-november","status":"publish","type":"post","link":"https:\/\/scf.se\/cykelcross\/dags-for-ungdoms-em-i-cx-avgors-i-slovakien-den-16-17-november\/","title":{"rendered":"Dags f\u00f6r ungdoms-EM i CX \u2013 avg\u00f6rs i Slovakien den 16\u201317 november"},"content":{"rendered":"<p><strong>Svenska CX-cyklister i \u00e5ldersklasserna 13\u201314 och 15\u201316 f\u00e5r snart m\u00f6jlighet att visa upp sina f\u00e4rdigheter p\u00e5 den internationella scenen under ungdoms-EM i cykelcross, som avg\u00f6rs i slovakiska Samorin. Svenska Cykelf\u00f6rbundet kommer inte att kunna ombes\u00f6rja med personal vid detta m\u00e4sterskap, men med lite samarbete och gemensamma krafter kan vi skapa en fantastisk upplevelse f\u00f6r alla deltagare.<\/strong><\/p>\n<p>M\u00e4sterskapet riktar sig till cyklister f\u00f6dda 2009\u20132010 (15\u201316 \u00e5r) och 2011\u20132012 (13\u201314 \u00e5r) och kommer att \u00e4ga rum i vackra Samorin, Slovakien. Trots att Svenska Cykelf\u00f6rbundet inte har m\u00f6jlighet att st\u00f6tta med personal eller resurser, uppmuntras f\u00f6r\u00e4ldrar och cyklister att samarbeta f\u00f6r att g\u00f6ra resan till ett lyckat m\u00e4sterskap.<\/p>\n<blockquote><p>&#8221;Tillsammans kan vi bidra med erfarenhet och st\u00f6d f\u00f6r att s\u00e4kerst\u00e4lla att v\u00e5ra unga cyklister f\u00e5r den b\u00e4sta m\u00f6jliga upplevelsen p\u00e5 plats&#8221;, s\u00e4ger CX-f\u00f6rbundskaptenen Peter Vingstedt.<\/p><\/blockquote>\n<p>Peter Vingstedt svarar g\u00e4rna p\u00e5 fr\u00e5gor om detta arrangemang; finns p\u00e5 <em><strong>peter.vingstedt@scf.se<\/strong> <\/em>s\u00e5 h\u00f6r han av sig.<\/p>\n<p>Vi vill ocks\u00e5 p\u00e5minna om att ni som deltar kan s\u00f6ka \u00e5terstartsst\u00f6d. Det finns m\u00f6jligheten att ans\u00f6ka om <a href=\"https:\/\/scf.se\/forbundet\/projektstod-och-aterstartsstod-2024\/\"><em><strong>\u00e5terstartsst\u00f6d f\u00f6r att t\u00e4cka delar av t\u00e4vlingskostnaderna h\u00e4r<\/strong><\/em><\/a>, se det f\u00f6rsta f\u00f6reningsst\u00f6det och punkt 4 f\u00f6r t\u00e4vlingsaktiviteter \u2013 max 5000 kronor om det finns pengar kvar i potten. S\u00e5 ta chansen och var med och samla internationell erfarenhet p\u00e5 denna sp\u00e4nnande t\u00e4vling.<\/p>\n<p>L\u00e5t oss se till att svenska cyklister f\u00e5r en stark n\u00e4rvaro i Slovakien \u2013 det h\u00e4r kan bli en fantastisk upplevelse f\u00f6r b\u00e5de unga cyklister, ledare och familjer!<\/p>\n<h3><a href=\"https:\/\/scf.se\/cykelcross\/wp-content\/uploads\/sites\/4\/2024\/10\/2024_UEC_CX_ECh-Youth_SamorinSVK_TG_v4-250924.pdf\"><em>H\u00e4r finns den tekniska guiden till UEM i Slovakien!<\/em><\/a><\/h3>\n<p><em>Text: SCF<\/em><\/p>\n<p>&nbsp;<\/p>\n","protected":false},"excerpt":{"rendered":"<p>Svenska CX-cyklister i \u00e5ldersklasserna 13\u201314 och 15\u201316 f\u00e5r snart m\u00f6jlighet att visa upp sina f\u00e4rdigheter p\u00e5 den internationella scenen under ungdoms-EM i cykelcross, som avg\u00f6rs i slovakiska Samorin. Svenska Cykelf\u00f6rbundet kommer inte att kunna ombes\u00f6rja med personal vid detta m\u00e4sterskap, men med lite samarbete och gemensamma krafter kan vi skapa en fantastisk upplevelse f\u00f6r<a href=\"https:\/\/scf.se\/cykelcross\/dags-for-ungdoms-em-i-cx-avgors-i-slovakien-den-16-17-november\/\" class=\"news-card__more\"> &#8230;<\/a><\/p>\n","protected":false},"author":41,"featured_media":933,"comment_status":"open","ping_status":"open","sticky":false,"template":"","format":"standard","meta":{"_acf_changed":false,"footnotes":""},"categories":[1],"tags":[],"class_list":["post-1553","post","type-post","status-publish","format-standard","hentry","category-cykelcross"],"acf":[],"_links":{"self":[{"href":"https:\/\/scf.se\/cykelcross\/wp-json\/wp\/v2\/posts\/1553","targetHints":{"allow":["GET"]}}],"collection":[{"href":"https:\/\/scf.se\/cykelcross\/wp-json\/wp\/v2\/posts"}],"about":[{"href":"https:\/\/scf.se\/cykelcross\/wp-json\/wp\/v2\/types\/post"}],"author":[{"embeddable":true,"href":"https:\/\/scf.se\/cykelcross\/wp-json\/wp\/v2\/users\/41"}],"replies":[{"embeddable":true,"href":"https:\/\/scf.se\/cykelcross\/wp-json\/wp\/v2\/comments?post=1553"}],"version-history":[{"count":4,"href":"https:\/\/scf.se\/cykelcross\/wp-json\/wp\/v2\/posts\/1553\/revisions"}],"predecessor-version":[{"id":1600,"href":"https:\/\/scf.se\/cykelcross\/wp-json\/wp\/v2\/posts\/1553\/revisions\/1600"}],"wp:featuredmedia":[{"embeddable":true,"href":"https:\/\/scf.se\/cykelcross\/wp-json\/wp\/v2\/media\/933"}],"wp:attachment":[{"href":"https:\/\/scf.se\/cykelcross\/wp-json\/wp\/v2\/media?parent=1553"}],"wp:term":[{"taxonomy":"category","embeddable":true,"href":"https:\/\/scf.se\/cykelcross\/wp-json\/wp\/v2\/categories?post=1553"},{"taxonomy":"post_tag","embeddable":true,"href":"https:\/\/scf.se\/cykelcross\/wp-json\/wp\/v2\/tags?post=1553"}],"curies":[{"name":"wp","href":"https:\/\/api.w.org\/{rel}","templated":true}]}}