
{"id":1543,"date":"2024-10-11T15:12:44","date_gmt":"2024-10-11T13:12:44","guid":{"rendered":"https:\/\/scf.se\/cykelcross\/?p=1543"},"modified":"2024-10-11T15:57:53","modified_gmt":"2024-10-11T13:57:53","slug":"jattefin-internationell-sparring-i-taby-nar-cx-supervecka-startar","status":"publish","type":"post","link":"https:\/\/scf.se\/cykelcross\/jattefin-internationell-sparring-i-taby-nar-cx-supervecka-startar\/","title":{"rendered":"SWE Cup v\u00e4ssas med internationell sparring p\u00e5 T\u00e4by i CX-superveckan"},"content":{"rendered":"<p><strong>Efter SWE Cup-cykelcrossens smygstart i Falun i helgen som gick trappas nu konkurrensen upp s\u00e5 det st\u00e5r h\u00e4rliga till n\u00e4r v\u00e5r svenska supervecka i cykelcross, med fem UCI-t\u00e4vlingar p\u00e5 nio dagar inleds p\u00e5 T\u00e4by. Det \u00e4r runt 40 utl\u00e4ndska cyklister med i de C2-klassade loppen som \u00e4ven ing\u00e5r i SWE Cup.<\/strong><\/p>\n<blockquote><p>&#8221;Ja, jag hoppas och tror att det blir lite mer fart i T\u00e4by d\u00e5 det \u00e4r en av t\u00e4vlingarna som ger m\u00f6jlighet att bli uttagen till EM, tv\u00e5 t\u00e4vlingsdagar med C2-status&#8221;, s\u00e4ger f\u00f6rbundskaptenen Peter Vingstedt.<\/p><\/blockquote>\n<p>Men Falun var f\u00f6rst\u00e5s en indikation om vilka av de som kom till Lugnet som har tidig CX-form nu n\u00e4r s\u00e4songerna n\u00e4stan har g\u00e5tt in i varandra. P\u00e5 bilden ovan Vilmer Ekman som vinner s\u00f6ndagens race i juniorm\u00e4startr\u00f6jan.<\/p>\n<h2>SWE Cup #1 CX l\u00f6rdag<\/h2>\n<h3>Damjunior<\/h3>\n<ol>\n<li><strong>Elin \u00c5lsj\u00f6,<\/strong> CK Uni<\/li>\n<li><strong>Alva Felldin<\/strong>, V\u00e4ster\u00e5s CK<\/li>\n<li><strong>Clara Widell<\/strong>, Bor\u00e5s CA<\/li>\n<\/ol>\n<h3>Herrjunior<\/h3>\n<ol>\n<li><strong>Nils Junker,<\/strong> Tyres\u00f6 CK<\/li>\n<li><strong>Anton Karlsson<\/strong>, Enk\u00f6pings CK<\/li>\n<li><strong>Dexter Kock,<\/strong> Tyres\u00f6 CK<\/li>\n<\/ol>\n<h3>Damelit<\/h3>\n<ol>\n<li><strong>Anna Eriksmo,<\/strong> Beijer Coaching CK<\/li>\n<li><strong>Lina Eriksson,<\/strong> Falu CK<\/li>\n<\/ol>\n<h3>Herrelit<\/h3>\n<ol>\n<li><strong>Filip M\u00e5rd,<\/strong> L\u00e4nna Sport CK<\/li>\n<li><strong>Lucas Molin<\/strong>, Falu CK<\/li>\n<li><strong>Rasmus Alm,<\/strong> ML Sports Club<\/li>\n<\/ol>\n<h2>SWE Cup #2 CX s\u00f6ndag<\/h2>\n<h3>Damjunior<\/h3>\n<ol>\n<li><strong>Alva Felldin<\/strong>, V\u00e4ster\u00e5s CK<\/li>\n<li><strong>Clara Widell<\/strong>, Bor\u00e5s CA<\/li>\n<li><strong>Ida Andersson<\/strong>, Falu CK<\/li>\n<\/ol>\n<h3>Herrjunior<\/h3>\n<ol>\n<li><strong>Vilmer Ekman<\/strong>, Bauhaus Sportklubb<\/li>\n<li><strong>Jakob Olsson,<\/strong> MCX<\/li>\n<li><strong>Vilmar Aastrup,<\/strong> Bauhaus Sportklubb<\/li>\n<\/ol>\n<h3>Damelit<\/h3>\n<ol>\n<li><strong>Anna Eriksmo,<\/strong> Beijer Coaching CK<\/li>\n<li><strong>Lina Eriksson,<\/strong> Falu CK<\/li>\n<\/ol>\n<h3>Herrelit<\/h3>\n<ol>\n<li><strong>Filip M\u00e5rd,<\/strong> L\u00e4nna Sport CK<\/li>\n<li><strong>Martin S\u00f6derstr\u00f6m<\/strong>, Bauhaus Sportklubb<\/li>\n<li><strong>Sebastian Pettersson<\/strong>, Finsp\u00e5ngs CK<\/li>\n<\/ol>\n<ul>\n<li><a href=\"https:\/\/www.sportstiming.se\/event\/14973\/results\"><em><strong>Alla resultat fr\u00e5n SWE Cup-premi\u00e4rhelgen i Falun h\u00e4r!<\/strong><\/em><\/a><\/li>\n<\/ul>\n<h3>* * *<\/h3>\n<a href=\"https:\/\/scf.se\/cykelcross\/wp-content\/uploads\/sites\/4\/2023\/10\/BildspelTel2.jpg\"><img loading=\"lazy\" decoding=\"async\" class=\"alignnone size-full wp-image-1214\" src=\"https:\/\/scf.se\/cykelcross\/wp-content\/uploads\/sites\/4\/2023\/10\/BildspelTel2.jpg\" alt=\"\" width=\"1588\" height=\"1093\" srcset=\"https:\/\/scf.se\/cykelcross\/wp-content\/uploads\/sites\/4\/2023\/10\/BildspelTel2.jpg 1588w, https:\/\/scf.se\/cykelcross\/wp-content\/uploads\/sites\/4\/2023\/10\/BildspelTel2-300x206.jpg 300w, https:\/\/scf.se\/cykelcross\/wp-content\/uploads\/sites\/4\/2023\/10\/BildspelTel2-1024x705.jpg 1024w, https:\/\/scf.se\/cykelcross\/wp-content\/uploads\/sites\/4\/2023\/10\/BildspelTel2-768x529.jpg 768w, https:\/\/scf.se\/cykelcross\/wp-content\/uploads\/sites\/4\/2023\/10\/BildspelTel2-1536x1057.jpg 1536w\" sizes=\"auto, (max-width: 1588px) 100vw, 1588px\" \/><\/a>\n<p>Det \u00e4r riktigt kul att se hur m\u00e5nga utl\u00e4ndska deltagare som vill jaga UCI-po\u00e4ng och p\u00e5 k\u00f6pet ge v\u00e4ldigt vass sparring till v\u00e5ra svenska cyklister p\u00e5 Stockholm Cyclocross Weekend, Fristads CX med tv\u00e5 t\u00e4vlingsdagar som b\u00e5da har C2-status.<\/p>\n<p>I herrelit \u00e4r det exempelvis fem belgare, fyra danska cyklister samt tv\u00e5 fr\u00e5n vardera Frankrike och Nederl\u00e4nderna anm\u00e4lda. Av v\u00e5ra flitigt t\u00e4vlande U23-cyklister tillkommer exempelvis Paul Greijus, som alltid brukar cykla bra p\u00e5 hemmaplan n\u00e4r det g\u00e4ller CX i T\u00e4by, och Ville Merl\u00f6v.<\/p>\n<p>Gl\u00e4djande att det i \u00e5r \u00e4ven \u00e4r m\u00e5nga damer fr\u00e5n l\u00e4nder som Belgien och Nederl\u00e4nderna, \u00e4ven i juniorklassen d\u00e4r flera vassa svenska cyklister f\u00e5r k\u00e4nna p\u00e5 motst\u00e5nd fr\u00e5n flera duktiga cyklister fr\u00e5n Belgien, Frankrike och Danmark.<\/p>\n<p>Totalt \u00e4r det runt 160 anm\u00e4lda per varav drygt en fj\u00e4rdedel fr\u00e5n andra l\u00e4nder \u00e4n Sverige.<\/p>\n<p>I konceptet f\u00f6rsta helgen ing\u00e5r After Bike p\u00e5 restaurang Taverna Una, bel\u00e4gen i gamla huvudl\u00e4ktaren p\u00e5 T\u00e4by galopp. Man kan \u00e4ven \u00e4ta lunch och middag d\u00e4r, plus att det f\u00f6rst\u00e5s \u00e4r det mest bekv\u00e4ma st\u00e4llet att f\u00f6lja t\u00e4vlingarna p\u00e5.<\/p>\n<p>Den svenska CX-superveckan forts\u00e4tter sedan med en kv\u00e4llst\u00e4vling p\u00e5 Lugnet under onsdagskv\u00e4llen och avslutas i helgen p\u00e5 den s\u00e5 vackert bel\u00e4gna CX-banan i Varberg.<\/p>\n<h2>Svenska CX-superveckan<\/h2>\n<ul>\n<li><strong>12 oktober:<\/strong> Stockholm Cyclocross Weekend i T\u00e4by. Fristads CX dag 1. UCI C2-status f\u00f6r seniorelit och junior b\u00e4gge dagarna. \u00d6vriga nationell niv\u00e5.<\/li>\n<li><strong>13 oktober:<\/strong> Stockholm Cyclocross Weekend i T\u00e4by. Fristads CX dag , samma uppl\u00e4gg som ovan.<br \/>\n<a href=\"https:\/\/www.sportstiming.se\/event\/14962\"><em><strong>Mera info och anm\u00e4lan T\u00e4by, st\u00e4nger helt f\u00f6rst l\u00f6rdag kl 14.<\/strong><\/em><\/a><\/li>\n<li><strong>16 oktober:<\/strong> Hagstr\u00f6mska CX i Falun.\u00a0 UCI C2-status f\u00f6r seniorelit och junior. \u00d6vriga nationell niv\u00e5.<br \/>\n<a href=\"https:\/\/www.sportstiming.se\/event\/14973\"><em><strong>Mera info och anm\u00e4lan Hagstr\u00f6mska.<\/strong><\/em><\/a><\/li>\n<li><strong>19 oktober:<\/strong> Varberg Cyclocross UCI C2 dag 1. Det \u00e4r med andra ord UCI C2-status f\u00f6r seniorelit och junior \u00e4ven i Varberg. \u00d6vriga klasser har nationell niv\u00e5.<br \/>\n<a href=\"https:\/\/www.sportstiming.se\/event\/15009\"><em><strong>Mera info och anm\u00e4lan dag 1 Varberg.<\/strong><\/em><\/a><\/li>\n<li><strong>20 oktober:<\/strong> Varberg Cyclocross UCI C2 dag 1, samma uppl\u00e4gg som ovan.<br \/>\n<a href=\"https:\/\/www.sportstiming.se\/event\/15016\"><em><strong>Mera info och anm\u00e4lan dag 2 Varberg.<\/strong><\/em><\/a><\/li>\n<\/ul>\n<p><em>Text: SCF<\/em><br \/>\n<em>Foto: Privat<\/em><\/p>\n<p>&nbsp;<\/p>\n","protected":false},"excerpt":{"rendered":"<p>Efter SWE Cup-cykelcrossens smygstart i Falun i helgen som gick trappas nu konkurrensen upp s\u00e5 det st\u00e5r h\u00e4rliga till n\u00e4r v\u00e5r svenska supervecka i cykelcross, med fem UCI-t\u00e4vlingar p\u00e5 nio dagar inleds p\u00e5 T\u00e4by. Det \u00e4r runt 40 utl\u00e4ndska cyklister med i de C2-klassade loppen som \u00e4ven ing\u00e5r i SWE Cup. &#8221;Ja, jag hoppas<a href=\"https:\/\/scf.se\/cykelcross\/jattefin-internationell-sparring-i-taby-nar-cx-supervecka-startar\/\" class=\"news-card__more\"> &#8230;<\/a><\/p>\n","protected":false},"author":41,"featured_media":1546,"comment_status":"open","ping_status":"open","sticky":false,"template":"","format":"standard","meta":{"_acf_changed":false,"footnotes":""},"categories":[1],"tags":[],"class_list":["post-1543","post","type-post","status-publish","format-standard","hentry","category-cykelcross"],"acf":[],"_links":{"self":[{"href":"https:\/\/scf.se\/cykelcross\/wp-json\/wp\/v2\/posts\/1543","targetHints":{"allow":["GET"]}}],"collection":[{"href":"https:\/\/scf.se\/cykelcross\/wp-json\/wp\/v2\/posts"}],"about":[{"href":"https:\/\/scf.se\/cykelcross\/wp-json\/wp\/v2\/types\/post"}],"author":[{"embeddable":true,"href":"https:\/\/scf.se\/cykelcross\/wp-json\/wp\/v2\/users\/41"}],"replies":[{"embeddable":true,"href":"https:\/\/scf.se\/cykelcross\/wp-json\/wp\/v2\/comments?post=1543"}],"version-history":[{"count":8,"href":"https:\/\/scf.se\/cykelcross\/wp-json\/wp\/v2\/posts\/1543\/revisions"}],"predecessor-version":[{"id":1552,"href":"https:\/\/scf.se\/cykelcross\/wp-json\/wp\/v2\/posts\/1543\/revisions\/1552"}],"wp:featuredmedia":[{"embeddable":true,"href":"https:\/\/scf.se\/cykelcross\/wp-json\/wp\/v2\/media\/1546"}],"wp:attachment":[{"href":"https:\/\/scf.se\/cykelcross\/wp-json\/wp\/v2\/media?parent=1543"}],"wp:term":[{"taxonomy":"category","embeddable":true,"href":"https:\/\/scf.se\/cykelcross\/wp-json\/wp\/v2\/categories?post=1543"},{"taxonomy":"post_tag","embeddable":true,"href":"https:\/\/scf.se\/cykelcross\/wp-json\/wp\/v2\/tags?post=1543"}],"curies":[{"name":"wp","href":"https:\/\/api.w.org\/{rel}","templated":true}]}}